{"id":536,"date":"2024-11-20T14:00:24","date_gmt":"2024-11-20T13:00:24","guid":{"rendered":"https:\/\/monde25.info\/index.php\/2024\/11\/20\/guerre-point-de-situation-a-2-doigts-de-la-catastrophe-majeure-ledito-de-charles-sannat-les-moutons-enrages\/"},"modified":"2024-11-20T14:00:24","modified_gmt":"2024-11-20T13:00:24","slug":"guerre-point-de-situation-a-2-doigts-de-la-catastrophe-majeure-ledito-de-charles-sannat-les-moutons-enrages","status":"publish","type":"post","link":"https:\/\/monde25.info\/index.php\/2024\/11\/20\/guerre-point-de-situation-a-2-doigts-de-la-catastrophe-majeure-ledito-de-charles-sannat-les-moutons-enrages\/","title":{"rendered":"\u00ab Guerre. Point de situation. A 2 doigts de la catastrophe majeure ! \u00bb. L\u2019\u00e9dito de Charles SANNAT \u2013 Les moutons enrag\u00e9s"},"content":{"rendered":"<p> <br \/>\n<\/p>\n<div>\n<p>Source <a target=\"_blank\" href=\"https:\/\/insolentiae.com\/guerre-point-de-situation-a-2-doigts-de-la-catastrophe-majeure-ledito-de-charles-sannat\/\" data-type=\"link\" data-id=\"https:\/\/insolentiae.com\/guerre-point-de-situation-a-2-doigts-de-la-catastrophe-majeure-ledito-de-charles-sannat\/\">INSOLENTIAE<\/a><\/p>\n<div class=\"wp-block-image\">\n<figure class=\"aligncenter size-large is-resized\"><img fetchpriority=\"high\" decoding=\"async\" width=\"528\" height=\"330\" src=\"https:\/\/lesmoutonsenrages.fr\/wp-content\/uploads\/2024\/11\/image-82-528x330.png\" alt=\"\" class=\"wp-image-163992\" style=\"width:420px;height:auto\" srcset=\"https:\/\/lesmoutonsenrages.fr\/wp-content\/uploads\/2024\/11\/image-82-528x330.png 528w, https:\/\/lesmoutonsenrages.fr\/wp-content\/uploads\/2024\/11\/image-82-250x156.png 250w, https:\/\/lesmoutonsenrages.fr\/wp-content\/uploads\/2024\/11\/image-82-768x480.png 768w, https:\/\/lesmoutonsenrages.fr\/wp-content\/uploads\/2024\/11\/image-82-150x94.png 150w, https:\/\/lesmoutonsenrages.fr\/wp-content\/uploads\/2024\/11\/image-82.png 1080w\" sizes=\"(max-width: 528px) 100vw, 528px\"\/><\/figure>\n<\/div>\n<p>Il est temps d\u00e9sormais de prendre le temps de faire le point sur les derni\u00e8res \u00e9volutions plut\u00f4t inqui\u00e9tantes de la situation sur le front de l\u2019Est.<\/p>\n<p>Il ne vous a pas \u00e9chapp\u00e9 que nous venons de \u201cf\u00eater\u201d les 1 000 jours de guerre. Il ne vous aura pas \u00e9chapp\u00e9 non plus que si les m\u00e9dias vous parlent des 1 000 jours de guerre, ils ne vous parlent pas du million de morts et de bless\u00e9s dans les tranch\u00e9es ukrainiennes. Apr\u00e8s tout nous aurions pu aussi f\u00eater \u201cle million\u201d. C\u2019est si joyeux la guerre d\u2019apr\u00e8s nos journalistes de plateaux, si n\u00e9cessaire, si indispensable\u2026 Tuerie ? Non\u2026 r\u00e9duction individuelle de dur\u00e9e de vie c\u2019est plus appropri\u00e9. C\u2019est moins effrayant pour Mr et Mme Michu qui doivent voter \u201cpour\u201d la guerre, \u201cpour\u201d envoyer leur propre gosse se faire r\u00e9duire l\u2019esp\u00e9rance de vie, mais ce n\u2019est pas grave, c\u2019est pour emp\u00eacher Poutine d\u2019envahir l\u2019Europe.<\/p>\n<p><span id=\"more-163991\"\/><\/p>\n<p>Cela \u00e9tant dit, je vais essayer d\u2019\u00eatre analytique.<\/p>\n<p>Dans cette nouvelle phase tout a commenc\u00e9 par l\u2019annonce de l\u2019arriv\u00e9e de soldats nord-cor\u00e9ens. C\u2019est \u00e9videmment une \u201casym\u00e9trie\u201d de combat et une \u201cescalade\u201d de la part de la Russie. En prenant des suppl\u00e9tifs chez un alli\u00e9, soit pour aider l\u2019Ukraine nous envoyons nous aussi des hommes et dans ce cas nous serions cobellig\u00e9rants et officiellement en guerre contre la Russie, soit nous envoyons des armes plus puissantes pour tenter d\u2019\u00e9quilibrer le combat. Les Ukrainiens \u00e0 court de chair \u00e0 canon ne pourront pas r\u00e9sister \u00e0 l\u2019arriv\u00e9e de renforts nord cor\u00e9en. C\u2019est donc ce contexte et ce mouvement de Poutine qui vient d\u00e9clencher cette nouvelle phase d\u2019escalade.<\/p>\n<figure class=\"wp-block-embed is-type-rich is-provider-twitter wp-block-embed-twitter\"\/>\n<p>Comme vous le voyez, la r\u00e9action de Biden, et donc am\u00e9ricaine pour l\u2019administration actuelle, qui ne souhaite pas la paix mais la poursuite de la guerre pour continuer \u00e0 affaiblir tout le monde c\u2019est-\u00e0-dire la Russie en premier lieu, mais aussi le reste de l\u2019Union Europ\u00e9enne a \u00e9t\u00e9 d\u2019autoriser l\u2019usage d\u2019arme \u00e0 longue port\u00e9e\u2026 mais pas \u00e0 port\u00e9e de Moscou !<\/p>\n<figure class=\"wp-block-embed is-type-rich is-provider-twitter wp-block-embed-twitter\"\/>\n<p>Suite \u00e0 cette d\u00e9cision assez ind\u00e9licate de la part de Biden dans cette p\u00e9riode de transition, alors que le pr\u00e9sident \u00e9lu Trump veut changer de braquet et construire la paix et le cesser-le-feu, il a fait un discours d\u2019une rare clart\u00e9. La traduction de cette vid\u00e9o est correcte. Ecoutez Trump. Ce discours n\u2019a en aucun cas \u00e9t\u00e9 repris par nos m\u00e9dias de grande \u00e9coute, pourtant il est essentiel que vous en preniez connaissance.<\/p>\n<p>Il y parle notamment d\u2019une chose fondamentale. La cause des 24 ans de guerres que nous venons de vivre depuis les attentats du 11 septembre qui ont \u00e9t\u00e9 le point de rupture entre un monde en paix et un monde en guerre officiellement \u201ccontre la terreur\u201d. Pour Trump ce sont les n\u00e9ocons et ils s\u00e8ment le chaos partout sur la plan\u00e8te devenant les ennemis m\u00eames des Etats-Unis en transformant le pays en pays du tiers-monde, car la guerre c\u2019est ruineux bien \u00e9videmment.<\/p>\n<p>Trump y parle aussi de fin du monde et de guerre nucl\u00e9aire totale qu\u2019il souhaiterait plut\u00f4t \u00e9viter, ce qui \u00e0 titre personnel me convient \u00e9galement. Ne pas frire dans les 10 millions de degr\u00e9s de la Tsar Bomba avec mes gosses \u00e9tant pour moi une perspective plus agr\u00e9able que l\u2019inverse. Je suis l\u00e2che. Je sais. C\u2019est moche. Trump aussi sans doute.<\/p>\n<figure class=\"wp-block-embed is-type-rich is-provider-twitter wp-block-embed-twitter\"\/>\n<p>Maintenant que vous avez \u00e9cout\u00e9 ce discours de n\u00e9cessit\u00e9 de la paix port\u00e9 par Trump, que vous l\u2019aimiez ou pas, porter l\u2019id\u00e9e de paix me semble tout de m\u00eame nettement plus humain que de d\u00e9fendre l\u2019id\u00e9e de les pousser \u00e0 s\u2019entretuer jusqu\u2019au dernier, m\u00eame si c\u2019est excellent pour les profits du complexe militaro-industriel, il faut \u00e9couter cette intervention sur C Politique, service public il y a quelques jours d\u00e9crivant Trump comme Adolf Hilter.<\/p>\n<figure class=\"wp-block-embed is-type-rich is-provider-twitter wp-block-embed-twitter\">\n<div class=\"wp-block-embed__wrapper\">\n<blockquote class=\"twitter-tweet\" data-width=\"550\" data-dnt=\"true\">\n<p lang=\"fr\" dir=\"ltr\">\ud83d\udd34 ALERTE INFO<\/p>\n<p>Sur France 5, un intervenant pr\u00e9sent\u00e9 comme \u00ab\u00a0philosophe\u00a0\u00bb compare Donald Trump \u00e0 Hitler, \u00e9voquant \u00ab\u00a0\u00e9puration\u00a0\u00bb, \u00ab\u00a0d\u00e9portation\u00a0\u00bb et \u00ab\u00a0fascisme\u00a0\u00bb. <br \/>Une diatribe non sourc\u00e9e, sans nuance ni contradiction.<\/p>\n<p>Avec nos imp\u00f4ts.<a target=\"_blank\" href=\"https:\/\/t.co\/hjLWu31UgK\">pic.twitter.com\/hjLWu31UgK<\/a><\/p>\n<p>\u2014 Jon De Lorraine (@jon_delorraine) <a target=\"_blank\" href=\"https:\/\/twitter.com\/jon_delorraine\/status\/1858424087816577078?ref_src=twsrc%5Etfw\">November 18, 2024<\/a><\/p><\/blockquote>\n<\/div>\n<\/figure>\n<p>Normalement \u00e0 ce stade, vous avez compris l\u2019inversion s\u00e9mantique.<\/p>\n<p>Ceux qui parlent de guerre sont les vrais fascistes qui accusent ceux qui parlent de paix de l\u2019\u00eatre.<\/p>\n<p>Ne soyez pas dupe.<\/p>\n<p>Et partagez cet article.<\/p>\n<p>Il n\u2019y a aucun soutien \u00e0 apporter \u00e0 cette guerre.<\/p>\n<p>Aucun.<\/p>\n<p>Jamais Poutine n\u2019envahira le reste de l\u2019Europe. D\u2019une part parce qu\u2019il n\u2019arrive m\u00eame pas \u00e0 envahir l\u2019Ukraine, et ensuite parce que nous utiliserions les armes nucl\u00e9aires et nous mourrions tous dans un immense feu de \u201cjoie\u201d.<\/p>\n<p>A un moment il faut quand m\u00eame faire l\u2019effort de reconnaitre la propagande et le mensonge pour ce qu\u2019ils sont. A un certain niveau la paresse intellectuelle devient de la complicit\u00e9 et de la culpabilit\u00e9.<\/p>\n<p><strong>Quant aux march\u00e9s\u2026 ils sont sans surprise !<\/strong><\/p>\n<p>Les bourses baissent, surtout europ\u00e9ennes, et la vieille Europe n\u2019est pas au bout de ses peines si nous continuons sur cette trajectoire destructrice (y compris \u00e9conomiquement), le VIX l\u2019indice de la peur augmente, l\u2019euro baisse face au dollar ou au franc suisse, l\u2019or monte car valeur refuge ultime, et \u00e9videmment le dollar s\u2019appr\u00e9cie puisque les \u201criches\u201d europ\u00e9ens mettent leurs sous aux Etats-Unis ou en Suisse (c\u2019est ce que l\u2019on appelle la smart money).<\/p>\n<p>Ci-dessous le VIX dit indice de la peur ou de volatilit\u00e9. Quand il monte c\u2019est pas bon. Quand il baisse c\u2019est bon. Plus il est bas, mieux c\u2019est. A noter que nous avons connu nettement pire !<\/p>\n<div class=\"wp-block-image\">\n<figure class=\"aligncenter is-resized\"><img decoding=\"async\" src=\"https:\/\/insolentiae.com\/wp-content\/uploads\/2024\/11\/VIX-au-19112024.jpg\" alt=\"\" class=\"wp-image-850873\" style=\"width:257px;height:auto\"\/><\/figure>\n<\/div>\n<p>Ci-dessous les cours de l\u2019euro face au dollar\u2026. je ne vous cache pas que \u00e7a baisse\u2026 mais je ne vous apprends rien puisque cela se voit comme le graphique au milieu de la figure !<\/p>\n<div class=\"wp-block-image\">\n<figure class=\"aligncenter is-resized\"><img decoding=\"async\" src=\"https:\/\/insolentiae.com\/wp-content\/uploads\/2024\/11\/euro-au-19112024.jpg\" alt=\"\" class=\"wp-image-850874\" style=\"width:364px;height:auto\"\/><\/figure>\n<\/div>\n<p>Esp\u00e9rons donc, que les missiles dits de longue port\u00e9e mais qui sont en r\u00e9alit\u00e9 de moyenne port\u00e9e (300 kilom\u00e8tres) et ne permettent pas (en th\u00e9orie) de toucher Moscou, restent suffisamment peu nombreux, ne servent qu\u2019\u00e0 \u00e9quilibrer les forces vis-\u00e0-vis des renforts nord-cor\u00e9ens et que l\u2019escalade ne devienne pas ing\u00e9rable et la situation hors de contr\u00f4le jusqu\u2019\u00e0 l\u2019arriv\u00e9e effective de Trump dans le Bureau ovale.<\/p>\n<p>Il sera alors temps de parler de paix\u2026 en esp\u00e9rant que la guerre ne devienne pas totale entre temps.<\/p>\n<p>Je vous laisse. Il y a des raviolis bios qui viennent d\u2019arriver chez Carrefour.<\/p>\n<p><iframe loading=\"lazy\" title=\"Russie. L&#039;erreur d&#039;analyse est de croire que la guerre est impossible. La guerre ne fait plus peur!\" width=\"1110\" height=\"624\" src=\"https:\/\/www.youtube.com\/embed\/CorVVZJQB2I?feature=oembed\" frameborder=\"0\" allow=\"accelerometer; autoplay; clipboard-write; encrypted-media; gyroscope; picture-in-picture; web-share\" referrerpolicy=\"strict-origin-when-cross-origin\" allowfullscreen><\/iframe><\/p>\n<p>Il est d\u00e9j\u00e0 trop tard, mais tout n\u2019est pas perdu<\/p>\n<p>Pr\u00e9parez-vous !<\/p>\n<p>Charles SANNAT<\/p>\n<p>Tous les articles, la tribune libre et commentaires sont sous la responsabilit\u00e9 de leurs auteurs. Les Moutons Enrag\u00e9s ne sauraient \u00eatre tenus responsables de leur contenu ou orientation.<\/p>\n<\/p><\/div>\n<p><script async src=\"\/\/platform.twitter.com\/widgets.js\" charset=\"utf-8\"><\/script><br \/>\n<br \/><br \/>\n<br \/><a href=\"https:\/\/lesmoutonsenrages.fr\/2024\/11\/20\/guerre-point-de-situation-a-2-doigts-de-la-catastrophe-majeure-ledito-de-charles-sannat\/\" target=\"_blank\"\">Source link <\/a><\/p>\n","protected":false},"excerpt":{"rendered":"<p>Source INSOLENTIAE Il est temps d\u00e9sormais de prendre le temps de faire le point sur les derni\u00e8res \u00e9volutions plut\u00f4t inqui\u00e9tantes de la situation sur le front de l\u2019Est. Il ne&hellip; <\/p>\n","protected":false},"author":1,"featured_media":537,"comment_status":"open","ping_status":"open","sticky":false,"template":"","format":"standard","meta":{"footnotes":""},"categories":[1],"tags":[],"class_list":["post-536","post","type-post","status-publish","format-standard","has-post-thumbnail","hentry","category-non-classe"],"_links":{"self":[{"href":"https:\/\/monde25.info\/index.php\/wp-json\/wp\/v2\/posts\/536","targetHints":{"allow":["GET"]}}],"collection":[{"href":"https:\/\/monde25.info\/index.php\/wp-json\/wp\/v2\/posts"}],"about":[{"href":"https:\/\/monde25.info\/index.php\/wp-json\/wp\/v2\/types\/post"}],"author":[{"embeddable":true,"href":"https:\/\/monde25.info\/index.php\/wp-json\/wp\/v2\/users\/1"}],"replies":[{"embeddable":true,"href":"https:\/\/monde25.info\/index.php\/wp-json\/wp\/v2\/comments?post=536"}],"version-history":[{"count":0,"href":"https:\/\/monde25.info\/index.php\/wp-json\/wp\/v2\/posts\/536\/revisions"}],"wp:featuredmedia":[{"embeddable":true,"href":"https:\/\/monde25.info\/index.php\/wp-json\/wp\/v2\/media\/537"}],"wp:attachment":[{"href":"https:\/\/monde25.info\/index.php\/wp-json\/wp\/v2\/media?parent=536"}],"wp:term":[{"taxonomy":"category","embeddable":true,"href":"https:\/\/monde25.info\/index.php\/wp-json\/wp\/v2\/categories?post=536"},{"taxonomy":"post_tag","embeddable":true,"href":"https:\/\/monde25.info\/index.php\/wp-json\/wp\/v2\/tags?post=536"}],"curies":[{"name":"wp","href":"https:\/\/api.w.org\/{rel}","templated":true}]}}