{"id":546,"date":"2024-11-20T17:51:35","date_gmt":"2024-11-20T16:51:35","guid":{"rendered":"https:\/\/monde25.info\/index.php\/2024\/11\/20\/effets-secondaires-visiblement-on-ne-veut-pas-parler-de-tout-dans-les-tribunaux-debriefing-avec-me-guyon\/"},"modified":"2024-11-20T17:51:35","modified_gmt":"2024-11-20T16:51:35","slug":"effets-secondaires-visiblement-on-ne-veut-pas-parler-de-tout-dans-les-tribunaux-debriefing-avec-me-guyon","status":"publish","type":"post","link":"https:\/\/monde25.info\/index.php\/2024\/11\/20\/effets-secondaires-visiblement-on-ne-veut-pas-parler-de-tout-dans-les-tribunaux-debriefing-avec-me-guyon\/","title":{"rendered":"Effets secondaires, visiblement on ne veut pas parler de tout dans les tribunaux. Debriefing avec Me Guyon"},"content":{"rendered":"<p> <br \/>\n<\/p>\n<div>\n<p>L\u2019information s\u2019oriente-t-elle de plus en plus dans le bon sens\u00a0?\u00a0 Apr\u00e8s l\u2019\u00e9lection de Donald Trump 47\u1d49\u00a0pr\u00e9sident des \u00c9tats-Unis et la nomination de Robert Kennedy comme l\u2019\u00e9quivalent du ministre de la Sant\u00e9 et des Solidarit\u00e9s, avec un mandat clair de s\u2019attaquer aux lobbys pharmaceutiques, \u00e0 l\u2019information scientifique dans l\u2019optique de rendre les Am\u00e9ricaines en bonne sant\u00e9, un vent de justice souffle en France.\u00a0 La question qui vient \u00e0 l&rsquo;esprit : ce vent atteindra-t-il la justice fran\u00e7aise ? Bien s\u00fbr les \u00c9tats-Unis et la France sont deux pays ind\u00e9pendants, cependant la France est parfois, trop souvent, per\u00e7ue comme un vassal des Etats-Unis, et de nombreuses personnes esp\u00e8rent que le soft power jouera.<br \/>Les effets secondaires ont fi leur \u00ab\u00a0coming out\u00a0\u00bb dans le Figaro ce weekend avec un article qui les d\u00e9nombrerait \u00e0 200 000.\u00a0 Il aura donc fallu attendre novembre 2024 pour que le Figaro les d\u00e9couvre alors que Vincent Pavan et Emmanuelle Darles avaient tant que scientifique \u0153uvr\u00e9 non seulement au chiffrage de ses effets secondaires mais aussi \u00e0 leur reconnaissance.\u00a0<\/p>\n<p>Me David Guyon, avocat au barreau de Montpellier, vient \u00e9voquer le panneau d\u2019affichage sur les effets secondaires que l\u2019association ReinfoLibert\u00e9 avait fait placer sur Toulouse. Ce panneau avait fait l\u2019objet d\u2019un arr\u00eat\u00e9 pr\u00e9fectoral de retrait. Reinfo Libert\u00e9 avait fait appel de cette d\u00e9cision incompr\u00e9hensible puisque le d\u00e9bat est d\u2019int\u00e9r\u00eat g\u00e9n\u00e9ral et que les chiffres avanc\u00e9s \u00e9taient factuels.\u00a0 Une audience \u00e9tait pr\u00e9vue pour le 27 novembre 2024. Enfin, diront certains. Ils seront quittes pour devoir attendre, car elle vient d\u2019\u00eatre de nouveau d\u00e9cal\u00e9e.\u00a0 \u00c9coutez Me Guyon.<\/p>\n<p><iframe style=\"left:0;position:absolute;top:0;\" width=\"100%\" height=\"100%\" frameborder=\"0\" allow=\"accelerometer; autoplay; encrypted-media; gyroscope; picture-in-picture\" allowfullscreen=\"true\" referrerpolicy=\"unsafe-url\" class=\"lazyload\" data-src=\"https:\/\/app.videas.fr\/embed\/media\/85b4ad5d-db19-438b-864f-9fc5ee3fe1b6\/\"><\/iframe><\/p>\n<p>\u00a0<\/p>\n<p>On peut parler de tout sauf des chiffres, ce qui se confirme dans les tribunaux qui tardent \u00e0 audiencer la plainte d\u00e9pos\u00e9e au tribunal administratif par l&rsquo;association R\u00e9inforLibert\u00e9 contre la d\u00e9cision du pr\u00e9fet visant \u00e0 retirer une affiche qui information sur les effets secondaires de la vaccination. \u00a0Cela ressemble \u00e9trangement au retard d&rsquo;audiencement que subit la proc\u00e9dure <a target=\"_blank\" href=\"https:\/\/www.francesoir.fr\/societe-sante\/donnees-de-mortalite-et-statut-vaccinal-bonsens-intervient-avec-laurent-toubiana\" target=\"_blank\">intent\u00e9e par le Pr Laurent Toubiana<\/a> qui vise \u00e0 obtenir les donn\u00e9es de mortalit\u00e9 toutes causes par statut vaccinal et par classe d&rsquo;\u00e2ge.<\/p>\n<\/div>\n<p><script>(function(d, s, id) {  var js, fjs = d.getElementsByTagName(s)[0];  if (d.getElementById(id)) return;  js = d.createElement(s); js.id = id;  js.src = \"\/\/connect.facebook.net\/fr_FR\/sdk.js#xfbml=1&version=v2.3\";  fjs.parentNode.insertBefore(js, fjs);}(document, \"script\", \"facebook-jssdk\"));<\/script><br \/>\n<br \/><br \/>\n<br \/><a href=\"https:\/\/www.francesoir.fr\/videos-les-debriefings\/effets-secondaires-visiblement-ne-veut-pas-parler-de-tout-dans-les-tribunaux\" target=\"_blank\"\">Source link <\/a><\/p>\n","protected":false},"excerpt":{"rendered":"<p>L\u2019information s\u2019oriente-t-elle de plus en plus dans le bon sens\u00a0?\u00a0 Apr\u00e8s l\u2019\u00e9lection de Donald Trump 47\u1d49\u00a0pr\u00e9sident des \u00c9tats-Unis et la nomination de Robert Kennedy comme l\u2019\u00e9quivalent du ministre de la&hellip; <\/p>\n","protected":false},"author":1,"featured_media":547,"comment_status":"open","ping_status":"open","sticky":false,"template":"","format":"standard","meta":{"footnotes":""},"categories":[1],"tags":[],"class_list":["post-546","post","type-post","status-publish","format-standard","has-post-thumbnail","hentry","category-non-classe"],"_links":{"self":[{"href":"https:\/\/monde25.info\/index.php\/wp-json\/wp\/v2\/posts\/546","targetHints":{"allow":["GET"]}}],"collection":[{"href":"https:\/\/monde25.info\/index.php\/wp-json\/wp\/v2\/posts"}],"about":[{"href":"https:\/\/monde25.info\/index.php\/wp-json\/wp\/v2\/types\/post"}],"author":[{"embeddable":true,"href":"https:\/\/monde25.info\/index.php\/wp-json\/wp\/v2\/users\/1"}],"replies":[{"embeddable":true,"href":"https:\/\/monde25.info\/index.php\/wp-json\/wp\/v2\/comments?post=546"}],"version-history":[{"count":0,"href":"https:\/\/monde25.info\/index.php\/wp-json\/wp\/v2\/posts\/546\/revisions"}],"wp:featuredmedia":[{"embeddable":true,"href":"https:\/\/monde25.info\/index.php\/wp-json\/wp\/v2\/media\/547"}],"wp:attachment":[{"href":"https:\/\/monde25.info\/index.php\/wp-json\/wp\/v2\/media?parent=546"}],"wp:term":[{"taxonomy":"category","embeddable":true,"href":"https:\/\/monde25.info\/index.php\/wp-json\/wp\/v2\/categories?post=546"},{"taxonomy":"post_tag","embeddable":true,"href":"https:\/\/monde25.info\/index.php\/wp-json\/wp\/v2\/tags?post=546"}],"curies":[{"name":"wp","href":"https:\/\/api.w.org\/{rel}","templated":true}]}}