{"id":55,"date":"2024-11-14T03:42:27","date_gmt":"2024-11-14T02:42:27","guid":{"rendered":"https:\/\/monde25.info\/index.php\/2024\/11\/14\/la-loi-anti-pfas-freinee-par-la-droite-et-les-macronistes\/"},"modified":"2024-11-14T03:42:27","modified_gmt":"2024-11-14T02:42:27","slug":"la-loi-anti-pfas-freinee-par-la-droite-et-les-macronistes","status":"publish","type":"post","link":"https:\/\/monde25.info\/index.php\/2024\/11\/14\/la-loi-anti-pfas-freinee-par-la-droite-et-les-macronistes\/","title":{"rendered":"La loi anti-PFAS frein\u00e9e par la droite et les macronistes"},"content":{"rendered":"<p> <br \/>\n<br \/><img loading=\"lazy\" decoding=\"async\" src=\"https:\/\/reporterre.net\/local\/cache-vignettes\/L700xH466\/img_0314-poc-e8719.jpg?1731511496\" class=\"spip_logo\" width=\"700\" height=\"466\" alt=\"\" \/><\/p>\n<p>Qui veut la peau de la loi anti-<span class=\"caps\">PFAS<\/span><small class=\"fine d-inline\">\u00a0<\/small>? Port\u00e9e par le d\u00e9put\u00e9 \u00e9cologiste Nicolas Thierry, une proposition de loi pr\u00e9voit l&rsquo;interdiction, d\u00e8s\u00a02026, de fabrication et de vente de certains produits contenant des polluants \u00e9ternels (cosm\u00e9tiques, textiles). Las, \u00ab<small class=\"fine d-inline\">\u00a0<\/small>les soutiens du gouvernement Barnier font tout pour repousser la discussion<small class=\"fine d-inline\">\u00a0<\/small>\u00bb, a d\u00e9nonc\u00e9 l&rsquo;\u00e9lu girondin dans un communiqu\u00e9. <br class=\"autobr\" \/><br \/>\nCe texte a \u00e9t\u00e9 adopt\u00e9 en premi\u00e8re lecture par l&rsquo;Assembl\u00e9e nationale puis par le S\u00e9nat. Les parlementaires\u00a0(\u2026)<\/p>\n<p>                    <a target=\"_blank\" href=\"https:\/\/reporterre.net\/La-loi-anti-PFAS-freinee-par-la-droite-et-les-macronistes?utm_source=RSS&amp;utm_medium=RSS\">Lire la suite<\/a><\/p>\n<p>                    &#8211;<br \/>\n                        <a target=\"_blank\" href=\"https:\/\/reporterre.net\/Breves-20\" rel=\"directory\">En bref<\/a><\/p>\n<p>                    \/<br \/>\n                        <a target=\"_blank\" href=\"https:\/\/reporterre.net\/Pesticides\" rel=\"tag\">Pesticides<\/a><br \/>\n<br \/><br \/>\n<br \/><a href=\"https:\/\/reporterre.net\/La-loi-anti-PFAS-freinee-par-la-droite-et-les-macronistes\" target=\"_blank\"\">Source link <\/a><\/p>\n","protected":false},"excerpt":{"rendered":"<p>Qui veut la peau de la loi anti-PFAS\u00a0? Port\u00e9e par le d\u00e9put\u00e9 \u00e9cologiste Nicolas Thierry, une proposition de loi pr\u00e9voit l&rsquo;interdiction, d\u00e8s\u00a02026, de fabrication et de vente de certains produits&hellip; <\/p>\n","protected":false},"author":1,"featured_media":56,"comment_status":"open","ping_status":"open","sticky":false,"template":"","format":"standard","meta":{"footnotes":""},"categories":[1],"tags":[],"class_list":["post-55","post","type-post","status-publish","format-standard","has-post-thumbnail","hentry","category-non-classe"],"_links":{"self":[{"href":"https:\/\/monde25.info\/index.php\/wp-json\/wp\/v2\/posts\/55","targetHints":{"allow":["GET"]}}],"collection":[{"href":"https:\/\/monde25.info\/index.php\/wp-json\/wp\/v2\/posts"}],"about":[{"href":"https:\/\/monde25.info\/index.php\/wp-json\/wp\/v2\/types\/post"}],"author":[{"embeddable":true,"href":"https:\/\/monde25.info\/index.php\/wp-json\/wp\/v2\/users\/1"}],"replies":[{"embeddable":true,"href":"https:\/\/monde25.info\/index.php\/wp-json\/wp\/v2\/comments?post=55"}],"version-history":[{"count":0,"href":"https:\/\/monde25.info\/index.php\/wp-json\/wp\/v2\/posts\/55\/revisions"}],"wp:featuredmedia":[{"embeddable":true,"href":"https:\/\/monde25.info\/index.php\/wp-json\/wp\/v2\/media\/56"}],"wp:attachment":[{"href":"https:\/\/monde25.info\/index.php\/wp-json\/wp\/v2\/media?parent=55"}],"wp:term":[{"taxonomy":"category","embeddable":true,"href":"https:\/\/monde25.info\/index.php\/wp-json\/wp\/v2\/categories?post=55"},{"taxonomy":"post_tag","embeddable":true,"href":"https:\/\/monde25.info\/index.php\/wp-json\/wp\/v2\/tags?post=55"}],"curies":[{"name":"wp","href":"https:\/\/api.w.org\/{rel}","templated":true}]}}