{"id":556,"date":"2024-11-20T20:36:38","date_gmt":"2024-11-20T19:36:38","guid":{"rendered":"https:\/\/monde25.info\/index.php\/2024\/11\/20\/ils-en-ont-dans-le-pare-chocs-les-moutons-enrages\/"},"modified":"2024-11-20T20:36:38","modified_gmt":"2024-11-20T19:36:38","slug":"ils-en-ont-dans-le-pare-chocs-les-moutons-enrages","status":"publish","type":"post","link":"https:\/\/monde25.info\/index.php\/2024\/11\/20\/ils-en-ont-dans-le-pare-chocs-les-moutons-enrages\/","title":{"rendered":"Ils en ont dans le pare-chocs \u2013 Les moutons enrag\u00e9s"},"content":{"rendered":"<p> <br \/>\n<\/p>\n<div>\n<div class=\"wp-block-image\">\n<figure class=\"aligncenter size-full is-resized\"><img fetchpriority=\"high\" decoding=\"async\" width=\"495\" height=\"330\" src=\"https:\/\/lesmoutonsenrages.fr\/wp-content\/uploads\/2024\/11\/image-79.png\" alt=\"\" class=\"wp-image-163982\" style=\"width:381px;height:auto\" srcset=\"https:\/\/lesmoutonsenrages.fr\/wp-content\/uploads\/2024\/11\/image-79.png 495w, https:\/\/lesmoutonsenrages.fr\/wp-content\/uploads\/2024\/11\/image-79-250x167.png 250w, https:\/\/lesmoutonsenrages.fr\/wp-content\/uploads\/2024\/11\/image-79-150x100.png 150w\" sizes=\"(max-width: 495px) 100vw, 495px\"\/><\/figure>\n<\/div>\n<p>C\u2019est un article du Parisien de ce jour qui m\u2019a interpell\u00e9. C\u2019est un artiste du nom de TooLate, s\u00fbrement le fr\u00e8re de TooMuch, qui a eu une id\u00e9e de g\u00e9nie. Accrocher au pare-chocs des SUV gar\u00e9s dans la ville de Nice des testicules en argile pour, dit-il, d\u00e9noncer la \u00ab\u00a0masculinit\u00e9 d\u00e9brid\u00e9e\u00a0\u00bb des conducteurs de ces v\u00e9hicules qui seraient, selon lui, responsables des violences li\u00e9es \u00e0 la s\u00e9curit\u00e9 routi\u00e8re. Je passerai sur les commentaires de cet \u00ab\u00a0artiste\u00a0\u00bb qui fait sans sourciller l\u2019amalgame entre grosse voiture et\u2026virilit\u00e9 exacerb\u00e9e. Il sera surpris sans doute d\u2019observer qu\u2019il y a un certain nombre de femmes qui elles aussi conduisent ces v\u00e9hicules sans pour autant mettre en avant leur c\u00f4t\u00e9 masculin.<\/p>\n<p><span id=\"more-163976\"\/><\/p>\n<p>Selon lui toujours, ces v\u00e9hicules et leurs conducteurs seraient dangereux pour la s\u00e9curit\u00e9 routi\u00e8re et en particulier pour les cyclistes. Evidemment, il convient de se souvenir du pauvre Paul Varry, tu\u00e9 sur son v\u00e9lo par un conducteur de SUV particuli\u00e8rement agressif. Mais aurait-il \u00e9t\u00e9 au volant d\u2019un autre v\u00e9hicule qu\u2019il n\u2019aurait pas eu la m\u00eame r\u00e9action\u00a0? Il n\u2019en m\u00e9rite pas moins une peine exemplaire. La relation entre la taille du v\u00e9hicule a toujours \u00e9t\u00e9 associ\u00e9e \u00e0 la virilit\u00e9 du conducteur, mais il s\u2019agit bien l\u00e0 d\u2019une boutade et non d\u2019une r\u00e9alit\u00e9. La relation entre voitures et cyclistes pourrait se passer en douceur mais force est de constater que ces derniers n\u2019ont pas r\u00e9ellement conscience des dangers et ces attributs virils pourraient tout aussi bien orner le garde boue d\u2019un v\u00e9lo que d\u2019une auto, quelle qu\u2019elle soit.<\/p>\n<p>D\u2019apr\u00e8s une <a target=\"_blank\" href=\"https:\/\/www.google.com\/search?sca_esv=0734fda996d53699&amp;rlz=1C1CHBD_frFR891FR891&amp;sxsrf=ADLYWIJHXGRWNz7Zxn9_V1vISHFwcmDUVg:1732025113408&amp;q=comportements+dangereux+velos+paris&amp;udm=7&amp;fbs=AEQNm0CbCVgAZ5mWEJDg6aoPVcBgTlosgQSuzBMlnAdio07UCFdb4kkCZQx4-ERIk5vUh0ggofzXKAnOWLfX3LfiEpOLrAl49AVGOlYs1ifBO2LLkKBS1YTux-p_gUoyztF6wWCIzAeOgP13GuSmkrTDm8ZkFNycic2OBe0rFjZazRsh39DNSd0&amp;sa=X&amp;ved=2ahUKEwj2rYGtyOiJAxWJTKQEHTtvLBYQtKgLegQIERAB&amp;biw=1920&amp;bih=953&amp;dpr=1#fpstate=ive&amp;vld=cid:87299ef0,vid:C_smoGCgyjg,st:0\">enqu\u00eate<\/a> men\u00e9e par la MMA, \u00e0 Paris, 75% des cyclistes roulent sur les trottoirs, 55% tournent sans le signaler et 55% passent au feu rouge, sans compter les sens interdits et l\u2019absence de toute protection. J\u2019en ai fait l\u2019exp\u00e9rience moi-m\u00eame \u00e0 Paris derni\u00e8rement, et sans SUV. Immobilis\u00e9 \u00e0 un feu au rouge sur un carrefour particuli\u00e8rement dangereux, sur 50 cyclistes, un seul s\u2019est arr\u00eat\u00e9. Tous les autres m\u2019ont doubl\u00e9 par la droite en \u00ab\u00a0grillant\u00a0\u00bb le feu, sans prendre r\u00e9ellement la peine de v\u00e9rifier s\u2019il venait un v\u00e9hicule, slalomant entre ceux-ci pour traverser le carrefour. Un stress \u00e9norme suppl\u00e9mentaire pour les conducteurs qui doivent d\u00e9j\u00e0 faire avec un trafic dense et des motos et scooters prenant tous les risques pour se faufiler.<\/p>\n<p>Les automobilistes peuvent \u00eatre agressifs, cela ne fait aucun doute, mais l\u2019appropriation de la voie publique par les cyclistes et pilotes de trottinettes ne respectant en rien le code de la route risque encore de mettre un terme \u00e0 des vies et c\u2019est tout \u00e0 fait navrant. Je me souviens aussi d\u2019une <a target=\"_blank\" href=\"https:\/\/youtu.be\/MAOr3YrgKFA\">publicit\u00e9 Suisse<\/a> produite par la s\u00e9curit\u00e9 routi\u00e8re sur le sujet qui n\u2019\u00e9tait pas d\u00e9nu\u00e9e de bon sens. Partageons la route, ne nous l\u2019approprions pas et restons prudent en respectant les r\u00e8gles, gros testicules ou non, mais pour certains, c\u2019est d\u00e9j\u00e0 TooLate\u2026<\/p>\n<p>Sylvain Devaux<\/p>\n<p>Tous les articles, la tribune libre et commentaires sont sous la responsabilit\u00e9 de leurs auteurs. Les Moutons Enrag\u00e9s ne sauraient \u00eatre tenus responsables de leur contenu ou orientation.<\/p>\n<\/p><\/div>\n<div id=\"entry-author-info\">\n<div id=\"author-avatar\">\n\t\t\t\t\t\t\t<img loading=\"lazy\" alt=\"\" src=\"https:\/\/secure.gravatar.com\/avatar\/fc4714faaa486126c07878db39a05991?s=80&amp;d=identicon&amp;r=g\" srcset=\"https:\/\/secure.gravatar.com\/avatar\/fc4714faaa486126c07878db39a05991?s=160&amp;d=identicon&amp;r=g 2x\" class=\"avatar avatar-80 photo\" height=\"80\" width=\"80\" decoding=\"async\"\/>\t\t\t\t\t\t<\/div>\n<p><!-- #author-avatar --><\/p>\n<div id=\"author-description\">\n<h2>About Sylvain Devaux<\/h2>\n<p>\t\t\t\t\t\t\tUniversitaire de formation (G\u00e9ographie et histoire), responsable d&rsquo;archives apr\u00e8s une carri\u00e8re dans le tourisme, mais aussi correspondant de presse et ancien r\u00e9dacteur en chef de la Robolution (Insolentiae).\t\t\t\t\t\t\t<!-- #author-link\t-->\n\t\t\t\t\t\t<\/div>\n<p><!-- #author-description -->\n\t\t\t\t\t<\/div>\n<p><br \/>\n<br \/><a href=\"https:\/\/lesmoutonsenrages.fr\/2024\/11\/20\/ils-en-ont-dans-le-pare-chocs\/\" target=\"_blank\"\">Source link <\/a><\/p>\n","protected":false},"excerpt":{"rendered":"<p>C\u2019est un article du Parisien de ce jour qui m\u2019a interpell\u00e9. C\u2019est un artiste du nom de TooLate, s\u00fbrement le fr\u00e8re de TooMuch, qui a eu une id\u00e9e de g\u00e9nie.&hellip; <\/p>\n","protected":false},"author":1,"featured_media":557,"comment_status":"open","ping_status":"open","sticky":false,"template":"","format":"standard","meta":{"footnotes":""},"categories":[1],"tags":[],"class_list":["post-556","post","type-post","status-publish","format-standard","has-post-thumbnail","hentry","category-non-classe"],"_links":{"self":[{"href":"https:\/\/monde25.info\/index.php\/wp-json\/wp\/v2\/posts\/556","targetHints":{"allow":["GET"]}}],"collection":[{"href":"https:\/\/monde25.info\/index.php\/wp-json\/wp\/v2\/posts"}],"about":[{"href":"https:\/\/monde25.info\/index.php\/wp-json\/wp\/v2\/types\/post"}],"author":[{"embeddable":true,"href":"https:\/\/monde25.info\/index.php\/wp-json\/wp\/v2\/users\/1"}],"replies":[{"embeddable":true,"href":"https:\/\/monde25.info\/index.php\/wp-json\/wp\/v2\/comments?post=556"}],"version-history":[{"count":0,"href":"https:\/\/monde25.info\/index.php\/wp-json\/wp\/v2\/posts\/556\/revisions"}],"wp:featuredmedia":[{"embeddable":true,"href":"https:\/\/monde25.info\/index.php\/wp-json\/wp\/v2\/media\/557"}],"wp:attachment":[{"href":"https:\/\/monde25.info\/index.php\/wp-json\/wp\/v2\/media?parent=556"}],"wp:term":[{"taxonomy":"category","embeddable":true,"href":"https:\/\/monde25.info\/index.php\/wp-json\/wp\/v2\/categories?post=556"},{"taxonomy":"post_tag","embeddable":true,"href":"https:\/\/monde25.info\/index.php\/wp-json\/wp\/v2\/tags?post=556"}],"curies":[{"name":"wp","href":"https:\/\/api.w.org\/{rel}","templated":true}]}}