{"id":558,"date":"2024-11-20T21:09:09","date_gmt":"2024-11-20T20:09:09","guid":{"rendered":"https:\/\/monde25.info\/index.php\/2024\/11\/20\/deux-seismes-coup-sur-coup-a-cuba-changements-terrestres-sott-net\/"},"modified":"2024-11-20T21:09:09","modified_gmt":"2024-11-20T20:09:09","slug":"deux-seismes-coup-sur-coup-a-cuba-changements-terrestres-sott-net","status":"publish","type":"post","link":"https:\/\/monde25.info\/index.php\/2024\/11\/20\/deux-seismes-coup-sur-coup-a-cuba-changements-terrestres-sott-net\/","title":{"rendered":"deux s\u00e9ismes coup sur coup \u00e0 Cuba \u2014 Changements Terrestres \u2014 Sott.net"},"content":{"rendered":"<p> <br \/>\n<\/p>\n<div>\n<div class=\"article-image-large to-center\"><a target=\"_blank\" href=\"https:\/\/fr.sott.net\/image\/s35\/718031\/full\/AA1tPTH0.jpg\" target=\"_blank\"><img decoding=\"async\" src=\"https:\/\/fr.sott.net\/image\/s35\/718031\/large\/AA1tPTH0.jpg\" alt=\"cuba s\u00e9isme novembre 2024\" title=\"Cliquer pour agrandir\"\/><\/a><\/div>\n<p> Un puissant s\u00e9isme de magnitude 6,8 a secou\u00e9 dimanche le sud de Cuba, sans faire de victimes, au moment o\u00f9 le pays se remet \u00e0 peine du passage de l&rsquo;ouragan Rafael qui a provoqu\u00e9 pendant deux jours une panne de courant g\u00e9n\u00e9ralis\u00e9e.<\/p>\n<p>Le tremblement de terre d&rsquo;une magnitude de 6,8, avec un \u00e9picentre localis\u00e9 \u00e0 23,5 kilom\u00e8tres de profondeur, \u00e0 environ 40 km de la c\u00f4te de Bartolom\u00e9 Maso, dans la province de Granma (sud-est) s&rsquo;est produit \u00e0 11h49 locales, selon l&rsquo;Institut am\u00e9ricain de g\u00e9ophysique (USGS).<\/p>\n<p>Ce s\u00e9isme a \u00e9t\u00e9 pr\u00e9c\u00e9d\u00e9, une heure auparavant dans la m\u00eame zone, d&rsquo;un s\u00e9isme d\u00e9j\u00e0 puissant, d&rsquo;une magnitude de 5,9, selon la m\u00eame source. La r\u00e9gion touch\u00e9e se trouve \u00e0 quelque 800 km de La Havane.<\/p>\n<p>Les secousses ont \u00e9t\u00e9 ressenties dans toutes les provinces de l&rsquo;est du pays et dans certaines du centre, a indiqu\u00e9 la presse officielle. Pour l&rsquo;heure, aucune victime n&rsquo;a \u00e9t\u00e9 recens\u00e9e, selon les autorit\u00e9s.<\/p>\n<p>\u00ab Nous avons communiqu\u00e9 avec les premiers secr\u00e9taires du Parti (communiste) \u00e0 Santiago de Cuba et \u00e0 Granma, les provinces touch\u00e9es par les r\u00e9cents tremblements de terre. Il y a eu des glissements de terrain, des d\u00e9g\u00e2ts sur les maisons et les lignes \u00e9lectriques \u00bb, a d\u00e9clar\u00e9 sur X le pr\u00e9sident cubain Miguel Diaz-Canel.<\/p>\n<p>\u00c0 Caney de las Mercedes, un petit village de la municipalit\u00e9 de Bartolom\u00e9 Maso, Karen Rodriguez a d\u00e9clar\u00e9 \u00e0 l&rsquo;AFP:\n<\/p>\n<blockquote class=\"typ1\"><p>\n\u00ab On l&rsquo;a ressenti tr\u00e8s fortement ici. Une demi-heure, environ, apr\u00e8s la premi\u00e8re secousse, nous \u00e9tions en train de rentrer chez nous quand une deuxi\u00e8me s&rsquo;est produite, et elle \u00e9tait encore plus forte \u00bb.\n<\/p><\/blockquote>\n<p>Dans le village, \u00abil y a des maisons avec des murs fissur\u00e9s, d&rsquo;autres avec des murs qui se sont \u00e9croul\u00e9s et d&rsquo;autres avec des toits effondr\u00e9s\u00bb, a t\u00e9moign\u00e9 par t\u00e9l\u00e9phone cette coiffeuse de 28 ans.<\/p>\n<p><span class=\"BoldGrey\">\u00ab Il ne nous manquait plus que \u00e7a ! \u00bb<\/span><\/p>\n<p>\u00c0 Bayamo, capitale de la province de Granma, qui compte 140 000 habitants et est situ\u00e9e \u00e0 environ 50 kilom\u00e8tres de Bartolom\u00e9 Maso, les habitants ont \u00e9galement ressenti les deux secousses, selon les t\u00e9moignages recueillis par l&rsquo;AFP.<\/p>\n<p>\u00ab Les poteaux (\u00e9lectriques) bougeaient, la rue, tout a dur\u00e9 environ 20 secondes, la premi\u00e8re (secousse). Parce qu&rsquo;ensuite il y en a eu une autre, qui \u00e9tait aussi tr\u00e8s forte. Les gens ont eu peur, tout le monde courait, sortait de chez soi \u00bb, raconte Livan Chavez, un soudeur de 24 ans.<\/p>\n<p>Dalia Rodriguez, une femme au foyer, raconte qu&rsquo;un mur de sa maison a \u00e9t\u00e9 endommag\u00e9. \u00abIl ne nous manquait plus que \u00e7a !\u00bb, dit-elle.<\/p>\n<p>Cuba se remet \u00e0 peine de l&rsquo;ouragan Rafael, de cat\u00e9gorie 3, qui a frapp\u00e9 l&rsquo;ouest de l&rsquo;\u00eele mercredi et provoqu\u00e9 une coupure g\u00e9n\u00e9ralis\u00e9e de courant qui a dur\u00e9 pr\u00e8s de deux jours. Le r\u00e9tablissement progressif de l&rsquo;\u00e9lectricit\u00e9 se poursuivait dimanche dans les zones les plus touch\u00e9es, notamment \u00e0 La Havane.<\/p>\n<p>Environ 85% des foyers de la capitale ont retrouv\u00e9 du courant, selon les autorit\u00e9s, tandis que deux provinces de l&rsquo;ouest, Artemisa, la plus touch\u00e9e par l&rsquo;ouragan, et Pinar del Rio, \u00e0 l&rsquo;extr\u00eame ouest, restaient sans \u00e9lectricit\u00e9.<\/p>\n<p>Trois semaines auparavant, un pr\u00e9c\u00e9dent black-out a laiss\u00e9 sans courant les 10 millions d&rsquo;habitants pendant quatre jours. Au m\u00eame moment, un autre ouragan, Oscar, de cat\u00e9gorie 1, avait frapp\u00e9 l&rsquo;extr\u00eame est de l&rsquo;\u00eele, faisant sept morts.<\/p>\n<p>Dans le centre de Santiago de Cuba, la deuxi\u00e8me ville du pays, situ\u00e9e \u00e0 quelque 175 km de la zone la plus touch\u00e9e, \u00ables gens sont rapidement descendus dans les rues parce que le sol a boug\u00e9 tr\u00e8s fort\u00bb, a racont\u00e9 Andres Perez, un retrait\u00e9 de 65 ans. \u00abOn l&rsquo;a r\u00e9ellement tr\u00e8s fortement ressenti, mon \u00e9pouse est compl\u00e8tement sur les nerfs\u00bb, a-t-il ajout\u00e9.<\/p>\n<p>Les tremblements de terre sont fr\u00e9quents dans la r\u00e9gion orientale de Cuba, qui se trouve \u00e0 la limite des plaques tectoniques des Cara\u00efbes et de l&rsquo;Am\u00e9rique du Nord.<\/p>\n<p>Le mois dernier, un s\u00e9isme de magnitude 5,1 a \u00e9t\u00e9 enregistr\u00e9 \u00e0 Santiago de Cuba sans faire de d\u00e9g\u00e2ts.<\/p>\n<p>Fin janvier 2020, un s\u00e9isme de magnitude 7,7 avait \u00e9branl\u00e9 les Cara\u00efbes entre Cuba et la Jama\u00efque, ressenti dans plusieurs provinces de Cuba, mais sans faire de d\u00e9g\u00e2ts malgr\u00e9 des \u00e9vacuations \u00e0 La Havane.\n\t\t<\/p>\n<\/div>\n<p><br \/>\n<br \/><a href=\"https:\/\/fr.sott.net\/article\/44104-Il-ne-nous-manquait-plus-que-ca-deux-seismes-coup-sur-coup-a-Cuba\" target=\"_blank\"\">Source link <\/a><\/p>\n","protected":false},"excerpt":{"rendered":"<p>Un puissant s\u00e9isme de magnitude 6,8 a secou\u00e9 dimanche le sud de Cuba, sans faire de victimes, au moment o\u00f9 le pays se remet \u00e0 peine du passage de l&rsquo;ouragan&hellip; <\/p>\n","protected":false},"author":1,"featured_media":232,"comment_status":"open","ping_status":"open","sticky":false,"template":"","format":"standard","meta":{"footnotes":""},"categories":[1],"tags":[],"class_list":["post-558","post","type-post","status-publish","format-standard","has-post-thumbnail","hentry","category-non-classe"],"_links":{"self":[{"href":"https:\/\/monde25.info\/index.php\/wp-json\/wp\/v2\/posts\/558","targetHints":{"allow":["GET"]}}],"collection":[{"href":"https:\/\/monde25.info\/index.php\/wp-json\/wp\/v2\/posts"}],"about":[{"href":"https:\/\/monde25.info\/index.php\/wp-json\/wp\/v2\/types\/post"}],"author":[{"embeddable":true,"href":"https:\/\/monde25.info\/index.php\/wp-json\/wp\/v2\/users\/1"}],"replies":[{"embeddable":true,"href":"https:\/\/monde25.info\/index.php\/wp-json\/wp\/v2\/comments?post=558"}],"version-history":[{"count":0,"href":"https:\/\/monde25.info\/index.php\/wp-json\/wp\/v2\/posts\/558\/revisions"}],"wp:featuredmedia":[{"embeddable":true,"href":"https:\/\/monde25.info\/index.php\/wp-json\/wp\/v2\/media\/232"}],"wp:attachment":[{"href":"https:\/\/monde25.info\/index.php\/wp-json\/wp\/v2\/media?parent=558"}],"wp:term":[{"taxonomy":"category","embeddable":true,"href":"https:\/\/monde25.info\/index.php\/wp-json\/wp\/v2\/categories?post=558"},{"taxonomy":"post_tag","embeddable":true,"href":"https:\/\/monde25.info\/index.php\/wp-json\/wp\/v2\/tags?post=558"}],"curies":[{"name":"wp","href":"https:\/\/api.w.org\/{rel}","templated":true}]}}