{"id":565,"date":"2024-11-21T00:28:04","date_gmt":"2024-11-20T23:28:04","guid":{"rendered":"https:\/\/monde25.info\/index.php\/2024\/11\/21\/au-mali-le-premier-ministre-et-le-gouvernement-limoges-par-les-autorites-militaires\/"},"modified":"2024-11-21T00:28:04","modified_gmt":"2024-11-20T23:28:04","slug":"au-mali-le-premier-ministre-et-le-gouvernement-limoges-par-les-autorites-militaires","status":"publish","type":"post","link":"https:\/\/monde25.info\/index.php\/2024\/11\/21\/au-mali-le-premier-ministre-et-le-gouvernement-limoges-par-les-autorites-militaires\/","title":{"rendered":"Au Mali, le Premier ministre et le gouvernement limog\u00e9s par les autorit\u00e9s militaires"},"content":{"rendered":"<p> <br \/>\n<\/p>\n<div>\n<div class=\"article__meta\" itemscope=\"\" itemtype=\"https:\/\/schema.org\/Article\">\n<p>https:\/\/fr.sputniknews.africa\/20241120\/au-mali-le-premier-ministre-et-le-gouvernement-limoges-par-les-autorites-militaires-1069326249.html<\/p>\n<p><a target=\"_blank\" itemprop=\"url\" href=\"https:\/\/fr.sputniknews.africa\/20241120\/au-mali-le-premier-ministre-et-le-gouvernement-limoges-par-les-autorites-militaires-1069326249.html\" title=\"Au Mali, le Premier ministre et le gouvernement limog\u00e9s par les autorit\u00e9s militaires\"\/><\/p>\n<p>Au Mali, le Premier ministre et le gouvernement limog\u00e9s par les autorit\u00e9s militaires<\/p>\n<p>Au Mali, le Premier ministre et le gouvernement limog\u00e9s par les autorit\u00e9s militaires<\/p>\n<p>Sputnik Afrique<\/p>\n<p>Choguel Kokalla Ma\u00efga et les ministres ont \u00e9t\u00e9 limog\u00e9s par les autorit\u00e9s militaires, indique un d\u00e9cret lu \u00e0 la t\u00e9l\u00e9vision d&rsquo;Etat. 20.11.2024, Sputnik Afrique<\/p>\n<p>2024-11-20T20:58+0100<\/p>\n<p>2024-11-20T20:58+0100<\/p>\n<p>2024-11-20T21:24+0100<\/p>\n<p>choguel kokalla ma\u00efga<\/p>\n<p>mali<\/p>\n<p>https:\/\/cdn1.img.sputniknews.africa\/img\/07e7\/02\/1c\/1058034992_0:0:1024:577_1920x0_80_0_0_bd1ce5837e3ff1007d9a2c7444e6e6a6.jpg<\/p>\n<p>Le weekend dernier, M.Ma\u00efga avait \u00e9voqu\u00e9 \u00ab\u00a0le spectre de la confusion et de l&rsquo;amalgame\u00a0\u00bb qui planerait selon lui sur la p\u00e9riode actuelle dite de transition au Mali.<\/p>\n<p>mali<\/p>\n<div itemprop=\"copyrightHolder\" itemscope=\"\" itemtype=\"http:\/\/schema.org\/Organization\">\n<p>Sputnik Afrique<\/p>\n<p><a target=\"_blank\" itemprop=\"url\" href=\"https:\/\/fr.sputniknews.africa\" title=\"Sputnik Afrique\"> <\/a><\/p>\n<p>feedback.fr@sputniknews.com<\/p>\n<p>+74956456601<\/p>\n<p>MIA \u201eRossiya Segodnya\u201c<\/p>\n<p><a target=\"_blank\" itemprop=\"sameAs\" href=\"https:\/\/t.me\/sputnik_afrique\"> <\/a><a target=\"_blank\" itemprop=\"sameAs\" href=\"https:\/\/t.me\/sputnik_africa\"> <\/a><a target=\"_blank\" itemprop=\"sameAs\" href=\"https:\/\/t.me\/sputnik_ethiopia\"> <\/a><a target=\"_blank\" itemprop=\"sameAs\" href=\"https:\/\/x.com\/sputnik_afrique\"> <\/a><a target=\"_blank\" itemprop=\"sameAs\" href=\"https:\/\/x.com\/sputnik_africa\"> <\/a><\/div>\n<p>2024<\/p>\n<div itemprop=\"creator\" itemscope=\"\" itemtype=\"http:\/\/schema.org\/Organization\">\n<p>Sputnik Afrique<\/p>\n<p><a target=\"_blank\" itemprop=\"url\" href=\"https:\/\/fr.sputniknews.africa\" title=\"Sputnik Afrique\"> <\/a><\/p>\n<p>feedback.fr@sputniknews.com<\/p>\n<p>+74956456601<\/p>\n<p>MIA \u201eRossiya Segodnya\u201c<\/p>\n<p><a target=\"_blank\" itemprop=\"sameAs\" href=\"https:\/\/t.me\/sputnik_afrique\"> <\/a><a target=\"_blank\" itemprop=\"sameAs\" href=\"https:\/\/t.me\/sputnik_africa\"> <\/a><a target=\"_blank\" itemprop=\"sameAs\" href=\"https:\/\/t.me\/sputnik_ethiopia\"> <\/a><a target=\"_blank\" itemprop=\"sameAs\" href=\"https:\/\/x.com\/sputnik_afrique\"> <\/a><a target=\"_blank\" itemprop=\"sameAs\" href=\"https:\/\/x.com\/sputnik_africa\"> <\/a><\/div>\n<p>Actus<\/p>\n<p>fr_FR<\/p>\n<div itemprop=\"sourceOrganization\" itemscope=\"\" itemtype=\"http:\/\/schema.org\/Organization\">\n<p>Sputnik Afrique<\/p>\n<p><a target=\"_blank\" itemprop=\"url\" href=\"https:\/\/fr.sputniknews.africa\" title=\"Sputnik Afrique\"> <\/a><\/p>\n<p>feedback.fr@sputniknews.com<\/p>\n<p>+74956456601<\/p>\n<p>MIA \u201eRossiya Segodnya\u201c<\/p>\n<p><a target=\"_blank\" itemprop=\"sameAs\" href=\"https:\/\/t.me\/sputnik_afrique\"> <\/a><a target=\"_blank\" itemprop=\"sameAs\" href=\"https:\/\/t.me\/sputnik_africa\"> <\/a><a target=\"_blank\" itemprop=\"sameAs\" href=\"https:\/\/t.me\/sputnik_ethiopia\"> <\/a><a target=\"_blank\" itemprop=\"sameAs\" href=\"https:\/\/x.com\/sputnik_afrique\"> <\/a><a target=\"_blank\" itemprop=\"sameAs\" href=\"https:\/\/x.com\/sputnik_africa\"> <\/a><\/div>\n<p><a target=\"_blank\" itemprop=\"thumbnailUrl\" href=\"https:\/\/cdn1.img.sputniknews.africa\/img\/07e7\/02\/1c\/1058034992_0:0:1024:577_1920x0_80_0_0_bd1ce5837e3ff1007d9a2c7444e6e6a6.jpg\"\/><a target=\"_blank\" itemprop=\"thumbnailUrl\" href=\"https:\/\/cdn1.img.sputniknews.africa\/img\/07e7\/02\/1c\/1058034992_66:0:977:683_1920x0_80_0_0_b1a7ee494e1a3c2d8f0c2f5530f008e8.jpg\">https:\/\/cdn1.img.sputniknews.africa\/img\/07e7\/02\/1c\/1058034992_66:0:977:683_1920x0_80_0_0_b1a7ee494e1a3c2d8f0c2f5530f008e8.jpg<\/a><a target=\"_blank\" itemprop=\"thumbnailUrl\" href=\"https:\/\/cdn1.img.sputniknews.africa\/img\/07e7\/02\/1c\/1058034992_180:0:863:683_1920x0_80_0_0_747751dff981223208cec640ce3e6e55.jpg\" title=\"Choguel Kokalla Ma\u00efga\"\/><\/p>\n<div itemprop=\"publisher\" itemscope=\"\" itemtype=\"http:\/\/schema.org\/Organization\">\n<p>Sputnik Afrique<\/p>\n<p><a target=\"_blank\" itemprop=\"url\" href=\"https:\/\/fr.sputniknews.africa\" title=\"Sputnik Afrique\"> <\/a><\/p>\n<p>feedback.fr@sputniknews.com<\/p>\n<p>+74956456601<\/p>\n<p>MIA \u201eRossiya Segodnya\u201c<\/p>\n<p><a target=\"_blank\" itemprop=\"sameAs\" href=\"https:\/\/t.me\/sputnik_afrique\"> <\/a><a target=\"_blank\" itemprop=\"sameAs\" href=\"https:\/\/t.me\/sputnik_africa\"> <\/a><a target=\"_blank\" itemprop=\"sameAs\" href=\"https:\/\/t.me\/sputnik_ethiopia\"> <\/a><a target=\"_blank\" itemprop=\"sameAs\" href=\"https:\/\/x.com\/sputnik_afrique\"> <\/a><a target=\"_blank\" itemprop=\"sameAs\" href=\"https:\/\/x.com\/sputnik_africa\"> <\/a><\/div>\n<p>choguel kokalla ma\u00efga, mali<\/p>\n<div itemprop=\"about\" itemscope=\"\" itemtype=\"https:\/\/schema.org\/Thing\">\n<p>choguel kokalla ma\u00efga, mali<\/p>\n<\/div>\n<\/div>\n<div class=\"article__header\">\n<div class=\"article__info \" data-nosnippet=\"\">\n<div class=\"article__info-date\"><a target=\"_blank\" href=\"https:\/\/fr.sputniknews.africa\/20241120\/\" class=\"\" title=\"Archives des actus\" data-unixtime=\"1732132715\">20:58 20.11.2024<\/a> <span class=\"article__info-date-modified \" data-unixtime=\"1732134281\"> (Mis \u00e0 jour: <span class=\"date\">21:24 20.11.2024<\/span>)<\/span><\/div>\n<\/div>\n<p>Choguel Kokalla Ma\u00efga et les ministres ont \u00e9t\u00e9 limog\u00e9s par les autorit\u00e9s militaires, indique un d\u00e9cret lu \u00e0 la t\u00e9l\u00e9vision d&rsquo;Etat.<\/p>\n<\/div>\n<div class=\"article__body\">\n<div class=\"article__block\" data-type=\"quote\">\n<div class=\"article__quote\">\n<p>\u00ab\u00a0Il est mis fin aux fonctions du Premier ministre et des membres du gouvernement\u00a0\u00bb, dit le d\u00e9cret du g\u00e9n\u00e9ral Assimi Go\u00efta, lu par le secr\u00e9taire g\u00e9n\u00e9ral de la pr\u00e9sidence, Alfousseyni Diawara.<\/p>\n<\/div>\n<\/div>\n<div class=\"article__block\" data-type=\"text\">\n<p>Le weekend dernier, M.Ma\u00efga avait \u00e9voqu\u00e9 <em>\u00ab\u00a0le spectre de la confusion et de l&rsquo;amalgame\u00a0\u00bb <\/em>qui planerait selon lui sur la p\u00e9riode actuelle dite de transition au Mali.<\/p>\n<\/div>\n<\/div>\n<\/div>\n<p><script async=\"async\" type=\"text\/plain\" class=\"_iub_cs_activate\" data-iub-purposes=\"3\" data-suppressedsrc=\"https:\/\/connect.facebook.net\/en_US\/sdk.js#xfbml=1&amp;version=v3.2\"><\/script><br \/>\n<br \/><br \/>\n<br \/><a href=\"https:\/\/fr.sputniknews.africa\/20241120\/au-mali-le-premier-ministre-et-le-gouvernement-limoges-par-les-autorites-militaires-1069326249.html\" target=\"_blank\"\">Source link <\/a><\/p>\n","protected":false},"excerpt":{"rendered":"<p>https:\/\/fr.sputniknews.africa\/20241120\/au-mali-le-premier-ministre-et-le-gouvernement-limoges-par-les-autorites-militaires-1069326249.html Au Mali, le Premier ministre et le gouvernement limog\u00e9s par les autorit\u00e9s militaires Au Mali, le Premier ministre et le gouvernement limog\u00e9s par les autorit\u00e9s militaires Sputnik Afrique Choguel&hellip; <\/p>\n","protected":false},"author":1,"featured_media":566,"comment_status":"open","ping_status":"open","sticky":false,"template":"","format":"standard","meta":{"footnotes":""},"categories":[1],"tags":[],"class_list":["post-565","post","type-post","status-publish","format-standard","has-post-thumbnail","hentry","category-non-classe"],"_links":{"self":[{"href":"https:\/\/monde25.info\/index.php\/wp-json\/wp\/v2\/posts\/565","targetHints":{"allow":["GET"]}}],"collection":[{"href":"https:\/\/monde25.info\/index.php\/wp-json\/wp\/v2\/posts"}],"about":[{"href":"https:\/\/monde25.info\/index.php\/wp-json\/wp\/v2\/types\/post"}],"author":[{"embeddable":true,"href":"https:\/\/monde25.info\/index.php\/wp-json\/wp\/v2\/users\/1"}],"replies":[{"embeddable":true,"href":"https:\/\/monde25.info\/index.php\/wp-json\/wp\/v2\/comments?post=565"}],"version-history":[{"count":0,"href":"https:\/\/monde25.info\/index.php\/wp-json\/wp\/v2\/posts\/565\/revisions"}],"wp:featuredmedia":[{"embeddable":true,"href":"https:\/\/monde25.info\/index.php\/wp-json\/wp\/v2\/media\/566"}],"wp:attachment":[{"href":"https:\/\/monde25.info\/index.php\/wp-json\/wp\/v2\/media?parent=565"}],"wp:term":[{"taxonomy":"category","embeddable":true,"href":"https:\/\/monde25.info\/index.php\/wp-json\/wp\/v2\/categories?post=565"},{"taxonomy":"post_tag","embeddable":true,"href":"https:\/\/monde25.info\/index.php\/wp-json\/wp\/v2\/tags?post=565"}],"curies":[{"name":"wp","href":"https:\/\/api.w.org\/{rel}","templated":true}]}}