{"id":57,"date":"2024-11-14T04:15:34","date_gmt":"2024-11-14T03:15:34","guid":{"rendered":"https:\/\/monde25.info\/index.php\/2024\/11\/14\/les-encheres-israelo-iraniennes-masquent-la-reorganisation-des-alliances-au-moyen-orient-par-thierry-meyssan\/"},"modified":"2024-11-14T04:15:34","modified_gmt":"2024-11-14T03:15:34","slug":"les-encheres-israelo-iraniennes-masquent-la-reorganisation-des-alliances-au-moyen-orient-par-thierry-meyssan","status":"publish","type":"post","link":"https:\/\/monde25.info\/index.php\/2024\/11\/14\/les-encheres-israelo-iraniennes-masquent-la-reorganisation-des-alliances-au-moyen-orient-par-thierry-meyssan\/","title":{"rendered":"Les ench\u00e8res isra\u00e9lo-iraniennes masquent la r\u00e9organisation des alliances au Moyen-Orient, par Thierry Meyssan"},"content":{"rendered":"<p> <br \/>\n<\/p>\n<div>\n<div class=\"spip_document_247190 spip_document spip_documents spip_document_image spip_documents_center spip_document_center spip_document_avec_legende\" data-legende-len=\"687\" data-legende-lenx=\"xxxxx\">\n<figure class=\"spip_doc_inner\">\n<img loading=\"lazy\" decoding=\"async\" src=\"https:\/\/www.voltairenet.org\/local\/cache-vignettes\/L400xH300\/voltairenet.org_-_1-440-53592.jpg?1730787340\" width=\"400\" height=\"300\" alt=\"\"\/><figcaption class=\"spip_doc_legende\">\n<p><strong>Intervenant \u00e0 la t\u00e9l\u00e9vision, le 18 octobre, Benyamin Netanyahou, Premier ministre isra\u00e9lien, a d\u00e9clar\u00e9\u00a0: \u00ab\u00a0L\u2019Axe de la Terreur qui a \u00e9t\u00e9 construit par l\u2019Iran s\u2019effondre sous nos yeux. Nasrallah est mort. Son adjoint Mohsen est mort. Haniyeh est mort. Deif est mort. Sinwar est mort. Le r\u00e8gne de la terreur que le r\u00e9gime iranien a impos\u00e9 \u00e0 son propre peuple et aux peuples d\u2019Iraq, de Syrie, du Liban et du Y\u00e9men finira \u00e9galement. Tous ceux qui cherchent un avenir de prosp\u00e9rit\u00e9 et de paix au Moyen-Orient devraient s\u2019unir pour construire un avenir meilleur. Ensemble, nous pouvons repousser les forces de l\u2019obscurit\u00e9 et cr\u00e9er un avenir de lumi\u00e8re et d\u2019espoir pour nous tous.\u00a0\u00bb<br \/>\n<\/strong><\/p>\n<\/figcaption><\/figure>\n<\/div>\n<p>Depuis un an, nous assistons \u00e0 de fi\u00e8res d\u00e9clarations et \u00e0 des menaces des autorit\u00e9s isra\u00e9liennes et iraniennes. Chacune, comme un coq dress\u00e9 sur ses ergots, nous assure que nous allons voir ce que nous allons voir, que sa r\u00e9ponse sera d\u00e9finitive et douloureuse. Pourtant les deux attaques iraniennes (op\u00e9ration \u00ab\u00a0promesse honn\u00eate\u00a0\u00bb du 13 avril et 1\u00b0 octobre) et les deux isra\u00e9lienne (19 avril et 26 octobre) n\u2019ont pas tenu leurs engagements. Ni T\u00e9h\u00e9ran, ni Tel-Aviv n\u2019ont cherch\u00e9 \u00e0 d\u00e9truire des objectifs strat\u00e9giques chez leur adversaire.<\/p>\n<p>Il y a un mois, j\u2019avais publi\u00e9 un article<span class=\"spip_note_ref\">\u00a0[<a target=\"_blank\" href=\"#nb1\" class=\"spip_note\" rel=\"appendix\" title=\"\u00ab L\u2019Iran et Isra\u00ebl \u00bb, par Thierry Meyssan, R\u00e9seau Voltaire, 8 octobre 2024.\" id=\"nh1\">1<\/a>]<\/span> soulignant les liens profonds et nombreux d\u2019une partie de la classe dirigeante iranienne et des \u00ab\u00a0sionistes r\u00e9visionnistes\u00a0\u00bb<span class=\"spip_note_ref\">\u00a0[<a target=\"_blank\" href=\"#nb2\" class=\"spip_note\" rel=\"appendix\" title=\"\u00ab Le voile se d\u00e9chire : les v\u00e9rit\u00e9s cach\u00e9es de Jabotinsky et Netanyahu \u00bb,\u00a0(\u2026)\" id=\"nh2\">2<\/a>]<\/span>. J\u2019insistais sur le fait que ces groupes sont tr\u00e8s minoritaires chez eux, bien que les premiers aient acc\u00e9d\u00e9 plusieurs fois \u00e0 la pr\u00e9sidence de la R\u00e9publique islamique et que les seconds sont aujourd\u2019hui au pouvoir \u00e0 la t\u00eate de l\u2019\u00c9tat h\u00e9breu. M\u00eame si cela est difficile \u00e0 admettre, aucune de ces deux nations n\u2019est une d\u00e9mocratie et leurs dirigeants peuvent tenir des discours tr\u00e8s \u00e9loign\u00e9s de la r\u00e9alit\u00e9 sans \u00eatre renvers\u00e9s par leur peuple (quoique les Iraniens ont renvers\u00e9 le Shah, il y a 45 ans).<\/p>\n<p>Cependant les deux arm\u00e9es, bien qu\u2019elles se soient vues interdire de blesser significativement leur adversaire, ne se sont pas content\u00e9es de mettre en sc\u00e8ne des feux d\u2019artifice. Elles ont mis \u00e0 profit leurs tirs de missiles, sol-sol pour l\u2019Iran et air-sol pour Isra\u00ebl, pour tester leurs syst\u00e8mes de d\u00e9fense antia\u00e9rienne et pour tenter de d\u00e9truire leurs capacit\u00e9s offensives (l\u2019Iran en attaquant la base a\u00e9rienne des F-35 et Isra\u00ebl en attaquant les usines de fabrication de combustible solide des missiles hypersoniques)<\/p>\n<div class=\"spip_document_247188 spip_document spip_documents spip_document_image spip_documents_center spip_document_center spip_document_avec_legende\" data-legende-len=\"229\" data-legende-lenx=\"xxx\">\n<figure class=\"spip_doc_inner\">\n<img loading=\"lazy\" decoding=\"async\" src=\"https:\/\/www.voltairenet.org\/local\/cache-vignettes\/L400xH300\/voltairenet.org_-_1-439-d54aa.jpg?1730787340\" width=\"400\" height=\"300\" alt=\"\"\/><figcaption class=\"spip_doc_legende\">\n<p><strong>\u00ab\u00a0Les \u00c9tats-Unis et les sionistes recevront une riposte \u00e9crasante pour ce qu\u2019ils font contre l\u2019Iran et la R\u00e9sistance\u00a0\u00bb, a d\u00e9clar\u00e9 l\u2019ayatollah Ali Khamenei, guide supr\u00eame de la R\u00e9volution iranienne, le  2 novembre 2024.<br \/>\n<\/strong><\/p>\n<\/figcaption><\/figure>\n<\/div>\n<p>\u00c0 ce jour, il appara\u00eet que les Forces arm\u00e9es iraniennes peuvent frapper Isra\u00ebl o\u00f9 elles veulent sans que celui-ci et ses alli\u00e9s occidentaux puissent abattre ses missiles hypersoniques, si elles en disposent encore. Il est beaucoup plus probl\u00e9matique pour l\u2019arm\u00e9e de l\u2019Air isra\u00e9lienne de bombarder l\u2019Iran en profondeur. Ses avions ont d\u2019importantes difficult\u00e9s \u00e0 parvenir aux fronti\u00e8res de la R\u00e9publique islamique pour tirer leurs missiles \u00e0 longue port\u00e9e. Mais, Isra\u00ebl sait, qu\u2019il peut compter sur le ravitaillement en vol de ses avions par l\u2019US Air Force et sur la passivit\u00e9 des r\u00e9gimes arabes sionistes, c\u2019est-\u00e0-dire des Jordaniens et des Saoudiens.<\/p>\n<p>Au plan politique, on remarquera que la derni\u00e8re op\u00e9ration isra\u00e9lienne (celle du 26 octobre) a \u00e9t\u00e9 justifi\u00e9e comme une r\u00e9plique \u00e0 l\u2019attaque de la R\u00e9sistance palestinienne le 7 octobre 2023 (op\u00e9ration \u00ab\u00a0D\u00e9luge d\u2019Al-Aqsa\u00a0\u00bb). En effet, Tel-Aviv ne pouvait pas pr\u00e9tendre r\u00e9pliquer au bombardement du 13 avril effectu\u00e9 en repr\u00e9sailles de celui des locaux diplomatiques iraniens de Damas, le 1\u00b0 avril, qui constituait en soi une grave violation du droit international. Il ne pouvait pas non plus invoquer le bombardement iranien du 1\u00b0 octobre qui r\u00e9pliquait \u00e0 l\u2019assassinat d\u2019un leader \u00e9tranger sur son sol (Isma\u00ebl Haniyeh, le 31 juillet) et \u00e0 celui du g\u00e9n\u00e9ral Abbas Nilforoushan au Liban (lors de celui d\u2019Hassan Nasrallah, le 27 septembre).<br class=\"autobr\"\/><br \/>\nIl devient de plus en plus difficile pour Tel-Aviv de justifier ses actions de mani\u00e8re cr\u00e9dible en droit international\u00a0: rendre l\u2019Iran responsable de l\u2019attaque palestinienne du 7 octobre 2023 n\u2019avait pas \u00e9t\u00e9 \u00e9voqu\u00e9 \u00e0 l\u2019\u00e9poque et aucune donn\u00e9e nouvelle ne permet de le cr\u00e9diter. C\u2019est m\u00eame une aberration au regard de la doctrine de \u00ab\u00a0l\u2019Axe de la R\u00e9sistance\u00a0\u00bb du g\u00e9n\u00e9ral Qassem Soleimani, selon laquelle chaque unit\u00e9 nationale doit agir en pleine ind\u00e9pendance. C\u2019est juste une reprise de la vision occidentale selon laquelle, au contraire, ces unit\u00e9s nationales ne sont que des mandataires (<i>proxys<\/i>) de l\u2019imp\u00e9rialisme iranien.<\/p>\n<p>En Isra\u00ebl, l\u2019attaque du 26 octobre 2024 a \u00e9t\u00e9 pr\u00e9sent\u00e9e comme la punition, un an apr\u00e8s, du \u00ab\u00a0pire pogrom\u00a0\u00bb de l\u2019histoire, celui du 7 octobre 2023. <br class=\"autobr\"\/><br \/>\nObservons d\u2019abord que l\u2019assimilation de l\u2019op\u00e9ration de la R\u00e9sistance palestinienne contre un fait colonial \u00e0 un pogrom, c\u2019est-\u00e0-dire \u00e0 une action antis\u00e9mite, est une absurdit\u00e9\u00a0; ainsi que l\u2019a soulign\u00e9 Francesca Albanese, la rapporteuse sp\u00e9ciale sur la situation des droits de l\u2019homme dans les territoires palestiniens occup\u00e9s depuis 1967. <br class=\"autobr\"\/><br \/>\nPuis, relevons qu\u2019Isra\u00ebl a d\u00e9j\u00e0 comm\u00e9mor\u00e9 cette attaque, un an apr\u00e8s sa survenue jour pour jour. Cette seconde date fait r\u00e9f\u00e9rence, selon le calendrier liturgique juif, \u00e0 la f\u00eate de Simh\u2019at Torah, qui tombe cette ann\u00e9e trois semaines apr\u00e8s celle de 2023. Or, jamais l\u2019\u00c9tat d\u2019Isra\u00ebl n\u2019a invoqu\u00e9 jusqu\u2019ici le calendrier liturgique. Le choix m\u00eame de la d\u00e9nomination de \u00ab\u00a0l\u2019\u00c9tat d\u2019Isra\u00ebl\u00a0\u00bb, lors de son autoproclamation par son arm\u00e9e, le 14 mai 1948, vise \u00e0 ne pas choisir entre \u00ab\u00a0R\u00e9publique d\u2019Isra\u00ebl\u00a0\u00bb voulue par les juifs la\u00efques et celui de \u00ab\u00a0Royaume d\u2019Isra\u00ebl\u00a0\u00bb choisi par les juifs religieux. Nous assistons donc \u00e0 une \u00e9volution vers une th\u00e9ocratie assum\u00e9e \u00e0 \u00ab\u00a0J\u00e9rusalem\u00a0\u00bb comme \u00e0 T\u00e9h\u00e9ran (je place ici J\u00e9rusalem entre guillemets car ce n\u2019est pas la capitale internationalement reconnue de l\u2019\u00c9tat h\u00e9breu).<\/p>\n<p>L\u2019attitude iranienne est incompr\u00e9hensible pour ses alli\u00e9s r\u00e9gionaux. T\u00e9h\u00e9ran n\u2019a pas frapp\u00e9 Isra\u00ebl comme il l\u2019avait annonc\u00e9 et a refus\u00e9 de porter secours au Hezbollah. Il a pr\u00e9venu \u00e0 l\u2019avance les Occidentaux de ce qu\u2019il allait faire afin qu\u2019ils puissent intercepter ses missiles et poursuit ses n\u00e9gociations avec les \u00c9tats-Unis. Ce faisant, il a lui-m\u00eame mis fin \u00e0 \u00ab\u00a0l\u2019Axe de la R\u00e9sistance\u00a0\u00bb.<br class=\"autobr\"\/><br \/>\nSimultan\u00e9ment, T\u00e9h\u00e9ran a pouss\u00e9 le Hezbollah \u00e0 choisir en premier le sayyed Hachem Safieddine, pour succ\u00e9der au sayyed Hassan Nasrallah, puis le cheikh Na\u00efm Qassem apr\u00e8s son assassinat. Or, Safieddine \u00e9tait avant tout \u00ab\u00a0l\u2019homme de T\u00e9h\u00e9ran\u00a0\u00bb et Qassem est \u00ab\u00a0l\u2019homme des mollahs\u00a0\u00bb. Tous deux, aussi respectable soient-ils, n\u2019\u00e9tait pas pour le premier et n\u2019est pas pour le second, capables de maintenir l\u2019ind\u00e9pendance du Hezbollah. La R\u00e9sistance libanaise se poursuivra sans nul doute, avec ou sans T\u00e9h\u00e9ran, ce qui voudra dire avec ou sans le Hezbollah.<br class=\"autobr\"\/><br \/>\nMettant en sc\u00e8ne le retournement de son pays, Masoud Pezeshkian, pr\u00e9sident iranien, ne cesse de proclamer que, \u00ab\u00a0si les musulmans sont unis\u00a0\u00bb (ce qu\u2019ils ne sont pas), le r\u00e9gime sioniste ne pourra plus commettre de crimes.<br class=\"autobr\"\/><br \/>\nLe retournement du Hamas, quant \u00e0 lui, est d\u00e9j\u00e0 perceptible. Si l\u2019on ignore qui a succ\u00e9d\u00e9 \u00e0 Yahya Sinwar, le plus probable est que l\u2019organisation sera d\u00e9sormais dirig\u00e9e \u00e0 Gaza par un membre pur et dur de la Confr\u00e9rie des Fr\u00e8res musulmans, Khalil Hayy\u00e9. De la sorte, le Hamas redeviendra ce qu\u2019il \u00e9tait avant 2017\u00a0: un parti politique islamiste luttant contre le Fatah la\u00efque (c\u2019est-\u00e0-dire contre d\u2019autres Palestiniens) et non pas un r\u00e9seau de r\u00e9sistance contre la colonisation isra\u00e9lienne.<\/p>\n<p>Une fois de plus, nous assistons \u00e0 un de ces moments historiques de recomposition des alliances, la logique des institutions n\u2019\u00e9tant pas celle des causes qu\u2019elles pr\u00e9tendent d\u00e9fendre.<\/p>\n<blockquote class=\"spip\">\n<p>Soutenez-nous en\u00a0:<br \/>\n<br \/><span class=\"spip-puce ltr\"><b>\u2013<\/b><\/span>\u00a0versant un <a target=\"_blank\" href=\"https:\/\/buy.stripe.com\/8wMaGSbCC7xo4Ug001\" class=\"spip_out\" rel=\"external\">don de 25 euros<\/a><br \/>\n<br \/><span class=\"spip-puce ltr\"><b>\u2013<\/b><\/span>\u00a0versant un <a target=\"_blank\" href=\"https:\/\/buy.stripe.com\/9AQ16i2222d42M87su\" class=\"spip_out\" rel=\"external\">don de 50 euros<\/a><br \/>\n<br \/><span class=\"spip-puce ltr\"><b>\u2013<\/b><\/span>\u00a0versant un <a target=\"_blank\" href=\"https:\/\/buy.stripe.com\/aEU6qC5ee3h8biEeUX\" class=\"spip_out\" rel=\"external\">don de 100 euros<\/a><br \/>\n<br \/><span class=\"spip-puce ltr\"><b>\u2013<\/b><\/span>\u00a0versant un <a target=\"_blank\" href=\"https:\/\/buy.stripe.com\/00g8yK4aaaJA86s4gk\" class=\"spip_out\" rel=\"external\">don de 500 euros<\/a><br \/>\n<br \/><span class=\"spip-puce ltr\"><b>\u2013<\/b><\/span>\u00a0versant un <a target=\"_blank\" href=\"https:\/\/buy.stripe.com\/dR68yK5ee5pgdqM8wB\" class=\"spip_out\" rel=\"external\">don de 1 000 euros<\/a><br class=\"autobr\"\/><br \/>\nOu mieux\u00a0: <a target=\"_blank\" href=\"https:\/\/www.voltairenet.org\/rubrique121573.html\">abonnez-vous \u00e0 notre lettre confidentielle hebdomadaire<\/a>.<br class=\"autobr\"\/><br \/>\nC\u2019est gr\u00e2ce \u00e0 vous que nous pourrons tenir.<\/p>\n<\/blockquote>\n<\/div>\n<p><br \/>\n<br \/><a href=\"https:\/\/www.voltairenet.org\/article221458.html\" target=\"_blank\"\">Source link <\/a><\/p>\n","protected":false},"excerpt":{"rendered":"<p>Intervenant \u00e0 la t\u00e9l\u00e9vision, le 18 octobre, Benyamin Netanyahou, Premier ministre isra\u00e9lien, a d\u00e9clar\u00e9\u00a0: \u00ab\u00a0L\u2019Axe de la Terreur qui a \u00e9t\u00e9 construit par l\u2019Iran s\u2019effondre sous nos yeux. Nasrallah est&hellip; <\/p>\n","protected":false},"author":1,"featured_media":58,"comment_status":"open","ping_status":"open","sticky":false,"template":"","format":"standard","meta":{"footnotes":""},"categories":[1],"tags":[],"class_list":["post-57","post","type-post","status-publish","format-standard","has-post-thumbnail","hentry","category-non-classe"],"_links":{"self":[{"href":"https:\/\/monde25.info\/index.php\/wp-json\/wp\/v2\/posts\/57","targetHints":{"allow":["GET"]}}],"collection":[{"href":"https:\/\/monde25.info\/index.php\/wp-json\/wp\/v2\/posts"}],"about":[{"href":"https:\/\/monde25.info\/index.php\/wp-json\/wp\/v2\/types\/post"}],"author":[{"embeddable":true,"href":"https:\/\/monde25.info\/index.php\/wp-json\/wp\/v2\/users\/1"}],"replies":[{"embeddable":true,"href":"https:\/\/monde25.info\/index.php\/wp-json\/wp\/v2\/comments?post=57"}],"version-history":[{"count":0,"href":"https:\/\/monde25.info\/index.php\/wp-json\/wp\/v2\/posts\/57\/revisions"}],"wp:featuredmedia":[{"embeddable":true,"href":"https:\/\/monde25.info\/index.php\/wp-json\/wp\/v2\/media\/58"}],"wp:attachment":[{"href":"https:\/\/monde25.info\/index.php\/wp-json\/wp\/v2\/media?parent=57"}],"wp:term":[{"taxonomy":"category","embeddable":true,"href":"https:\/\/monde25.info\/index.php\/wp-json\/wp\/v2\/categories?post=57"},{"taxonomy":"post_tag","embeddable":true,"href":"https:\/\/monde25.info\/index.php\/wp-json\/wp\/v2\/tags?post=57"}],"curies":[{"name":"wp","href":"https:\/\/api.w.org\/{rel}","templated":true}]}}