{"id":5712,"date":"2025-04-04T06:10:37","date_gmt":"2025-04-04T04:10:37","guid":{"rendered":"https:\/\/monde25.info\/index.php\/2025\/04\/04\/von-der-leyen-et-la-commission-europeenne-soffrent-un-nouvelle-hausse-de-salaire-enfant-de-la-societe-sott-net\/"},"modified":"2025-04-04T06:10:37","modified_gmt":"2025-04-04T04:10:37","slug":"von-der-leyen-et-la-commission-europeenne-soffrent-un-nouvelle-hausse-de-salaire-enfant-de-la-societe-sott-net","status":"publish","type":"post","link":"https:\/\/monde25.info\/index.php\/2025\/04\/04\/von-der-leyen-et-la-commission-europeenne-soffrent-un-nouvelle-hausse-de-salaire-enfant-de-la-societe-sott-net\/","title":{"rendered":"von der Leyen et la Commission europ\u00e9enne s&rsquo;offrent un nouvelle hausse de salaire \u2014 Enfant de la Soci\u00e9t\u00e9 \u2014 Sott.net"},"content":{"rendered":"<p> <br \/>\n<\/p>\n<div>\n      Alors que des millions d&rsquo;Europ\u00e9ens, et particuli\u00e8rement les Fran\u00e7ais, peinent \u00e0 joindre les deux bouts face \u00e0 une inflation galopante et une crise \u00e9conomique persistante, la Commission europ\u00e9enne vient de s&rsquo;offrir une nouvelle augmentation salariale.<\/p>\n<div class=\"article-image-large to-center\"><a target=\"_blank\" href=\"https:\/\/fr.sott.net\/image\/s36\/725683\/full\/Von_der_Leyen.jpg\" target=\"_blank\" title=\"\u00a9 France-Soir avec IA\"><img decoding=\"async\" src=\"https:\/\/fr.sott.net\/image\/s36\/725683\/large\/Von_der_Leyen.jpg\" alt=\"von der leyen\" title=\"Cliquer pour agrandir\"\/><\/a><\/p>\n<p><span class=\"tiny\">\u00a9 France-Soir avec IA<\/span><span class=\"caption\">La Commission europ\u00e9enne et von der Leyen s\u2019octroient une nouvelle hausse de salaire : l\u2019ind\u00e9cence au sommet<\/span><\/p>\n<\/div>\n<p>\n      Oui, vous avez bien lu : Ursula von der Leyen, pr\u00e9sidente de la Commission, verra son salaire mensuel grimper \u00e0 34 800\u20ac en 2025, soit une hausse de 2 700\u20ac par mois. Les commissaires europ\u00e9ens, eux, ne sont pas en reste, avec un salaire qui atteindra 28 400\u20ac par mois, en progression de 2 200\u20ac. Et ce, sans compter leurs avantages en nature &#8211; chauffeurs, logements de fonction, frais de voyage &#8211; que beaucoup qualifieraient de mirobolants.<\/p>\n<p>Cette hausse, effective pour 2025, n&rsquo;est pas une surprise isol\u00e9e. En trois ans, les salaires des hauts fonctionnaires europ\u00e9ens ont \u00e9t\u00e9 r\u00e9guli\u00e8rement revaloris\u00e9s, suivant un m\u00e9canisme automatique d&rsquo;ajustement \u00e0 l&rsquo;inflation et au co\u00fbt de la vie. Certains parlent m\u00eame d&rsquo;une \u00ab septi\u00e8me hausse en trois ans \u00bb, bien que le chiffre exact reste sujet \u00e0 d\u00e9bat &#8211; disons trois \u00e0 quatre augmentations bien r\u00e9elles depuis 2022. Pendant ce temps, dans les rues de France et d&rsquo;ailleurs en Europe, les salaires stagnent. Les gouvernements invoquent tour \u00e0 tour la crise du COVID, l&rsquo;inflation ou la guerre en Ukraine pour justifier l&rsquo;absence de revalorisations significatives pour les travailleurs. Les smicards fran\u00e7ais, par exemple, ont vu leur salaire minimum augmenter de quelques euros symboliques en 2024, bien loin de compenser la flamb\u00e9e des prix alimentaires ou \u00e9nerg\u00e9tiques.<\/p>\n<p><span class=\"BoldGrey\">Une m\u00e9canique bien huil\u00e9e pour les \u00e9lites<\/span><\/p>\n<p>\u00c0 Bruxelles, pas de tergiversations. Les salaires des commissaires sont index\u00e9s sur des indices \u00e9conomiques, garantissant des hausses r\u00e9guli\u00e8res. En 2022, Ursula von der Leyen touchait environ 29 205\u20ac par mois. Aujourd&rsquo;hui, elle fr\u00f4le les 35 000\u20ac, une progression de plus de 19 % en trois ans. Pour les commissaires, le bond est similaire : de 23 809\u20ac en 2022 \u00e0 28 400\u20ac en 2025. Pendant ce temps, le salaire m\u00e9dian en France plafonne \u00e0 environ 2 000\u20ac nets par mois, et les augmentations, quand elles existent, se comptent en centimes.\n<\/p>\n<blockquote>\n<blockquote class=\"typ1\"><p>\n \ud83c\uddea\ud83c\uddfa\ud83d\udcb0<br \/>\n<br \/>LA COMMISSION S&rsquo;OCTROIE<br \/>\n<br \/>UNE 7e HAUSSE DE SALAIRE EN 3 ANS<br \/>\n<br \/>\u25aa\ufe0fLeyen se verse d\u00e9sormais 34.800 \u20ac\/mois (+2.700 \u20ac\/mois)<br \/>\n<br \/>\u25aa\ufe0fLes Commissaires\ud83c\uddea\ud83c\uddfa s&rsquo;attribuent 28.400 \u20ac\/mois (+2.200 \u20ac\/mois).<br \/>\n<br \/>\u25aa\ufe0fs&rsquo;y ajoutent des avantages en nature mirobolants<br \/>\n<br \/>Tout \u00e7a pay\u00e9 en partie par les Fran\u00e7ais. <a target=\"_blank\" href=\"https:\/\/t.co\/CAMbl4sTSh\">https:\/\/t.co\/CAMbl4sTSh<\/a><\/p>\n<p>\u2014 Fran\u00e7ois Asselineau \ud83c\uddeb\ud83c\uddf7 (@f_asselineau) <a target=\"_blank\" href=\"https:\/\/twitter.com\/f_asselineau\/status\/1904542264149299313?ref_src=twsrc%5Etfw\">March 25, 2025<\/a>\n<\/p>\n<\/blockquote>\n<\/blockquote>\n<p> Les justifications officielles ? L&rsquo;inflation, bien s\u00fbr, qui touche aussi les \u00e9lites, semble-t-il. Mais l\u00e0 o\u00f9 un Fran\u00e7ais moyen doit se serrer la ceinture, la Commission se contente d&rsquo;ajuster ses \u00e9moluments sans sourciller. Ajoutez \u00e0 cela des avantages qui feraient r\u00eaver n&rsquo;importe quel salari\u00e9 : une indemnit\u00e9 de r\u00e9sidence de 15 % du salaire, des frais de d\u00e9placement couverts, et des retraites dor\u00e9es post-mandat. <strong>Pendant que les Europ\u00e9ens triment, leurs repr\u00e9sentants \u00e0 Bruxelles s&rsquo;assurent un train de vie toujours plus confortable.<\/strong><\/p>\n<p><span class=\"BoldGrey\">L&rsquo;indignation monte, mais rien ne change<\/span><\/p>\n<p>Cette nouvelle hausse, rapport\u00e9e par des m\u00e9dias comme <em>Bild<\/em> et amplifi\u00e9e sur les r\u00e9seaux sociaux, a de quoi faire grincer des dents. En France, o\u00f9 le pouvoir d&rsquo;achat est un sujet br\u00fblant depuis les Gilets jaunes, le contraste est saisissant. Les excuses ne manquent pas pour refuser des hausses de salaires g\u00e9n\u00e9ralis\u00e9es : \u00ab le COVID a vid\u00e9 les caisses \u00bb, \u00ab l&rsquo;inflation est hors de contr\u00f4le \u00bb, \u00ab il faut rester comp\u00e9titifs \u00bb. Mais \u00e0 Bruxelles, ces arguments semblent ne pas s&rsquo;appliquer. Les citoyens, eux, restent sur le carreau, tandis que leurs imp\u00f4ts financent indirectement ces augmentations via le budget de l&rsquo;UE.<\/p>\n<p>Alors, combien de hausses faudra-t-il encore pour que la Commission se rende compte de l&rsquo;ind\u00e9cence de la situation ? Les Fran\u00e7ais verront-ils eux leurs salaires revaloris\u00e9s au m\u00eame rythme que ceux de leurs \u00e9lites europ\u00e9ennes ? Pour l&rsquo;instant, le message est clair : \u00e0 Bruxelles, comme sous les ors de la r\u00e9publique o\u00f9 les derni\u00e8res augmentations de frais de mandat avaient fait tache, on prend soin des siens, pendant que l&rsquo;on fait miroiter aux gueux les miettes.<\/p>\n<p><em>[Article publi\u00e9 le 26 mars 2025]<\/em>\n\t\t<\/p>\n<\/div>\n<p><script async src=\"\/\/platform.twitter.com\/widgets.js\" charset=\"utf-8\"><\/script><br \/>\n<br \/><br \/>\n<br \/><a href=\"https:\/\/fr.sott.net\/article\/44293-L-indecence-decomplexee-von-der-Leyen-et-la-Commission-europeennes-offrent-un-nouvelle-hausse-de-salaire\" target=\"_blank\"\">Source link <\/a><\/p>\n","protected":false},"excerpt":{"rendered":"<p>Alors que des millions d&rsquo;Europ\u00e9ens, et particuli\u00e8rement les Fran\u00e7ais, peinent \u00e0 joindre les deux bouts face \u00e0 une inflation galopante et une crise \u00e9conomique persistante, la Commission europ\u00e9enne vient de&hellip; <\/p>\n","protected":false},"author":1,"featured_media":5713,"comment_status":"open","ping_status":"open","sticky":false,"template":"","format":"standard","meta":{"footnotes":""},"categories":[1],"tags":[],"class_list":["post-5712","post","type-post","status-publish","format-standard","has-post-thumbnail","hentry","category-non-classe"],"_links":{"self":[{"href":"https:\/\/monde25.info\/index.php\/wp-json\/wp\/v2\/posts\/5712","targetHints":{"allow":["GET"]}}],"collection":[{"href":"https:\/\/monde25.info\/index.php\/wp-json\/wp\/v2\/posts"}],"about":[{"href":"https:\/\/monde25.info\/index.php\/wp-json\/wp\/v2\/types\/post"}],"author":[{"embeddable":true,"href":"https:\/\/monde25.info\/index.php\/wp-json\/wp\/v2\/users\/1"}],"replies":[{"embeddable":true,"href":"https:\/\/monde25.info\/index.php\/wp-json\/wp\/v2\/comments?post=5712"}],"version-history":[{"count":0,"href":"https:\/\/monde25.info\/index.php\/wp-json\/wp\/v2\/posts\/5712\/revisions"}],"wp:featuredmedia":[{"embeddable":true,"href":"https:\/\/monde25.info\/index.php\/wp-json\/wp\/v2\/media\/5713"}],"wp:attachment":[{"href":"https:\/\/monde25.info\/index.php\/wp-json\/wp\/v2\/media?parent=5712"}],"wp:term":[{"taxonomy":"category","embeddable":true,"href":"https:\/\/monde25.info\/index.php\/wp-json\/wp\/v2\/categories?post=5712"},{"taxonomy":"post_tag","embeddable":true,"href":"https:\/\/monde25.info\/index.php\/wp-json\/wp\/v2\/tags?post=5712"}],"curies":[{"name":"wp","href":"https:\/\/api.w.org\/{rel}","templated":true}]}}