{"id":5748,"date":"2025-04-04T19:23:40","date_gmt":"2025-04-04T17:23:40","guid":{"rendered":"https:\/\/monde25.info\/index.php\/2025\/04\/04\/les-parlementaires-se-fachent-bayrou-recule\/"},"modified":"2025-04-04T19:23:40","modified_gmt":"2025-04-04T17:23:40","slug":"les-parlementaires-se-fachent-bayrou-recule","status":"publish","type":"post","link":"https:\/\/monde25.info\/index.php\/2025\/04\/04\/les-parlementaires-se-fachent-bayrou-recule\/","title":{"rendered":"les parlementaires se f\u00e2chent, Bayrou recule"},"content":{"rendered":"<p> <br \/>\n<\/p>\n<div>\n<p>C\u2019est un nouveau rebondissement dans l\u2019interminable feuilleton de la <a target=\"_blank\" href=\"https:\/\/reporterre.net\/La-France-cancre-des-energies-renouvelables\">programmation \u00e9nerg\u00e9tique fran\u00e7aise<\/a>. Face \u00e0 l\u2019indignation de parlementaires de tous bords, le Premier ministre Fran\u00e7ois Bayrou a annonc\u00e9 le 2\u00a0avril <a target=\"_blank\" href=\"https:\/\/www.lefigaro.fr\/politique\/menace-de-censure-du-rn-francois-bayrou-annonce-un-debat-sur-la-strategie-energetique-au-parlement-20250402\" class=\"spip_out\" rel=\"external\">au <i>Figaro<\/i><\/a> la tenue d\u2019un d\u00e9bat au Parlement. Un exercice tr\u00e8s attendu par la droite et l\u2019extr\u00eame droite, qui y voient l\u2019occasion de raboter les objectifs de d\u00e9ploiement des \u00e9nergies renouvelables au profit du nucl\u00e9aire. Ce d\u00e9bat ne sera toutefois pas suivi de vote et sa date n\u2019a pas encore \u00e9t\u00e9 fix\u00e9e.<\/p>\n<p>Fran\u00e7ois Bayrou a aussi annonc\u00e9 le sauvetage de la proposition de loi de programmation \u00e9nerg\u00e9tique du s\u00e9nateur des Vosges Daniel Gremillet (Les R\u00e9publicains, <span class=\"caps\">LR<\/span>), qui devrait \u00eatre inscrite \u00e0 l\u2019ordre du jour de l\u2019Assembl\u00e9e nationale. Le <a target=\"_blank\" href=\"https:\/\/www.senat.fr\/leg\/tas24-004.html\" class=\"spip_out\" rel=\"external\">texte<\/a> avait \u00e9t\u00e9 adopt\u00e9 au S\u00e9nat le 16\u00a0octobre dernier. Il fait la part belle \u00e0 l\u2019atome au d\u00e9triment des \u00e9nergies renouvelables, avec un maintien de la part du nucl\u00e9aire dans la production d\u2019\u00e9lectricit\u00e9 \u00e0 plus de 60<small class=\"fine d-inline\">\u00a0<\/small>% \u00e0 l\u2019horizon\u00a02030.<\/p>\n<h2 class=\"spip\">Les \u00e9nergies fossiles en question<\/h2>\n<p>Il ambitionne aussi de <i>\u00ab<small class=\"fine d-inline\">\u00a0<\/small>tendre vers<small class=\"fine d-inline\">\u00a0<\/small>\u00bb<\/i> 27\u00a0gigawatts\u00a0(<span class=\"caps\">GW<\/span>) de nouvelles capacit\u00e9s install\u00e9es de production d\u2019\u00e9lectricit\u00e9 d\u2019origine nucl\u00e9aire d\u2019ici\u00a02050, ce qui correspondrait \u00e0 la construction d\u2019au moins 14\u00a0r\u00e9acteurs nucl\u00e9aires et 15\u00a0petits r\u00e9acteurs modulaires\u00a0(<span class=\"caps\">SMR<\/span>) d\u2019apr\u00e8s la <a target=\"_blank\" href=\"https:\/\/www.senat.fr\/leg\/ppl23-555.html\" class=\"spip_out\" rel=\"external\">proposition originelle<\/a> de Daniel\u00a0Gremillet.<\/p>\n<p>Cette proposition de loi avait \u00e9t\u00e9 soutenue \u00e0 contrec\u0153ur par le gouvernement\u00a0: l\u2019ex-ministre charg\u00e9e de l\u2019\u00c9nergie Olga Givernet avait salu\u00e9 une convergence <i>\u00ab<small class=\"fine d-inline\">\u00a0<\/small>sur un certain nombre de points<small class=\"fine d-inline\">\u00a0<\/small>\u00bb<\/i>, malgr\u00e9 une <i>\u00ab<small class=\"fine d-inline\">\u00a0<\/small>r\u00e9elle divergence<small class=\"fine d-inline\">\u00a0<\/small>\u00bb<\/i> sur <i>\u00ab<small class=\"fine d-inline\">\u00a0<\/small>l\u2019objectif d\u2019un mix majoritairement nucl\u00e9aire en\u00a02050<small class=\"fine d-inline\">\u00a0<\/small>\u00bb<\/i>. Il ne figurait cependant pas dans l\u2019ordre du jour de l\u2019Assembl\u00e9e nationale transmis au Parlement le 18\u00a0f\u00e9vrier.<\/p>\n<p><a target=\"_blank\" href=\"https:\/\/reporterre.net\/La-France-cancre-des-energies-renouvelables\" class=\"lien_lireaussi\"><strong>Lire aussi : <\/strong> <span>\u00ab<small class=\"fine d-inline\">\u00a0<\/small>La strat\u00e9gie pour l\u2019\u00e9nergie et le climat est une tromperie<small class=\"fine d-inline\">\u00a0<\/small>\u00bb<\/span><\/a><\/p>\n<p>Ces d\u00e9clarations interviennent alors que la programmation pluriannuelle de l\u2019\u00e9nergie 2025-2035\u00a0(<span class=\"caps\">PPE<\/span>\u00a03) doit \u00eatre adopt\u00e9e par d\u00e9cret courant avril, comme l\u2019a confirm\u00e9 Matignon au <i>Figaro<\/i>. Cette <a target=\"_blank\" href=\"https:\/\/www.consultations-publiques.developpement-durable.gouv.fr\/IMG\/pdf\/02__projet_de_ppe_3.pdf\" class=\"spip_out\" rel=\"external\">feuille de route<\/a> de 221\u00a0pages fixe les grands objectifs \u00e9nerg\u00e9tiques de la France pour 2035, notamment en mati\u00e8re d\u2019\u00e9nergies fossiles.<\/p>\n<p>Ces derni\u00e8res ne devraient plus repr\u00e9senter que 30<small class=\"fine d-inline\">\u00a0<\/small>% de la consommation \u00e9nerg\u00e9tique finale \u00e0 cette date, contre environ 60<small class=\"fine d-inline\">\u00a0<\/small>% en\u00a02023, et de d\u00e9ploiement des \u00e9nergies renouvelables\u00a0: 65\u00a0\u00e0 90\u00a0<span class=\"caps\">GW<\/span> de capacit\u00e9 photovolta\u00efque en\u00a02035\u00a0(contre 19,3\u00a0<span class=\"caps\">GW<\/span> en\u00a02023), 40\u00a0\u00e0 45\u00a0<span class=\"caps\">GW<\/span> d\u2019\u00e9olien terrestre, 18\u00a0<span class=\"caps\">GW<\/span> d\u2019\u00e9olien en mer\u00a0(contre 0,84\u00a0<span class=\"caps\">GW<\/span> en\u00a02023), etc.<\/p>\n<h2 class=\"spip\">Bronca chez les parlementaires<\/h2>\n<p>Sauf que le choix du gouvernement de valider la <span class=\"caps\">PP3<\/span> par d\u00e9cret a entra\u00een\u00e9 une lev\u00e9e de boucliers chez les parlementaires, outr\u00e9s d\u2019\u00eatre court-circuit\u00e9s de la sorte. En effet, le <a target=\"_blank\" href=\"https:\/\/www.legifrance.gouv.fr\/codes\/article_lc\/LEGIARTI000048586336\" class=\"spip_out\" rel=\"external\">Code de l\u2019\u00e9nergie<\/a> stipule qu\u2019<i>\u00ab<small class=\"fine d-inline\">\u00a0<\/small>avant le 1<sup class=\"typo_exposants\">er<\/sup>\u00a0juillet\u00a02023, puis tous les cinq ans, une loi d\u00e9termine les objectifs et fixe les priorit\u00e9s d\u2019action de la politique \u00e9nerg\u00e9tique nationale<small class=\"fine d-inline\">\u00a0<\/small>\u00bb<\/i>.<\/p>\n<p>Las, l\u2019\u00e9laboration de cette loi a \u00e9t\u00e9 repouss\u00e9e \u00e0 de nombreuses reprises, en raison d\u2019un contexte politique difficile, li\u00e9 \u00e0 l\u2019absence de majorit\u00e9 \u00e0 l\u2019Assembl\u00e9e nationale et la dissolution. L\u2019ex\u00e9cutif avait finalement opt\u00e9 pour une loi <a target=\"_blank\" href=\"https:\/\/reporterre.net\/Loi-souverainete-energetique-Macron-a-fond-l-atome\">de souverainet\u00e9 \u00e9nerg\u00e9tique<\/a>, qu\u2019il avait d\u00e9finitivement enterr\u00e9e en avril\u00a02024.<\/p>\n<p><a target=\"_blank\" href=\"https:\/\/reporterre.net\/Loi-souverainete-energetique-Macron-a-fond-l-atome\" class=\"lien_lireaussi\"><strong>Lire aussi : <\/strong> <span>Souverainet\u00e9 \u00e9nerg\u00e9tique\u00a0: les renouvelables sacrifi\u00e9es sur l\u2019autel du nucl\u00e9aire<\/span><\/a><\/p>\n<p>Des parlementaires de tous bords avaient alors tent\u00e9 d\u2019organiser eux-m\u00eames le d\u00e9bat en d\u00e9posant des propositions de loi de programmation \u00e9nerg\u00e9tique ces derniers mois\u00a0: <a target=\"_blank\" href=\"https:\/\/www.assemblee-nationale.fr\/dyn\/16\/dossiers\/nouveaux_objectifs_programmation_energetique#-DEPOT\" class=\"spip_out\" rel=\"external\">celle<\/a> de la d\u00e9put\u00e9e (Les \u00c9cologistes) de Loire-Atlantique Julie Laernoes, adopt\u00e9e en commission des affaires \u00e9conomiques le 27\u00a0mars dernier<small class=\"fine d-inline\">\u00a0<\/small>; <a target=\"_blank\" href=\"https:\/\/www.assemblee-nationale.fr\/dyn\/16\/textes\/l16b2543_proposition-loi#\" class=\"spip_out\" rel=\"external\">celle<\/a> de l\u2019ex-d\u00e9put\u00e9 (Liot) Benjamin Saint-Huile, qui n\u2019avait toutefois pas \u00e9t\u00e9 inscrite \u00e0 l\u2019ordre du jour de la niche parlementaire du groupe en juin\u00a0dernier<small class=\"fine d-inline\">\u00a0<\/small>; et \u00e9videmment celle de Daniel\u00a0Gremillet.<\/p>\n<h2 class=\"spip\">Le travail parlementaire ignor\u00e9<\/h2>\n<p>La fronde s\u2019est intensifi\u00e9e \u00e0 l\u2019approche de la publication du d\u00e9cret. <i>\u00ab<small class=\"fine d-inline\">\u00a0<\/small>Ce projet de <span class=\"caps\">PPE<\/span>\u00a03\u00a0ne tient pas compte des conclusions de la commission d\u2019enqu\u00eate du S\u00e9nat sur la production, la consommation et les prix de l\u2019\u00e9lectricit\u00e9 ni de la proposition de loi [\u2026] adopt\u00e9e au S\u00e9nat le 16\u00a0octobre dernier. Le travail parlementaire [\u2026] ne peut \u00eatre \u00e0 ce point ignor\u00e9 surtout dans le contexte politique actuel. Aussi nous vous demandons de renoncer \u00e0 la publication de ce d\u00e9cret<small class=\"fine d-inline\">\u00a0<\/small>\u00bb<\/i>, <a target=\"_blank\" href=\"https:\/\/www.contexte.com\/medias\/pdf\/medias-documents\/2025\/3\/lettre-senateurs-ppe3-KNCF.pdf\" class=\"spip_out\" rel=\"external\">ont \u00e9crit<\/a> \u00e0 Fran\u00e7ois\u00a0Bayrou plus de 160\u00a0s\u00e9nateurs, dans un courrier du 11\u00a0mars d\u00e9voil\u00e9 par <i>Contexte<\/i>.<\/p>\n<div class=\"spip_document_90016 spip_document spip_documents spip_document_image spip_documents_center spip_document_center spip_document_avec_legende\" data-legende-len=\"151\" data-legende-lenx=\"xxx\">\n<figure class=\"spip_doc_inner\">\n      <picture><source type=\"image\/webp\" srcset=\"https:\/\/reporterre.net\/local\/cache-vignettes\/L1050xH700\/eoliennes-2-7c626.jpg@.webp?1743756804\"><img decoding=\"async\" src=\"https:\/\/reporterre.net\/IMG\/jpg\/eoliennes-2.jpg\" width=\"1200\" height=\"800\" loading=\"lazy\" alt=\"\"\/><br \/>\n    <\/source><\/picture><figcaption class=\"spip_doc_legende\">\n<p>La proposition de loi de programmation \u00e9nerg\u00e9tique des R\u00e9publicains fait la part belle \u00e0 l\u2019atome, au d\u00e9triment des \u00e9nergies renouvelables.<br \/>\n<i>Pixabay\/<span class=\"caps\">CC<\/span><br \/>\n<\/i><\/p>\n<\/figcaption><\/figure>\n<\/p><\/div>\n<p>Une nouvelle offensive a eu lieu lors de l\u2019examen du projet de loi de Simplification de la vie \u00e9conomique en commission sp\u00e9ciale\u00a0: un <a target=\"_blank\" href=\"https:\/\/www.assemblee-nationale.fr\/dyn\/17\/amendements\/0481\/CSVIEECO\/509\" class=\"spip_out\" rel=\"external\">amendement<\/a> du d\u00e9put\u00e9 (Horizons) d\u2019Indre-et-Loire Henri Alfandari pr\u00e9voit qu\u2019<i>\u00ab<small class=\"fine d-inline\">\u00a0<\/small>une seule loi de programmation pluriannuelle de l\u2019\u00e9nergie [\u2026] d\u00e9terminera les objectifs de production d\u2019\u00e9nergie d\u00e9carbon\u00e9e et fixera les priorit\u00e9s d\u2019action de la politique \u00e9nerg\u00e9tique nationale pour les soixante ann\u00e9es \u00e0 venir<small class=\"fine d-inline\">\u00a0<\/small>\u00bb<\/i> avant le 1<sup class=\"typo_exposants\">er<\/sup>\u00a0juillet 2026 \u2014\u00a0une formulation qui sape la l\u00e9galit\u00e9 des <span class=\"caps\">PPE<\/span>. Il a \u00e9t\u00e9 adopt\u00e9 le 26\u00a0mars contre l\u2019avis du gouvernement. Le projet de loi de Simplification sera examin\u00e9 en s\u00e9ance pl\u00e9ni\u00e8re \u00e0 l\u2019Assembl\u00e9e nationale le 8\u00a0avril.<\/p>\n<p><a target=\"_blank\" href=\"https:\/\/reporterre.net\/Hors-la-loi-la-France-decide-son-futur-energetique-sans-debat-democratique\" class=\"lien_lireaussi\"><strong>Lire aussi : <\/strong> <span>\u00ab<small class=\"fine d-inline\">\u00a0<\/small>Hors-la-loi<small class=\"fine d-inline\">\u00a0<\/small>\u00bb, le gouvernement impose sans d\u00e9bat le futur \u00e9nerg\u00e9tique de la France<\/span><\/a><\/p>\n<p>Dans ce jeu parlementaire, le Rassemblement national\u00a0(<span class=\"caps\">RN<\/span>) n\u2019est pas en reste. <a target=\"_blank\" href=\"https:\/\/www.francebleu.fr\/infos\/politique\/en-visite-au-sein-de-l-epr-de-flamanville-marine-le-pen-salue-une-cathedrale-de-notre-souverainete-energetique-9618858\" class=\"spip_out\" rel=\"external\">En visite \u00e0 l\u2019<span class=\"caps\">EPR<\/span> de Flamanville (Manche)<\/a> le 11\u00a0mars, la d\u00e9put\u00e9e du Pas-de-Calais et ex-patronne du <span class=\"caps\">RN<\/span> Marine Le Pen a appel\u00e9 Fran\u00e7ois Bayrou \u00e0 renoncer \u00e0 son projet de d\u00e9cret <span class=\"caps\">PPE<\/span>\u00a03, lequel serait trop favorable aux \u00e9nergies renouvelables <i>\u00ab<small class=\"fine d-inline\">\u00a0<\/small>intermittentes<small class=\"fine d-inline\">\u00a0<\/small>\u00bb<\/i>.<\/p>\n<p><i>\u00ab<small class=\"fine d-inline\">\u00a0<\/small>Bayrou, il commence \u00e0 m\u2019\u00e9nerver. S\u2019ils mettent en \u0153uvre ce plan de 37\u00a0milliards d\u2019euros de <span class=\"caps\">RTE<\/span> [le gestionnaire national du r\u00e9seau de transport d\u2019\u00e9lectricit\u00e9] pour raccorder les \u00e9oliennes en mer par d\u00e9cret, sans passer par le vote, je vais me f\u00e2cher<small class=\"fine d-inline\">\u00a0<\/small>\u00bb<\/i>, a-t-elle dit <a target=\"_blank\" href=\"https:\/\/www.lefigaro.fr\/politique\/place-de-la-france-en-afrique-ineligibilite-et-heritage-de-son-pere-les-confidences-de-marine-le-pen-20250319\" class=\"spip_out\" rel=\"external\">au <i>Figaro Magazine<\/i><\/a>, laissant planer la menace d\u2019une censure du gouvernement.<\/p>\n<h2 class=\"spip\">L\u2019urgence de la planification<\/h2>\n<p>Quelques jours plus tard, le parti d\u2019extr\u00eame droite promettait de reprendre \u00e0 son compte la proposition de loi de Daniel\u00a0Gremillet. <i>\u00ab<small class=\"fine d-inline\">\u00a0<\/small>Le <span class=\"caps\">RN<\/span> sait tr\u00e8s bien que si la <span class=\"caps\">PPE<\/span>\u00a03 n\u2019est pas adopt\u00e9e tr\u00e8s vite, ce ne sera pas le nucl\u00e9aire qui sera le plus impact\u00e9, mais les \u00e9nergies renouvelables qui ont besoin d\u2019appels d\u2019offres et de soutien public pour se d\u00e9ployer<small class=\"fine d-inline\">\u00a0<\/small>\u00bb<\/i>, analyse Bastien Cuq, <a target=\"_blank\" href=\"https:\/\/reporterre.net\/Baisse-des-emissions-dans-l-UE-On-exporte-la-pollution-ailleurs\">responsable \u00e9nergie au R\u00e9seau Action Climat<\/a> (<span class=\"caps\">RAC<\/span>).<\/p>\n<blockquote class=\"spip\">\n<p> \u00ab<small class=\"fine d-inline\">\u00a0<\/small>C\u2019est un sujet sur lequel <br class=\"autobr\"\/><br \/>\nvous n\u2019avez que des postures<small class=\"fine d-inline\">\u00a0<\/small>\u00bb<\/p>\n<\/blockquote>\n<p>Si Fran\u00e7ois Bayrou semble avoir en partie c\u00e9d\u00e9, le gouvernement r\u00e9pugne toujours \u00e0 l\u2019id\u00e9e d\u2019un d\u00e9bat parlementaire sur une loi de programmation \u00e9nerg\u00e9tique. <i>\u00ab<small class=\"fine d-inline\">\u00a0<\/small>On va se foutre sur la gueule, \u00e7a va \u00eatre horrible<\/i>, pr\u00e9dit une source gouvernementale. <i>Personne n\u2019a envie de discuter d\u2019un truc sur lequel il va y avoir une empoignade g\u00e9n\u00e9ralis\u00e9e [\u2026] C\u2019est un sujet sur lequel vous n\u2019avez que des postures.<small class=\"fine d-inline\">\u00a0<\/small>\u00bb<\/i><\/p>\n<p>De son c\u00f4t\u00e9, le <span class=\"caps\">RAC<\/span> d\u00e9fend la publication du d\u00e9cret. <i>\u00ab<small class=\"fine d-inline\">\u00a0<\/small>La <span class=\"caps\">PPE<\/span>\u00a03\u00a0est en concertation depuis tr\u00e8s longtemps. C\u2019est un document tr\u00e8s complet, qui s\u2019appuie sur les travaux de mod\u00e9lisation des services de l\u2019\u00c9tat en concertation avec \u00e9norm\u00e9ment d\u2019acteurs \u2014 des repr\u00e9sentants de toutes les fili\u00e8res, des <span class=\"caps\">ONG<\/span> et des politiques<small class=\"fine d-inline\">\u00a0<\/small>\u00bb<\/i>, rappelle Bastien Cuq.<\/p>\n<p>Repousser encore la planification \u00e9nerg\u00e9tique pour se laisser le temps d\u2019un d\u00e9bat parlementaire risquerait de porter un coup fatal \u00e0 certaines fili\u00e8res\u00a0: <i>\u00ab<small class=\"fine d-inline\">\u00a0<\/small>Les projets sont longs, les acteurs ont besoin que les appels d\u2019offres soient cadr\u00e9s et lanc\u00e9s le plus t\u00f4t possible, de m\u00eame que les industriels ont besoin de savoir quel volume d\u2019\u00e9nergie sera disponible et \u00e0 quel prix.<small class=\"fine d-inline\">\u00a0<\/small>\u00bb<\/i><\/p>\n<aside class=\"boite_encarts\">\n<div class=\"encart encart_gris noprint\">\n<p><strong>Puisque vous \u00eates l\u00e0&#8230;<\/strong><\/p>\n<p>&#8230; nous avons un petit service \u00e0 vous demander.<br class=\"autobr\"\/><br \/>\nEntre la pr\u00e9sence d\u2019un climatosceptique \u00e0 la t\u00eate de la premi\u00e8re puissance mondiale, un gouvernement fran\u00e7ais qui flirte avec l\u2019extr\u00eame-droite, et les catastrophes climatiques qui s\u2019enchainent&#8230; Faire vivre l\u2019\u00e9cologie dans le d\u00e9bat public est un enjeu crucial.<\/p>\n<p>Personne ne modifie ce que nous publions. Nous n\u2019avons ni actionnaire, ni propri\u00e9taire milliardaire \u2014 seulement une \u00e9quipe d\u2019irr\u00e9ductibles journalistes, pleine de d\u00e9termination.<\/p>\n<p>Nous avons la conviction que l\u2019urgence \u00e9cologique est l\u2019enjeu majeur de notre \u00e9poque. Et comme plus de 2 millions de lectrices et lecteurs chaque mois, vous partagez sans doute cette conviction&#8230;<\/p>\n<p><strong>Depuis 12 ans, nous publions des articles de qualit\u00e9 sur l\u2019\u00e9cologie, en acc\u00e8s libre et sans publicit\u00e9, pour tous.<\/strong><br class=\"autobr\"\/><br \/>\nMais ce travail demande beaucoup de temps et de ressources.<\/p>\n<p>Alors, si vous en avez les moyens, sachez qu\u2019un don, m\u00eame d\u20191\u20ac, est un acte de soutien fort pour l\u2019\u00e9cologie et le journalisme ind\u00e9pendant.<br class=\"autobr\"\/><br \/>\n(Et \u00e7a vous prendra moins de temps que la lecture de ce texte).<\/p>\n<p><strong>Si vous le pouvez, choisissez un soutien mensuel. Merci.<\/strong><\/p>\n<p><a target=\"_blank\" href=\"https:\/\/reporterre.net\/dons\" class=\"bt_soutenir\">Je soutiens <i>Reporterre<\/i><\/a><\/p>\n<\/p><\/div>\n<div class=\"encart encart_vert noprint montre_1023\">\n<div class=\"infolettre-form-container noprint\">\n<p>Abonnez-vous \u00e0 la lettre d\u2019info de Reporterre<\/p>\n<\/div><\/div>\n<\/aside>\n<aside class=\"boite_apresarticle encart_note\">\n<h4>Apr\u00e8s cet article<\/h4>\n<p>      <a target=\"_blank\" href=\"https:\/\/reporterre.net\/La-France-cancre-des-energies-renouvelables\" class=\"lien_article\">\n      <picture class=\"vignette_gauche\"><source type=\"image\/webp\" srcset=\"https:\/\/reporterre.net\/local\/cache-vignettes\/L450xH300\/arton30193_1_-f022a.jpg@.webp?1737388134\"><img decoding=\"async\" src=\"https:\/\/reporterre.net\/local\/cache-vignettes\/L450xH300\/arton30193_1_-f022a.jpg?1737388134\" width=\"450\" height=\"300\" alt=\"\" class=\"marge12\" loading=\"lazy\"\/><br \/>\n<\/source><\/picture>\n<p class=\"libelle\">\n<p>          Entretien \u2014<\/p>\n<p>      \u00c9nergie\n    <\/p>\n<p class=\"titre pol20\">\u00ab<small class=\"fine d-inline\">\u00a0<\/small>La strat\u00e9gie pour l\u2019\u00e9nergie et le climat est une tromperie<small class=\"fine d-inline\">\u00a0<\/small>\u00bb<\/p>\n<p>      <\/a><br \/>\n    <\/aside>\n<aside class=\"boite_complement texte\">\n<p>      <!-- zone_forum --><br \/>\n          <\/aside>\n<aside class=\"boite_lireaussi noprint\">\n<\/aside>\n<aside class=\"colonne\">\n<div class=\"article_info cache_1023 noprint\">\n<p>    <span class=\"date\">4 avril 2025  \u00e0 17h08<\/span><\/p>\n<p class=\"duree_lecture\">\n        Dur\u00e9e de lecture : 7 minutes\n      <\/p>\n<\/p><\/div>\n<div class=\"bloc_infolettre\">\n<div class=\"infolettre-form-container noprint\">\n<p>Abonnez-vous \u00e0 la lettre d\u2019info de Reporterre<\/p>\n<\/div><\/div>\n<\/aside>\n<div id=\"galerie\">\n  <img decoding=\"async\" src=\"\" class=\"principale\" id=\"principale\"\/><\/p>\n<p id=\"legende\">legende<\/p>\n<\/div>\n<footer class=\"noprint\">\n<\/footer>\n<\/div>\n<p><br \/>\n<br \/><a href=\"https:\/\/reporterre.net\/Energie-les-parlementaires-se-fachent-Bayrou-recule\" target=\"_blank\"\">Source link <\/a><\/p>\n","protected":false},"excerpt":{"rendered":"<p>C\u2019est un nouveau rebondissement dans l\u2019interminable feuilleton de la programmation \u00e9nerg\u00e9tique fran\u00e7aise. Face \u00e0 l\u2019indignation de parlementaires de tous bords, le Premier ministre Fran\u00e7ois Bayrou a annonc\u00e9 le 2\u00a0avril au&hellip; <\/p>\n","protected":false},"author":1,"featured_media":5749,"comment_status":"open","ping_status":"open","sticky":false,"template":"","format":"standard","meta":{"footnotes":""},"categories":[1],"tags":[],"class_list":["post-5748","post","type-post","status-publish","format-standard","has-post-thumbnail","hentry","category-non-classe"],"_links":{"self":[{"href":"https:\/\/monde25.info\/index.php\/wp-json\/wp\/v2\/posts\/5748","targetHints":{"allow":["GET"]}}],"collection":[{"href":"https:\/\/monde25.info\/index.php\/wp-json\/wp\/v2\/posts"}],"about":[{"href":"https:\/\/monde25.info\/index.php\/wp-json\/wp\/v2\/types\/post"}],"author":[{"embeddable":true,"href":"https:\/\/monde25.info\/index.php\/wp-json\/wp\/v2\/users\/1"}],"replies":[{"embeddable":true,"href":"https:\/\/monde25.info\/index.php\/wp-json\/wp\/v2\/comments?post=5748"}],"version-history":[{"count":0,"href":"https:\/\/monde25.info\/index.php\/wp-json\/wp\/v2\/posts\/5748\/revisions"}],"wp:featuredmedia":[{"embeddable":true,"href":"https:\/\/monde25.info\/index.php\/wp-json\/wp\/v2\/media\/5749"}],"wp:attachment":[{"href":"https:\/\/monde25.info\/index.php\/wp-json\/wp\/v2\/media?parent=5748"}],"wp:term":[{"taxonomy":"category","embeddable":true,"href":"https:\/\/monde25.info\/index.php\/wp-json\/wp\/v2\/categories?post=5748"},{"taxonomy":"post_tag","embeddable":true,"href":"https:\/\/monde25.info\/index.php\/wp-json\/wp\/v2\/tags?post=5748"}],"curies":[{"name":"wp","href":"https:\/\/api.w.org\/{rel}","templated":true}]}}