{"id":577,"date":"2024-11-21T05:01:37","date_gmt":"2024-11-21T04:01:37","guid":{"rendered":"https:\/\/monde25.info\/index.php\/2024\/11\/21\/derriere-les-manifestations-agricoles-un-combat-de-coqs-entre-syndicats\/"},"modified":"2024-11-21T05:01:37","modified_gmt":"2024-11-21T04:01:37","slug":"derriere-les-manifestations-agricoles-un-combat-de-coqs-entre-syndicats","status":"publish","type":"post","link":"https:\/\/monde25.info\/index.php\/2024\/11\/21\/derriere-les-manifestations-agricoles-un-combat-de-coqs-entre-syndicats\/","title":{"rendered":"Derri\u00e8re les manifestations agricoles, \u00ab\u00a0un combat de coqs\u00a0\u00bb entre syndicats"},"content":{"rendered":"<p> <br \/>\n<\/p>\n<div>\n<p>C\u2019est l\u2019\u00e9l\u00e9phant au milieu du barrage routier. Depuis lundi 19\u00a0novembre, les agriculteurs <a target=\"_blank\" href=\"https:\/\/reporterre.net\/Pourquoi-les-agriculteurs-se-remobilisent\">sont remont\u00e9s sur leurs tracteurs<\/a>. En ligne de mire\u00a0: l\u2019accord <span class=\"caps\">UE<\/span>-Mercosur, des normes jug\u00e9es trop contraignantes et des difficult\u00e9s \u00e9conomiques r\u00e9currentes. Mais un enjeu \u2014\u00a0pourtant crucial\u00a0\u2014 reste absent des discours syndicaux\u00a0: les \u00e9lections pour les chambres d\u2019agriculture, pr\u00e9vues en janvier 2025.<\/p>\n<p><i>\u00ab<small class=\"fine d-inline\">\u00a0<\/small>Tout le monde a cette \u00e9ch\u00e9ance en t\u00eate<\/i>, confirme Laurence Marandola, porte-parole de la Conf\u00e9d\u00e9ration paysanne, seule organisation \u00e0 avoir r\u00e9pondu \u00e0 nos sollicitations. <i>Ces manifestations donnent un peu l\u2019impression d\u2019un combat de coqs entre la <span class=\"caps\">FNSEA<\/span> et la Coordination rurale.<small class=\"fine d-inline\">\u00a0<\/small>\u00bb<\/i> Ainsi, pour la syndicaliste, il s\u2019agirait de <i>\u00ab<small class=\"fine d-inline\">\u00a0<\/small>savoir qui obtiendra le plus de victoires, qui mobilisera le plus de personnes sur le terrain<small class=\"fine d-inline\">\u00a0<\/small>\u00bb<\/i>, et ce au d\u00e9triment <i>\u00ab<small class=\"fine d-inline\">\u00a0<\/small>d\u2019avanc\u00e9es structurelles pour les fermes<small class=\"fine d-inline\">\u00a0<\/small>\u00bb<\/i>.<\/p>\n<blockquote class=\"spip\">\n<p>\u00ab<small class=\"fine d-inline\">\u00a0<\/small>Contr\u00f4ler les chambres, c\u2019est parler au nom de l\u2019ensemble des agriculteurs<small class=\"fine d-inline\">\u00a0<\/small>\u00bb<\/p>\n<\/blockquote>\n<p>C\u2019est que la conqu\u00eate des chambres d\u2019agriculture constitue <i>\u00ab<small class=\"fine d-inline\">\u00a0<\/small>un \u00e9norme enjeu<small class=\"fine d-inline\">\u00a0<\/small>\u00bb<\/i> pour les syndicats, selon le chercheur Sylvain Brunier. <i>\u00ab<small class=\"fine d-inline\">\u00a0<\/small>D\u2019un point de vue politique et symbolique, contr\u00f4ler les chambres, c\u2019est parler au nom de l\u2019ensemble des agriculteurs<small class=\"fine d-inline\">\u00a0<\/small>\u00bb<\/i>, pr\u00e9cise-t-il. Et ce d\u2019autant plus que le scrutin, avec une <i>\u00ab<small class=\"fine d-inline\">\u00a0<\/small>prime majoritaire<small class=\"fine d-inline\">\u00a0<\/small>\u00bb<\/i> favorise fortement les organisations arriv\u00e9es en t\u00eate.<\/p>\n<p>Explication\u00a0: sur les dix-huit\u00a0si\u00e8ges en jeu dans chaque\u00a0chambre<span class=\"spip_note_ref\">\u00a0[<a target=\"_blank\" href=\"#nb1\" class=\"spip_note\" rel=\"appendix\" title=\"Une chambre d\u2019agriculture est compos\u00e9e de 33\u00a0membres \u00e9lus, r\u00e9partis dans 10\u00a0(\u2026)\" id=\"nh1\">1<\/a>]<\/span>, la moiti\u00e9 est d\u2019embl\u00e9e attribu\u00e9e \u00e0 la liste qui arrive premi\u00e8re. Les autres si\u00e8ges sont ensuite r\u00e9partis \u00e0 la proportionnelle, en fonction du nombre de voix. Une liste qui, par exemple, arriverait en t\u00eate dans une chambre avec 50<small class=\"fine d-inline\">\u00a0<\/small>% des voix remporterait 75<small class=\"fine d-inline\">\u00a0<\/small>% des si\u00e8ges.<\/p>\n<p>Gr\u00e2ce \u00e0 ce mode de scrutin, lors des derni\u00e8res \u00e9lections en 2019, les listes <span class=\"caps\">FNSEA<\/span>&#8211;<span class=\"caps\">JA<\/span> avaient obtenu 55<small class=\"fine d-inline\">\u00a0<\/small>% des voix, <a target=\"_blank\" href=\"https:\/\/www.fnsea.fr\/actualit%C3%A9s\/elections-aux-chambres-dagriculture-le-terrain-a-parle\/\" class=\"spip_out\" rel=\"external\">mais pris la direction de pr\u00e8s de 95<small class=\"fine d-inline\">\u00a0<\/small>% des chambres<\/a>. \u00c0 l\u2019inverse, la Conf\u00e9d\u00e9ration paysanne, malgr\u00e9 un score de 20<small class=\"fine d-inline\">\u00a0<\/small>% des voix (soit un agriculteur sur cinq) n\u2019a remport\u00e9 <i>in fine<\/i> qu\u2019une seule instance consulaire, celle de Mayotte.<\/p>\n<blockquote class=\"spip\">\n<p>\u00ab<small class=\"fine d-inline\">\u00a0<\/small>Un verrouillage complet du syst\u00e8me<small class=\"fine d-inline\">\u00a0<\/small>\u00bb<\/p>\n<\/blockquote>\n<p><i>\u00ab<small class=\"fine d-inline\">\u00a0<\/small>\u00c7a entra\u00eene un verrouillage complet du syst\u00e8me<\/i>, temp\u00eate Laurence Marandola. <i>M\u00eame en faisant 20<small class=\"fine d-inline\">\u00a0<\/small>%, on n\u2019est pas pr\u00e9sents au bureau des chambres, et donc on n\u2019est pas associ\u00e9s aux d\u00e9cisions financi\u00e8res, ni aux orientations techniques.<small class=\"fine d-inline\">\u00a0<\/small>\u00bb<\/i> Le syndicat minoritaire bataille aupr\u00e8s du gouvernement pour obtenir une \u00e9volution du mode de scrutin. Sans succ\u00e8s pour le moment.<\/p>\n<p>Sylvain Brunier nuance pour sa part la pr\u00e9pond\u00e9rance de ces institutions centenaires. <i>\u00ab<small class=\"fine d-inline\">\u00a0<\/small>Elles ont \u00e9t\u00e9 des organismes pivots dans la mise en \u0153uvre des politiques de modernisation dans les ann\u00e9es 1960, mais elles ont ensuite connu une crise de leur financement<\/i>, indique le sociologue. <i>Aujourd\u2019hui, le conseil technique priv\u00e9 a pris beaucoup de place, et les chambres ont une place moindre dans l\u2019accompagnement des agriculteurs.<small class=\"fine d-inline\">\u00a0<\/small>\u00bb<\/i> En clair, les coop\u00e9ratives agricoles et les industries agroalimentaires p\u00e8sent d\u00e9sormais tr\u00e8s fortement dans la d\u00e9finition de notre mod\u00e8le agricole.<\/p>\n<h2 class=\"spip\">14 millions d\u2019euros \u00e0 se r\u00e9partir<\/h2>\n<p>Au-del\u00e0 du contr\u00f4le consulaire, les \u00e9lections de janvier sont aussi une histoire de gros sous. Les syndicats re\u00e7oivent des fonds publics \u2014\u00a0une enveloppe de 14\u00a0millions d\u2019euros par an au total\u00a0\u2014 en fonction de leurs scores. 75<small class=\"fine d-inline\">\u00a0<\/small>% des dotations sont vers\u00e9es proportionnellement au nombre de voix obtenues par chaque organisation syndicale, et le reste est r\u00e9parti en proportion du nombre de si\u00e8ges d\u00e9tenus.<\/p>\n<p>Enfin, les r\u00e9sultats \u00e9lectoraux ouvrent potentiellement les portes d\u2019autres institutions essentielles, comme les Safer \u2014\u00a0en charge de la gestion du foncier\u00a0\u2014 ou les comit\u00e9s de bassin, sur la question du partage de l\u2019eau. Il faut pour cela que le syndicat soit <i>\u00ab<small class=\"fine d-inline\">\u00a0<\/small>repr\u00e9sentatif<small class=\"fine d-inline\">\u00a0<\/small>\u00bb<\/i>, autrement dit qu\u2019il r\u00e9unisse au moins 10<small class=\"fine d-inline\">\u00a0<\/small>% des voix.<\/p>\n<blockquote class=\"spip\">\n<p>\u00ab<small class=\"fine d-inline\">\u00a0<\/small>C\u2019est comme si on montait sur la balance tous les six ans<small class=\"fine d-inline\">\u00a0<\/small>\u00bb<\/p>\n<\/blockquote>\n<p><i>\u00ab<small class=\"fine d-inline\">\u00a0<\/small>L\u2019\u00e9lection est donc extr\u00eamement importante pour nous<\/i>, r\u00e9sume Laurence Marandola. <i>Grosso modo, c\u2019est comme si on montait sur la balance tous les six ans pour savoir combien on p\u00e8se.<small class=\"fine d-inline\">\u00a0<\/small>\u00bb<\/i> Et m\u00eame si <i>\u00ab<small class=\"fine d-inline\">\u00a0<\/small>les d\u00e9s sont en partie pip\u00e9s<small class=\"fine d-inline\">\u00a0<\/small>\u00bb<\/i> selon la paysanne, le scrutin esquisse <i>\u00ab<small class=\"fine d-inline\">\u00a0<\/small>le projet agricole et de soci\u00e9t\u00e9<small class=\"fine d-inline\">\u00a0<\/small>\u00bb<\/i> de la prochaine d\u00e9cennie.<\/p>\n<p>Car chaque syndicat porte une vision singuli\u00e8re pour l\u2019agriculture fran\u00e7aise. <a target=\"_blank\" href=\"https:\/\/www.lafranceagricole.fr\/coordination-rurale\/article\/872084\/la-coordination-rurale-voit-les-elections-chambres-comme-un-referendum\" class=\"spip_out\" rel=\"external\">Lors de sa conf\u00e9rence de presse<\/a> de rentr\u00e9e, en septembre dernier, la Coordination rurale pr\u00e9sentait le vote comme un <i>\u00ab<small class=\"fine d-inline\">\u00a0<\/small>r\u00e9f\u00e9rendum sur le mod\u00e8le agricole<small class=\"fine d-inline\">\u00a0<\/small>\u00bb<\/i>, selon les propos de sa porte-parole, V\u00e9ronique le Floc\u2019h.<\/p>\n<blockquote class=\"spip\">\n<p>\u00ab<small class=\"fine d-inline\">\u00a0<\/small>La forteresse <span class=\"caps\">FNSEA<\/span> tremble un peu dans pas mal de d\u00e9partements<small class=\"fine d-inline\">\u00a0<\/small>\u00bb<\/p>\n<\/blockquote>\n<p>D\u2019apr\u00e8s elle, la <span class=\"caps\">FNSEA<\/span> d\u00e9fendrait ainsi <i>\u00ab<small class=\"fine d-inline\">\u00a0<\/small>un mod\u00e8le qui domine dans l\u2019influence sur l\u2019agriculture mais qui n\u2019assume pas son r\u00f4le de contre-pouvoir en faveur des agriculteurs car ils d\u00e9fendent plusieurs maillons des fili\u00e8res en m\u00eame temps<small class=\"fine d-inline\">\u00a0<\/small>\u00bb<\/i>, tandis que la Conf\u00e9d\u00e9ration paysanne s\u2019opposerait <i>\u00ab<small class=\"fine d-inline\">\u00a0<\/small>\u00e0 une agriculture qui a besoin d\u2019eau<small class=\"fine d-inline\">\u00a0<\/small>\u00bb<\/i>.<\/p>\n<p>Que pourrait donner le scrutin de janvier<small class=\"fine d-inline\">\u00a0<\/small>? Chaque organisation affiche ses ambitions. Mais <i>\u00ab<small class=\"fine d-inline\">\u00a0<\/small>on sent que la forteresse <span class=\"caps\">FNSEA<\/span> tremble un peu dans pas mal de d\u00e9partements<small class=\"fine d-inline\">\u00a0<\/small>\u00bb<\/i>, remarque Laurence Marandola. Un constat corrobor\u00e9 par Sylvain Brunier\u00a0: <i>\u00ab<small class=\"fine d-inline\">\u00a0<\/small>Lors des mobilisations du d\u00e9but d\u2019ann\u00e9e, le syndicat a \u00e9t\u00e9 d\u00e9bord\u00e9 par sa base<\/i>, observe-t-il. <i>La <span class=\"caps\">FNSEA<\/span> reste bien install\u00e9e, mais il y a une inqui\u00e9tude r\u00e9elle quant \u00e0 la suite. En tous cas une vraie incertitude.<small class=\"fine d-inline\">\u00a0<\/small>\u00bb<\/i> D\u2019o\u00f9, avec ces remobilisations automnales, une volont\u00e9 de <i>\u00ab<small class=\"fine d-inline\">\u00a0<\/small>prendre les devants<\/i>, imagine le chercheur, <i>afin de se poser en opposant principal<small class=\"fine d-inline\">\u00a0<\/small>\u00bb<\/i>.<\/p>\n<p>Un effritement du syndicat majoritaire qui pourrait profiter&#8230; \u00e0 la Coordination rurale. <i>\u00ab<small class=\"fine d-inline\">\u00a0<\/small>En un an, tout a chang\u00e9. Nous incarnons d\u00e9sormais une vision majoritaire de notre profession<small class=\"fine d-inline\">\u00a0<\/small>\u00bb<\/i>, s\u2019est enflamm\u00e9 Christian Convers, secr\u00e9taire g\u00e9n\u00e9ral, en ouverture du congr\u00e8s de l\u2019organisation agricole, le 19\u00a0novembre. Majoritaire dans seulement trois chambres d\u2019agriculture actuellement, le deuxi\u00e8me syndicat pourrait en obtenir une dizaine en janvier, rapporte le m\u00e9dia <i>Contexte<\/i>.<\/p>\n<hr class=\"spip\"\/>\n<h2 class=\"spip\">Les \u00e9lections pour les chambres d\u2019agriculture, mode d\u2019emploi <\/h2>\n<p>En janvier 2025, 2,2\u00a0millions de personnes inscrites (chefs d\u2019exploitation, salari\u00e9s agricoles, retrait\u00e9s\u2026) \u00e9liront  les membres des 88\u00a0chambres d\u2019agriculture d\u00e9partementales, interd\u00e9partementales, territoriales et 2\u00a0chambres d\u2019agriculture de r\u00e9gion (\u00cele-de-France et Corse). Les diff\u00e9rents syndicats agricoles d\u00e9posent des listes de candidats, notamment pour le coll\u00e8ge <i>\u00ab<small class=\"fine d-inline\">\u00a0<\/small>chefs d\u2019exploitation<small class=\"fine d-inline\">\u00a0<\/small>\u00bb<\/i>, le plus important.<\/p>\n<p>Lors des derni\u00e8res \u00e9lections, en 2019, quatre syndicats avaient d\u00e9pass\u00e9 les 10<small class=\"fine d-inline\">\u00a0<\/small>%.<\/p>\n<ul class=\"spip\" role=\"list\">\n<li> <a target=\"_blank\" href=\"https:\/\/reporterre.net\/Arnaud-Rousseau-un-productiviste-a-la-tete-de-la-FNSEA\">La <span class=\"caps\">FNSEA<\/span>, syndicat majoritaire,<\/a> qui pr\u00f4ne une agriculture productiviste, intensive et m\u00e9canis\u00e9e, conqu\u00e9rante sur les march\u00e9s fran\u00e7ais et \u00e0 l\u2019\u00e9tranger.<\/li>\n<li> Les Jeunes agriculteurs, syndicat agricole li\u00e9 \u00e0 la <span class=\"caps\">FNSEA<\/span>, repr\u00e9sentant les int\u00e9r\u00eats des agriculteurs de moins de 38\u00a0ans.<\/li>\n<li> <a target=\"_blank\" href=\"https:\/\/reporterre.net\/Virile-anti-ecolo-protectionniste-Que-defend-la-Coordination-rurale\">La Coordination rurale<\/a>, qui d\u00e9fend le protectionnisme et une vision identitaire des paysans.<\/li>\n<li> <a target=\"_blank\" href=\"https:\/\/reporterre.net\/Laurence-Marandola-Soit-on-prend-le-tournant-de-l-agriculture-paysanne-soit-on-prend-le\" class=\"spip_in\">La Conf\u00e9d\u00e9ration paysanne<\/a>, qui s\u2019oppose au lib\u00e9ralisme et au productivisme agricole.<\/li>\n<\/ul>\n<aside class=\"boite_encarts\">\n<div class=\"encart encart_gris noprint\">\n<p><strong>Il est de retour.<\/strong><\/p>\n<p>Dans quelques semaines, Donald Trump se r\u00e9-installera \u00e0 la Maison Blanche.<\/p>\n<p>Un milliardaire, pour qui le r\u00e9chauffement climatique est \u00ab<small class=\"fine d-inline\">\u00a0<\/small>un canular<small class=\"fine d-inline\">\u00a0<\/small>\u00bb, sera \u00e0 la t\u00eate de la plus grande puissance mondiale.<\/p>\n<p>Dans une d\u00e9cennie cruciale pour l\u2019\u00e9cologie, nous ne pouvons pas nous permettre de perdre plus de temps.<\/p>\n<p>La soci\u00e9t\u00e9 civile doit continuer de se soulever, de se mobiliser et de faire pression sur les puissants.<\/p>\n<p>Mais pour agir, il faut savoir.<\/p>\n<p><strong>Depuis 11 ans, nous publions des articles de qualit\u00e9 sur l\u2019\u00e9cologie, en acc\u00e8s libre et sans publicit\u00e9, pour tous.<\/strong><\/p>\n<p>Nous avons la conviction que l\u2019urgence \u00e9cologique est l\u2019enjeu majeur de notre \u00e9poque.<br class=\"autobr\"\/><br \/>\n Et comme plus de 2 millions de lectrices et lecteurs chaque mois, vous partagez sans doute cette conviction&#8230;<\/p>\n<p>Alors si vous en avez les moyens, sachez qu\u2019un don, m\u00eame d\u20191\u20ac, est un acte de soutien fort pour l\u2019\u00e9cologie et le journalisme ind\u00e9pendant.<br class=\"autobr\"\/><br \/>\n (Et \u00e7a vous prendra moins de temps que la lecture de ce texte).<\/p>\n<p><strong>Si vous le pouvez, choisissez un soutien mensuel. Merci.<\/strong><\/p>\n<p><a target=\"_blank\" href=\"https:\/\/reporterre.net\/dons\" class=\"bt_soutenir\">Je soutiens <i>Reporterre<\/i><\/a><\/p>\n<\/p><\/div>\n<div class=\"encart encart_vert noprint montre_1023\">\n<div class=\"infolettre-form-container noprint\">\n<p>Abonnez-vous \u00e0 la lettre d\u2019info de Reporterre<\/p>\n<\/div><\/div>\n<\/aside>\n<aside class=\"boite_apresarticle encart_note\">\n<h4>Apr\u00e8s cet article<\/h4>\n<p>      <a target=\"_blank\" href=\"https:\/\/reporterre.net\/Pourquoi-les-agriculteurs-se-remobilisent\" class=\"lien_article\">\n      <picture class=\"vignette_gauche\"><source type=\"image\/webp\" srcset=\"https:\/\/reporterre.net\/https:\/\/reporterre.net\/local\/cache-gd2\/5b\/54c9e1d8125604c82f96d3a997f0c5.jpg@.webp?1731914286\"><img decoding=\"async\" src=\"https:\/\/reporterre.net\/local\/cache-gd2\/5b\/54c9e1d8125604c82f96d3a997f0c5.jpg?1731914286\" width=\"450\" height=\"300\" alt=\"\" class=\"marge12\" loading=\"lazy\"\/><br \/>\n<\/source><\/picture>\n<p class=\"libelle\">\n<p>      Agriculture\n    <\/p>\n<p class=\"titre pol20\">Pourquoi les agriculteurs se remobilisent<\/p>\n<p>      <\/a><br \/>\n    <\/aside>\n<aside class=\"boite_complement texte\">\n<div class=\"encart_note\">\n<h4>Notes<\/h4>\n<div id=\"nb1\">\n<p><span class=\"spip_note_ref\">[<a target=\"_blank\" href=\"#nh1\" class=\"spip_note\" title=\"Notes 1\" rev=\"appendix\">1<\/a>]\u00a0<\/span>Une chambre d\u2019agriculture est compos\u00e9e de 33\u00a0membres \u00e9lus, r\u00e9partis dans 10\u00a0coll\u00e8ges. Le coll\u00e8ge principal, celui des chefs d\u2019exploitation, comprend 18\u00a0membres.<\/p>\n<\/div><\/div>\n<p>      <!-- zone_forum --><br \/>\n          <\/aside>\n<aside class=\"boite_lireaussi noprint\">\n<\/aside>\n<aside class=\"colonne\">\n<div class=\"article_info cache_1023 noprint\">\n<p>    <span class=\"date\">20 novembre 2024  \u00e0 17h29<\/span><\/p>\n<p class=\"duree_lecture\">\n        Dur\u00e9e de lecture : 6 minutes\n      <\/p>\n<\/p><\/div>\n<div class=\"bloc_infolettre\">\n<div class=\"infolettre-form-container noprint\">\n<p>Abonnez-vous \u00e0 la lettre d\u2019info de Reporterre<\/p>\n<\/div><\/div>\n<\/aside>\n<div id=\"galerie\">\n  <img decoding=\"async\" src=\"\" class=\"principale\" id=\"principale\"\/><\/p>\n<p id=\"legende\">legende<\/p>\n<\/div>\n<footer class=\"noprint\">\n<\/footer>\n<\/div>\n<p><br \/>\n<br \/><a href=\"https:\/\/reporterre.net\/Derriere-les-manifestations-agricoles-un-combat-de-coqs-entre-syndicats\" target=\"_blank\"\">Source link <\/a><\/p>\n","protected":false},"excerpt":{"rendered":"<p>C\u2019est l\u2019\u00e9l\u00e9phant au milieu du barrage routier. Depuis lundi 19\u00a0novembre, les agriculteurs sont remont\u00e9s sur leurs tracteurs. En ligne de mire\u00a0: l\u2019accord UE-Mercosur, des normes jug\u00e9es trop contraignantes et des&hellip; <\/p>\n","protected":false},"author":1,"featured_media":578,"comment_status":"open","ping_status":"open","sticky":false,"template":"","format":"standard","meta":{"footnotes":""},"categories":[1],"tags":[],"class_list":["post-577","post","type-post","status-publish","format-standard","has-post-thumbnail","hentry","category-non-classe"],"_links":{"self":[{"href":"https:\/\/monde25.info\/index.php\/wp-json\/wp\/v2\/posts\/577","targetHints":{"allow":["GET"]}}],"collection":[{"href":"https:\/\/monde25.info\/index.php\/wp-json\/wp\/v2\/posts"}],"about":[{"href":"https:\/\/monde25.info\/index.php\/wp-json\/wp\/v2\/types\/post"}],"author":[{"embeddable":true,"href":"https:\/\/monde25.info\/index.php\/wp-json\/wp\/v2\/users\/1"}],"replies":[{"embeddable":true,"href":"https:\/\/monde25.info\/index.php\/wp-json\/wp\/v2\/comments?post=577"}],"version-history":[{"count":0,"href":"https:\/\/monde25.info\/index.php\/wp-json\/wp\/v2\/posts\/577\/revisions"}],"wp:featuredmedia":[{"embeddable":true,"href":"https:\/\/monde25.info\/index.php\/wp-json\/wp\/v2\/media\/578"}],"wp:attachment":[{"href":"https:\/\/monde25.info\/index.php\/wp-json\/wp\/v2\/media?parent=577"}],"wp:term":[{"taxonomy":"category","embeddable":true,"href":"https:\/\/monde25.info\/index.php\/wp-json\/wp\/v2\/categories?post=577"},{"taxonomy":"post_tag","embeddable":true,"href":"https:\/\/monde25.info\/index.php\/wp-json\/wp\/v2\/tags?post=577"}],"curies":[{"name":"wp","href":"https:\/\/api.w.org\/{rel}","templated":true}]}}