{"id":581,"date":"2024-11-21T06:10:12","date_gmt":"2024-11-21T05:10:12","guid":{"rendered":"https:\/\/monde25.info\/index.php\/2024\/11\/21\/derapage-du-deficit-attal-borne-et-le-maire-fustigent-un-rapport-senatorial-qui-serait-truffe-de-mensonges\/"},"modified":"2024-11-21T06:10:12","modified_gmt":"2024-11-21T05:10:12","slug":"derapage-du-deficit-attal-borne-et-le-maire-fustigent-un-rapport-senatorial-qui-serait-truffe-de-mensonges","status":"publish","type":"post","link":"https:\/\/monde25.info\/index.php\/2024\/11\/21\/derapage-du-deficit-attal-borne-et-le-maire-fustigent-un-rapport-senatorial-qui-serait-truffe-de-mensonges\/","title":{"rendered":"D\u00e9rapage du d\u00e9ficit : Attal, Borne et Le Maire fustigent un rapport s\u00e9natorial qui serait \u00ab\u00a0truff\u00e9 de mensonges\u00a0\u00bb"},"content":{"rendered":"<p> <br \/>\n<\/p>\n<div>\n<p><span data-contrast=\"auto\">Gabriel Attal, Elisabeth Borne, Bruno Le Maire et Thomas Cazenave ont fait front commun mardi pour r\u00e9pondre avec v\u00e9h\u00e9mence \u00e0 un rapport s\u00e9natorial au vitriol contre leur gestion des finances publiques, \u00ab\u00a0r\u00e9quisitoire d&rsquo;opposants politiques\u00a0\u00bb, \u00ab\u00a0truff\u00e9 de mensonges\u00a0\u00bb, pour l&rsquo;ex-ministre de l&rsquo;Economie qui ne semble pas assumer ses prestations pass\u00e9es.<\/span><span data-ccp-props=\"{&quot;134233117&quot;:false,&quot;134233118&quot;:false,&quot;335559738&quot;:300,&quot;335559739&quot;:180}\">\u00a0<\/span><\/p>\n<p><span data-contrast=\"auto\">A 14H00, le rapport d&rsquo;une mission s\u00e9natoriale flash de Jean-Fran\u00e7ois Husson (Les R\u00e9publicains), d\u00e9nonce une \u00ab\u00a0irresponsabilit\u00e9 budg\u00e9taire assum\u00e9e\u00a0\u00bb et un \u00ab\u00a0attentisme dommageable\u00a0\u00bb des ex\u00e9cutifs pr\u00e9c\u00e9dents.<\/span><span data-ccp-props=\"{&quot;134233117&quot;:false,&quot;134233118&quot;:false,&quot;335559738&quot;:300,&quot;335559739&quot;:180}\">\u00a0<\/span><\/p>\n<p><span data-contrast=\"auto\">\u00ab\u00a0Le gouvernement connaissait en r\u00e9alit\u00e9 l&rsquo;\u00e9tat critique de nos finances publiques d\u00e8s le mois de d\u00e9cembre 2023. Il aurait d\u00fb, selon nous, r\u00e9agir vigoureusement. Mais il ne l&rsquo;a pas fait\u00a0\u00bb, commente le pr\u00e9sident socialiste de la commission des Finances Claude Raynal.<\/span><span data-ccp-props=\"{&quot;134233117&quot;:false,&quot;134233118&quot;:false,&quot;335559738&quot;:300,&quot;335559739&quot;:180}\">\u00a0<\/span><\/p>\n<p><span data-contrast=\"auto\">La r\u00e9action n&rsquo;a pas tard\u00e9. Deux heures plus tard, l&rsquo;ancien ministre de l&rsquo;Economie Bruno Le Maire tance un \u00ab\u00a0r\u00e9quisitoire d&rsquo;opposants politiques\u00a0\u00bb, \u00ab\u00a0truff\u00e9 de mensonges\u00a0\u00bb, lors d&rsquo;un point presse aux c\u00f4t\u00e9s des deux anciens chefs du gouvernement et de l&rsquo;ex-ministre du Budget Thomas Cazenave.<\/span><span data-ccp-props=\"{&quot;134233117&quot;:false,&quot;134233118&quot;:false,&quot;335559738&quot;:300,&quot;335559739&quot;:180}\">\u00a0<\/span><\/p>\n<p><span data-contrast=\"auto\">\u00ab\u00a0Nous avons collectivement anticip\u00e9, r\u00e9agi vite, r\u00e9agi fort contre toutes les oppositions, notamment le groupe des R\u00e9publicains et le groupe du Parti socialiste qui continuaient \u00e0 proposer des d\u00e9penses suppl\u00e9mentaires\u00a0\u00bb, a insist\u00e9 l&rsquo;ancien pensionnaire de Bercy, qui semble oublier toutes les d\u00e9clarations de confiance quant \u00e0 la \u00ab\u00a0vertuosit\u00e9\u00a0\u00bb de l&rsquo;\u00e9conomie et des comptes de l&rsquo;\u00e9tat durant ses diff\u00e9rents mandats.<\/span><span data-ccp-props=\"{&quot;134233117&quot;:false,&quot;134233118&quot;:false,&quot;335559738&quot;:300,&quot;335559739&quot;:180}\">\u00a0<\/span><\/p>\n<p><span data-contrast=\"auto\">\u00ab\u00a0Il s&rsquo;agit d&rsquo;une attaque indigne qui repose sur des all\u00e9gations qui sont irr\u00e9alistes ou mensong\u00e8res\u00a0\u00bb, a abond\u00e9 l&rsquo;ancienne cheffe du gouvernement \u00c9lisabeth Borne, \u00e0 qui comme \u00e0 l&rsquo;accoutum\u00e9e la critique pose un l\u00e9ger probl\u00e8me lorsqu\u2019il s&rsquo;agit de sa personne.<\/span><span data-ccp-props=\"{&quot;134233117&quot;:false,&quot;134233118&quot;:false,&quot;335559738&quot;:300,&quot;335559739&quot;:180}\">\u00a0<\/span><\/p>\n<p><span data-contrast=\"auto\">Gabriel Attal, lui, a fustig\u00e9 un rapport empreint de \u00ab\u00a0d\u00e9ception de ne pas avoir trouv\u00e9 un seul \u00e9l\u00e9ment tangible attestant que la situation des finances publiques n&rsquo;aurait pas \u00e9t\u00e9 prise au s\u00e9rieux\u00a0\u00bb. A en croire les d\u00e9bats houleux durant son audition s\u00e9natoriale c\u2019est justement son s\u00e9rieux, son immaturit\u00e9 et son attitude qui paraissent lui \u00eatre reproch\u00e9s face \u00e0 de tels enjeux.<\/span><span data-ccp-props=\"{&quot;134233117&quot;:false,&quot;134233118&quot;:false,&quot;335559738&quot;:300,&quot;335559739&quot;:180}\">\u00a0<\/span><\/p>\n<p><span data-contrast=\"auto\">\u00ab\u00a0La deuxi\u00e8me d\u00e9ception, je crois profond\u00e9ment, c&rsquo;est de ne pas avoir r\u00e9ussi \u00e0 nous diviser ou \u00e0 nous dresser les uns contre les autres. Ce qui \u00e9tait \u00e9videmment leur objectif\u00a0\u00bb, a poursuivi le chef de file des d\u00e9put\u00e9s Ensemble pour la R\u00e9publique, qui a critiqu\u00e9 la tenue des auditions au S\u00e9nat qui ont pr\u00e9c\u00e9d\u00e9 la parution du rapport.<\/span><span data-ccp-props=\"{&quot;134233117&quot;:false,&quot;134233118&quot;:false,&quot;335559738&quot;:300,&quot;335559739&quot;:180}\">\u00a0<\/span><\/p>\n<p><span data-contrast=\"auto\">\u00ab\u00a0L&rsquo;objectif n&rsquo;est pas d&rsquo;\u00e9clairer les Fran\u00e7ais sur la situation des finances publiques. Mais c&rsquo;est bien un rapport \u00e0 charge, a abond\u00e9 l&rsquo;ex-ministre du Budget Thomas Cazenave faisant fi du r\u00e9sultat plus que catastrophique et bien plus d\u00e9sesp\u00e9rant que celui dont on nous ventait quotidiennement les m\u00e9rites.<\/span><span data-ccp-props=\"{&quot;134233117&quot;:false,&quot;134233118&quot;:false,&quot;335559738&quot;:300,&quot;335559739&quot;:180}\">\u00a0<\/span><\/p>\n<p><span data-contrast=\"auto\">La mission s\u00e9natoriale men\u00e9e en d\u00e9but d&rsquo;ann\u00e9e 2024 a \u00e9t\u00e9 relanc\u00e9e ces derni\u00e8res semaines face \u00e0 une d\u00e9gradation des comptes bien plus inqui\u00e9tante que pr\u00e9vu.<\/span><span data-ccp-props=\"{&quot;134233117&quot;:false,&quot;134233118&quot;:false,&quot;335559738&quot;:300,&quot;335559739&quot;:180}\">\u00a0<\/span><\/p>\n<p><span data-contrast=\"auto\">L&rsquo;Assembl\u00e9e nationale s&rsquo;appr\u00eate \u00e0 prendre le relais avec cette fois une commission d&rsquo;enqu\u00eate sur l&rsquo;aggravation du d\u00e9ficit, qui doit auditionner le 12 d\u00e9cembre un Bruno Le Maire d\u00e9j\u00e0 tr\u00e8s certainement t\u00eate baiss\u00e9e dans l&rsquo;\u00e9criture de son prochain ouvrage aux teneurs douteuses, ainsi qu\u2019un Thomas Cazenave toujours totalement translucide.<\/span><span data-ccp-props=\"{&quot;134233117&quot;:false,&quot;134233118&quot;:false,&quot;335559738&quot;:300,&quot;335559739&quot;:180}\">\u00a0<\/span><\/p>\n<p><span data-ccp-props=\"{}\">\u00a0<\/span><\/p>\n<\/div>\n<p><script>(function(d, s, id) {  var js, fjs = d.getElementsByTagName(s)[0];  if (d.getElementById(id)) return;  js = d.createElement(s); js.id = id;  js.src = \"\/\/connect.facebook.net\/fr_FR\/sdk.js#xfbml=1&version=v2.3\";  fjs.parentNode.insertBefore(js, fjs);}(document, \"script\", \"facebook-jssdk\"));<\/script><br \/>\n<br \/><br \/>\n<br \/><a href=\"https:\/\/www.francesoir.fr\/politique-france\/derapage-du-deficit-attal-borne-et-le-maire-fustigent-un-rapport-senatorial-qui\" target=\"_blank\"\">Source link <\/a><\/p>\n","protected":false},"excerpt":{"rendered":"<p>Gabriel Attal, Elisabeth Borne, Bruno Le Maire et Thomas Cazenave ont fait front commun mardi pour r\u00e9pondre avec v\u00e9h\u00e9mence \u00e0 un rapport s\u00e9natorial au vitriol contre leur gestion des finances&hellip; <\/p>\n","protected":false},"author":1,"featured_media":582,"comment_status":"open","ping_status":"open","sticky":false,"template":"","format":"standard","meta":{"footnotes":""},"categories":[1],"tags":[],"class_list":["post-581","post","type-post","status-publish","format-standard","has-post-thumbnail","hentry","category-non-classe"],"_links":{"self":[{"href":"https:\/\/monde25.info\/index.php\/wp-json\/wp\/v2\/posts\/581","targetHints":{"allow":["GET"]}}],"collection":[{"href":"https:\/\/monde25.info\/index.php\/wp-json\/wp\/v2\/posts"}],"about":[{"href":"https:\/\/monde25.info\/index.php\/wp-json\/wp\/v2\/types\/post"}],"author":[{"embeddable":true,"href":"https:\/\/monde25.info\/index.php\/wp-json\/wp\/v2\/users\/1"}],"replies":[{"embeddable":true,"href":"https:\/\/monde25.info\/index.php\/wp-json\/wp\/v2\/comments?post=581"}],"version-history":[{"count":0,"href":"https:\/\/monde25.info\/index.php\/wp-json\/wp\/v2\/posts\/581\/revisions"}],"wp:featuredmedia":[{"embeddable":true,"href":"https:\/\/monde25.info\/index.php\/wp-json\/wp\/v2\/media\/582"}],"wp:attachment":[{"href":"https:\/\/monde25.info\/index.php\/wp-json\/wp\/v2\/media?parent=581"}],"wp:term":[{"taxonomy":"category","embeddable":true,"href":"https:\/\/monde25.info\/index.php\/wp-json\/wp\/v2\/categories?post=581"},{"taxonomy":"post_tag","embeddable":true,"href":"https:\/\/monde25.info\/index.php\/wp-json\/wp\/v2\/tags?post=581"}],"curies":[{"name":"wp","href":"https:\/\/api.w.org\/{rel}","templated":true}]}}