{"id":589,"date":"2024-11-21T09:00:47","date_gmt":"2024-11-21T08:00:47","guid":{"rendered":"https:\/\/monde25.info\/index.php\/2024\/11\/21\/larmee-allemande-prepare-les-entreprises-a-la-guerre-les-moutons-enrages\/"},"modified":"2024-11-21T09:00:47","modified_gmt":"2024-11-21T08:00:47","slug":"larmee-allemande-prepare-les-entreprises-a-la-guerre-les-moutons-enrages","status":"publish","type":"post","link":"https:\/\/monde25.info\/index.php\/2024\/11\/21\/larmee-allemande-prepare-les-entreprises-a-la-guerre-les-moutons-enrages\/","title":{"rendered":"L\u2019arm\u00e9e allemande pr\u00e9pare les entreprises \u00e0 la guerre ! \u2013 Les moutons enrag\u00e9s"},"content":{"rendered":"<p> <br \/>\n<\/p>\n<div>\n<p>Apr\u00e8s la Su\u00e8de et la Finlande\u2026.. <\/p>\n<p>Source <strong><a target=\"_blank\" href=\"https:\/\/insolentiae.com\/larmee-allemande-prepare-les-entreprises-a-la-guerre\/\" data-type=\"link\" data-id=\"https:\/\/insolentiae.com\/larmee-allemande-prepare-les-entreprises-a-la-guerre\/\">Insolentiae<\/a><\/strong><\/p>\n<div class=\"wp-block-image\">\n<figure class=\"aligncenter size-large is-resized\"><img fetchpriority=\"high\" decoding=\"async\" width=\"497\" height=\"330\" src=\"https:\/\/lesmoutonsenrages.fr\/wp-content\/uploads\/2024\/11\/image-84-497x330.png\" alt=\"\" class=\"wp-image-164004\" style=\"width:410px;height:auto\" srcset=\"https:\/\/lesmoutonsenrages.fr\/wp-content\/uploads\/2024\/11\/image-84-497x330.png 497w, https:\/\/lesmoutonsenrages.fr\/wp-content\/uploads\/2024\/11\/image-84-250x166.png 250w, https:\/\/lesmoutonsenrages.fr\/wp-content\/uploads\/2024\/11\/image-84-768x510.png 768w, https:\/\/lesmoutonsenrages.fr\/wp-content\/uploads\/2024\/11\/image-84-150x100.png 150w, https:\/\/lesmoutonsenrages.fr\/wp-content\/uploads\/2024\/11\/image-84.png 955w\" sizes=\"(max-width: 497px) 100vw, 497px\"\/><\/figure>\n<\/div>\n<p>La Bundeswehr (l\u2019arm\u00e9e allemande) pr\u00e9pare les entreprises (allemandes) \u00e0 l\u2019\u00e9ventualit\u00e9 d\u2019une guerre (<a target=\"_blank\" href=\"https:\/\/www.faz.net\/aktuell\/wirtschaft\/unternehmen\/operationsplan-deutschland-bundeswehr-bereitet-unternehmen-auf-den-kriegsfall-vor-110118573.html\" target=\"_blank\" rel=\"noreferrer noopener\">source Frankfurter Allgemeine Zeitung ici<\/a>), \u00e0 noter que le FAZ est l\u2019un des plus gros m\u00e9dias germaniques ! C\u2019est donc du s\u00e9rieux, du lourd et du \u201cvrai\u201d.<\/p>\n<p>C\u2019est un document de 1 000 pages. Les militaires adorent les gros documents et les gros manuels. Plus c\u2019est gros et \u00e9pais, plus toutes les \u00e9ventualit\u00e9s ont \u00e9t\u00e9 pens\u00e9es et pr\u00e9vues.<\/p>\n<p>Si l\u2019essentiel de ces 1 000 pages sont secr\u00e8tes, certains d\u00e9tails ont fuit\u00e9 (volontairement \u00e9videmment).<\/p>\n<p><span id=\"more-164003\"\/><\/p>\n<p>Par exemple, il r\u00e9pertorie toutes les structures et infrastructures qui m\u00e9ritent particuli\u00e8rement d\u2019\u00eatre prot\u00e9g\u00e9es pour des raisons militaires. Il contient \u00e9galement des plans d\u00e9taill\u00e9s sur la mani\u00e8re de proc\u00e9der en cas de d\u00e9fense, ou pr\u00e9alablement, en cas de tension, c\u2019est-\u00e0-dire si l\u2019on devait r\u00e9agir par dissuasion \u00e0 une man\u0153uvre russe sur le flanc oriental de l\u2019OTAN. L\u2019Allemagne deviendrait alors une plaque tournante pour des dizaines de milliers, voire des centaines de milliers de soldats qui devraient \u00eatre transport\u00e9s vers l\u2019est, accompagn\u00e9s de mat\u00e9riel de guerre, de nourriture et de m\u00e9dicaments.<\/p>\n<p><strong>Operationsplan Deutschland<\/strong><\/p>\n<p>La base de ces pr\u00e9paratifs pr\u00e9ventifs est ce qu\u2019on appelle \u00ab l\u2019Operationsplan Deutschland \u00bb, un document strat\u00e9gique de plus d\u2019un millier de pages \u00e9labor\u00e9 par le gouvernement et de hauts responsables militaires avec des d\u00e9tails secrets dont le contenu n\u2019a pas \u00e9t\u00e9 divulgu\u00e9. Son objectif principal est la d\u00e9fense des infrastructures critiques du pays contre d\u2019\u00e9ventuelles agressions ext\u00e9rieures, y compris les cyberattaques.<\/p>\n<p>Le texte confidentiel comprend une liste d\u00e9taill\u00e9e et sp\u00e9cifique de tous les b\u00e2timents et infrastructures qui m\u00e9ritent une protection sp\u00e9ciale d\u2019un point de vue militaire et formule des plans d\u2019action au cas o\u00f9 les d\u00e9fenses du pays seraient activ\u00e9es contre toute menace de la Russie. Le r\u00f4le des entreprises et de l\u2019industrie est \u00e9galement d\u00e9fini dans ce plan, dont l\u2019\u00e9laboration et l\u2019ex\u00e9cution rel\u00e8vent de la responsabilit\u00e9 du commandement territorial de la Bundeswehr sous les ordres du lieutenant-g\u00e9n\u00e9ral Andr\u00e9 Bodemann et d\u00e9pendent directement de la plus haute autorit\u00e9 militaire allemande, l\u2019inspecteur g\u00e9n\u00e9ral de l\u2019arm\u00e9e allemande. Arm\u00e9e f\u00e9d\u00e9rale et g\u00e9n\u00e9ral d\u2019arm\u00e9e, Carsten Breuer.<\/p>\n<p>Le journal souligne que la Chambre de commerce de Hambourg a \u00e9t\u00e9 le premier endroit o\u00f9 la Bundeswehr a invit\u00e9 plusieurs entreprises allemandes pour un premier contact afin de les informer du plan, une r\u00e9union au cours de laquelle le lieutenant-colonel J\u00f6rn Plischke a fourni des conseils pr\u00e9cis. \u201cEntre autres, j\u2019ai sugg\u00e9r\u00e9 que 5 salari\u00e9s sur 100 dans les grandes entreprises obtiennent un permis de conduire poids lourd. \u201c70 % de tous les camions circulant en Allemagne sont conduits par des chauffeurs d\u2019Europe de l\u2019Est. S\u2019il y a la guerre dans ces pays, o\u00f9 seront ces gens ?\u201d \u00bb a demand\u00e9 l\u2019officier militaire aux participants.\u201d<\/p>\n<p>Plischke a conseill\u00e9 \u00e0 tous les participants \u00e0 la r\u00e9union d\u2019\u00e9laborer leurs propres plans d\u2019action sp\u00e9cifiques au cas o\u00f9 l\u2019Allemagne serait impliqu\u00e9e dans un conflit militaire, en d\u00e9taillant ce qui est attendu de chaque employ\u00e9 si une telle crise survenait. Pour se prot\u00e9ger, il est important que l\u2019ensemble du personnel se familiarise avec les questions de s\u00e9curit\u00e9. Nous pourrions aussi nous efforcer d\u2019\u00eatre autosuffisants, a d\u00e9clar\u00e9 le lieutenant-colonel, en mettant en jeu le g\u00e9n\u00e9rateur diesel ou notre propre \u00e9olienne. Des r\u00e9unions comme celle de Hambourg auront lieu dans tout le pays, a-t-il \u00e9galement annonc\u00e9.<\/p>\n<p><strong>Centres de commandement<\/strong><\/p>\n<p>\u201cTous les centres de commandement territoriaux sont charg\u00e9s de mettre en \u0153uvre le plan\u201d, a d\u00e9clar\u00e9 un porte-parole de la Bundeswehr au \u2018Frankfurter Allgemeine Zeitung\u2019. Malte Heyne, directeur g\u00e9n\u00e9ral de la Chambre de commerce de Hambourg, a soutenu cette approche. \u201cNous devons \u00eatre conscients de l\u2019importance d\u2019une \u00e9conomie bien pr\u00e9par\u00e9e et r\u00e9siliente pour la d\u00e9fense civile et militaire de l\u2019Allemagne\u201d, a d\u00e9clar\u00e9 Heyne au journal. Selon l\u2019arm\u00e9e f\u00e9d\u00e9rale elle-m\u00eame, elle \u201cd\u00e9pend de l\u2019aide de la soci\u00e9t\u00e9 civile et des entreprises civiles dans une situation de crise et de d\u00e9fense\u201d.<\/p>\n<p>Les d\u00e9fis d\u2019une guerre hybride, tels que les cyberattaques contre des entreprises et des infrastructures, le sabotage et les attaques terroristes, \u201cne peuvent pas \u00eatre contr\u00f4l\u00e9s uniquement d\u2019un point de vue militaire, mais doivent \u00eatre ma\u00eetris\u00e9s par l\u2019\u00c9tat et la soci\u00e9t\u00e9 dans son ensemble\u201d, d\u00e9clare l\u2019\u201dOperationsplan Deutschland\u201d. \u00bb, qui souligne qu\u2019\u00ab un soutien civil maximal est un facteur d\u00e9cisif \u00bb et que \u00ab l\u2019interaction civilo-militaire pour le soutien mutuel de l\u2019\u00c9tat tout entier \u00bb est un \u00ab \u00e9l\u00e9ment central \u00bb du plan op\u00e9rationnel pour l\u2019Allemagne. Il pr\u00e9voit l\u2019implication des secteurs de la logistique et de l\u2019\u00e9nergie, car, selon l\u2019arm\u00e9e, \u201cun transport fiable et flexible ainsi qu\u2019un approvisionnement \u00e9nerg\u00e9tique fiable sont indispensables \u00e0 l\u2019accomplissement des t\u00e2ches des forces arm\u00e9es\u201d.<\/p>\n<p>Ce plan prend en compte \u00e0 la fois \u201cles exigences de l\u2019OTAN envers l\u2019Allemagne en raison de la situation g\u00e9ostrat\u00e9gique du pays\u201d et la t\u00e2che du commandement territorial, qui consiste \u00e0 \u201cassurer l\u2019approvisionnement des forces arm\u00e9es alli\u00e9es et propres en Allemagne\u201d. L\u2019arm\u00e9e allemande pr\u00e9voit qu\u2019en cas de guerre avec la Russie, les forces de combat de la Bundeswehr ne seront pas stationn\u00e9es sur le territoire allemand mais seront d\u00e9ploy\u00e9es sur le flanc oriental de l\u2019OTAN, dans les pays baltes, en Slovaquie, en Roumanie, en Pologne et m\u00eame en Finlande.<\/p>\n<p><strong>Et nous ?<\/strong><\/p>\n<p>Et nous que faisons nous ?<\/p>\n<p>Comme d\u2019habitude rien.<\/p>\n<p>Vous savez que je porte l\u2019id\u00e9e de paix plus que celle de guerre, mais je ne suis pas na\u00eff non plus. Le principe est vieux comme le monde. Si vis pacem para bellum. Si tu veux la paix, pr\u00e9pares la guerre. Je termine chacun de mes \u00e9ditos par un \u201cpr\u00e9parez-vous\u201d. Nous vivons dans un monde d\u2019incertitudes. C\u2019est normal et c\u2019est une donn\u00e9e. Le monde a toujours \u00e9t\u00e9, est et sera toujours par d\u00e9finition incertain. Il faut donc accueillir cette incertitude et s\u2019y pr\u00e9parer, par de l\u2019\u00e9pargne, par plus d\u2019armements, par plus de souverainet\u00e9, par des entreprises qui fonctionnent, par une population form\u00e9e, comp\u00e9tente et courageuse, par des r\u00e9serves strat\u00e9giques d\u2019\u00e9nergie, de carburant ou de nourriture, bref, on s\u2019y pr\u00e9pare avec la bo\u00eete \u00e0 outils la mieux remplie, pour avoir le plus d\u2019options possibles. C\u2019est de cette fa\u00e7on l\u00e0 que l\u2019on construit la r\u00e9silience et l\u2019autosuffisance d\u2019un pays. C\u2019est valable \u00e0 votre niveau individuel comme c\u2019est indispensable au niveau collectif.<\/p>\n<p>Il est d\u00e9j\u00e0 trop tard, mais tout n\u2019est pas perdu.<\/p>\n<p>Pr\u00e9parez-vous !<\/p>\n<p>Charles SANNAT<\/p>\n<p>Tous les articles, la tribune libre et commentaires sont sous la responsabilit\u00e9 de leurs auteurs. Les Moutons Enrag\u00e9s ne sauraient \u00eatre tenus responsables de leur contenu ou orientation.<\/p>\n<\/p><\/div>\n<p><br \/>\n<br \/><a href=\"https:\/\/lesmoutonsenrages.fr\/2024\/11\/21\/larmee-allemande-prepare-les-entreprises-a-la-guerre\/\" target=\"_blank\"\">Source link <\/a><\/p>\n","protected":false},"excerpt":{"rendered":"<p>Apr\u00e8s la Su\u00e8de et la Finlande\u2026.. Source Insolentiae La Bundeswehr (l\u2019arm\u00e9e allemande) pr\u00e9pare les entreprises (allemandes) \u00e0 l\u2019\u00e9ventualit\u00e9 d\u2019une guerre (source Frankfurter Allgemeine Zeitung ici), \u00e0 noter que le FAZ&hellip; <\/p>\n","protected":false},"author":1,"featured_media":590,"comment_status":"open","ping_status":"open","sticky":false,"template":"","format":"standard","meta":{"footnotes":""},"categories":[1],"tags":[],"class_list":["post-589","post","type-post","status-publish","format-standard","has-post-thumbnail","hentry","category-non-classe"],"_links":{"self":[{"href":"https:\/\/monde25.info\/index.php\/wp-json\/wp\/v2\/posts\/589","targetHints":{"allow":["GET"]}}],"collection":[{"href":"https:\/\/monde25.info\/index.php\/wp-json\/wp\/v2\/posts"}],"about":[{"href":"https:\/\/monde25.info\/index.php\/wp-json\/wp\/v2\/types\/post"}],"author":[{"embeddable":true,"href":"https:\/\/monde25.info\/index.php\/wp-json\/wp\/v2\/users\/1"}],"replies":[{"embeddable":true,"href":"https:\/\/monde25.info\/index.php\/wp-json\/wp\/v2\/comments?post=589"}],"version-history":[{"count":0,"href":"https:\/\/monde25.info\/index.php\/wp-json\/wp\/v2\/posts\/589\/revisions"}],"wp:featuredmedia":[{"embeddable":true,"href":"https:\/\/monde25.info\/index.php\/wp-json\/wp\/v2\/media\/590"}],"wp:attachment":[{"href":"https:\/\/monde25.info\/index.php\/wp-json\/wp\/v2\/media?parent=589"}],"wp:term":[{"taxonomy":"category","embeddable":true,"href":"https:\/\/monde25.info\/index.php\/wp-json\/wp\/v2\/categories?post=589"},{"taxonomy":"post_tag","embeddable":true,"href":"https:\/\/monde25.info\/index.php\/wp-json\/wp\/v2\/tags?post=589"}],"curies":[{"name":"wp","href":"https:\/\/api.w.org\/{rel}","templated":true}]}}