{"id":59,"date":"2024-11-14T04:48:34","date_gmt":"2024-11-14T03:48:34","guid":{"rendered":"https:\/\/monde25.info\/index.php\/2024\/11\/14\/une-idee-dangereuse-par-benoit-breville-le-monde-diplomatique-novembre-2024\/"},"modified":"2024-11-14T04:48:34","modified_gmt":"2024-11-14T03:48:34","slug":"une-idee-dangereuse-par-benoit-breville-le-monde-diplomatique-novembre-2024","status":"publish","type":"post","link":"https:\/\/monde25.info\/index.php\/2024\/11\/14\/une-idee-dangereuse-par-benoit-breville-le-monde-diplomatique-novembre-2024\/","title":{"rendered":"\u00ab Une id\u00e9e dangereuse \u00bb, par Beno\u00eet Br\u00e9ville (Le Monde diplomatique, novembre 2024)"},"content":{"rendered":"<p> <br \/>\n<\/p>\n<div couleurfade=\"fde9e5\" couleurclaire=\"f5e7d5\" couleurpale=\"f3d0a4\" couleurmi=\"be2e0d\" couleurfoncee=\"8e220a\" couleursombre=\"2f0b03\" couleurfond=\"7b554c\" couleurtexte=\"ffffff\">\n<p><span class=\"mot-lettrine\"><span class=\"lettrine\">L<\/span>a<\/span> m\u00e9thode est \u00e0 ce point disqualifi\u00e9e qu\u2019on n\u2019ose plus dire son nom. Quand, en juin dernier, l\u2019Union europ\u00e9enne a ouvert des proc\u00e9dures de d\u00e9ficit excessif \u00e0 l\u2019encontre de sept pays, exigeant qu\u2019ils r\u00e9tablissent leurs comptes sous peine de sanctions, le commissaire aux affaires \u00e9conomiques, M.\u00a0Paolo Gentiloni, s\u2019est vivement d\u00e9fendu de toute aust\u00e9rit\u00e9. Certes, a-t-il conc\u00e9d\u00e9, Bruxelles exige des efforts apr\u00e8s les largesses accord\u00e9es pendant la pand\u00e9mie de Covid-19, mais <i>\u00ab<small class=\"fine\">\u00a0<\/small>il ne faut pas confondre la prudence dans les d\u00e9penses, qui est obligatoire pour des pays au d\u00e9ficit et \u00e0 la dette \u00e9lev\u00e9s, avec l\u2019aust\u00e9rit\u00e9<small class=\"fine\">\u00a0<\/small>\u00bb<\/i> (<i>Il Messaggero,<\/i> 20\u00a0juin\u00a02024). Quelques mois plus tard, pour habiller les 40\u00a0milliards d\u2019euros de coupes dans les d\u00e9penses publiques qu\u2019il pr\u00e9conise en 2025, le gouvernement fran\u00e7ais \u00e9voquera donc un <i>\u00ab<small class=\"fine\">\u00a0<\/small>budget de redressement<small class=\"fine\">\u00a0<\/small>\u00bb, \u00ab<small class=\"fine\">\u00a0<\/small>de responsabilit\u00e9<small class=\"fine\">\u00a0<\/small>\u00bb, \u00ab<small class=\"fine\">\u00a0<\/small>de v\u00e9rit\u00e9<small class=\"fine\">\u00a0<\/small>\u00bb.<\/i> Son homologue italien, qui pr\u00e9voit un coup de rabot de 13\u00a0milliards d\u2019euros par an pendant sept ans, parlera d\u2019une <i>\u00ab<small class=\"fine\">\u00a0<\/small>trajectoire d\u2019ajustement<small class=\"fine\">\u00a0<\/small>\u00bb.<\/i> Le terme est proscrit jusqu\u2019au Qu\u00e9bec, o\u00f9, malgr\u00e9 l\u2019annonce d\u2019un gel des embauches dans plusieurs minist\u00e8res, la pr\u00e9sidente du Conseil du tr\u00e9sor se montre formelle\u00a0: <i>\u00ab<small class=\"fine\">\u00a0<\/small>Ce n\u2019est pas vrai, il n\u2019y a pas d\u2019aust\u00e9rit\u00e9.<small class=\"fine\">\u00a0<\/small>\u00bb<\/i><\/p>\n<p>Ainsi revient-elle. Non comme une th\u00e9rapie de choc, mais graduellement, discr\u00e8tement, presque honteusement. Depuis les cures inflig\u00e9es \u00e0 l\u2019Europe du Sud apr\u00e8s la crise financi\u00e8re de 2008, bien des choses ont chang\u00e9 qui ont rendu la recette inavouable. Chacun a pu constater ses r\u00e9sultats en Gr\u00e8ce\u00a0: explosion du ch\u00f4mage, des suicides, de la toxicomanie, de la mortalit\u00e9 infantile, des infections au VIH, des cas de tuberculose\u2026 Bruxelles r\u00e9clamait de la patience. Les Grecs ont attendu, regardant leur pays se transformer en complexe Airbnb pour Europ\u00e9ens fortun\u00e9s. Et, quinze ans plus tard, l\u2019aust\u00e9rit\u00e9 r\u00e8gne toujours. Le produit int\u00e9rieur brut (PIB) reste inf\u00e9rieur d\u2019un quart \u00e0 son niveau d\u2019avant la crise, tout comme le salaire annuel moyen, et le montant de la dette publique atteint 160<small class=\"fine\">\u00a0<\/small>% du PIB, contre 103<small class=\"fine\">\u00a0<\/small>% en 2007. En Allemagne, le corset budg\u00e9taire a tellement ass\u00e9ch\u00e9 les investissements que les ponts s\u2019\u00e9croulent \u2014 et les usagers n\u2019en reviennent pas quand un train de la Deutsche Bahn arrive \u00e0 l\u2019heure. On sait pourtant outre-Rhin, depuis la politique restrictive du chancelier Heinrich Br\u00fcning en 1932, que l\u2019aust\u00e9rit\u00e9 est <i>\u00ab<small class=\"fine\">\u00a0<\/small>une id\u00e9e dangereuse<small class=\"fine\">\u00a0<\/small>\u00bb<\/i>\u00a0: elle cherche dans les poches de ceux qui n\u2019ont pas cr\u00e9\u00e9 le probl\u00e8me une solution qui ne fonctionne pas<span class=\"spip_note_ref\">\u00a0(<a target=\"_blank\" href=\"http:\/\/www.monde-diplomatique.fr\/2024\/11\/BREVILLE\/67712#nb1\" class=\"spip_note\" rel=\"appendix\" title=\"Mark Blyth, Austerity. The History of a Dangerous Idea, Oxford University\u00a0(...)\" id=\"nh1\">1<\/a>)<\/span>.<\/p>\n<p>Dans un monde particuli\u00e8rement incertain, o\u00f9 une guerre mondiale semble pouvoir se d\u00e9clarer chaque semaine, o\u00f9 le r\u00e9chauffement climatique fait peser sur l\u2019avenir des menaces innombrables, la perspective de se serrer la ceinture pendant une g\u00e9n\u00e9ration pour des r\u00e9sultats douteux manque de charme. D\u2019autant que les citoyens ont cess\u00e9 de croire \u00e0 la fable de la \u00ab<small class=\"fine\">\u00a0<\/small>seule politique possible<small class=\"fine\">\u00a0<\/small>\u00bb. Apr\u00e8s la d\u00e9b\u00e2cle de 2008, la Banque centrale europ\u00e9enne (BCE) a achet\u00e9 massivement des obligations d\u2019\u00c9tat, le Royaume-Uni et l\u2019Islande ont nationalis\u00e9 des banques, Chypre a ponctionn\u00e9 tous les d\u00e9p\u00f4ts bancaires sup\u00e9rieurs \u00e0 100\u00a0000\u00a0euros. Au d\u00e9but de la pand\u00e9mie de Covid-19, l\u2019Union europ\u00e9enne a annonc\u00e9 une suspension g\u00e9n\u00e9rale de ses r\u00e8gles budg\u00e9taires, l\u2019\u00c9tat fran\u00e7ais a pris en charge (via le ch\u00f4mage partiel) le salaire de millions de travailleurs, le Congr\u00e8s des \u00c9tats-Unis a envoy\u00e9 des ch\u00e8ques de 1\u00a0200\u00a0dollars aux m\u00e9nages am\u00e9ricains. Ainsi, au fil des crises, les r\u00e8gles, les dogmes qu\u2019on disait immuables ont vol\u00e9 en \u00e9clats. Le conflit en Ukraine a montr\u00e9 qu\u2019on pouvait plafonner les prix de l\u2019\u00e9nergie. En France, il justifie \u00e9galement une augmentation de 40<small class=\"fine\">\u00a0<\/small>% des cr\u00e9dits militaires, soit 413\u00a0milliards d\u2019euros au total d\u2019ici \u00e0 2030. Une \u00ab<small class=\"fine\">\u00a0<\/small>\u00e9conomie de guerre<small class=\"fine\">\u00a0<\/small>\u00bb que le gouvernement entend financer par une guerre \u00e9conomique, contre les ch\u00f4meurs, les retrait\u00e9s, les fonctionnaires et les usagers des services publics.<\/p>\n<\/p><\/div>\n<p><br \/>\n<br \/><a href=\"https:\/\/www.monde-diplomatique.fr\/2024\/11\/BREVILLE\/67712\" target=\"_blank\"\">Source link <\/a><\/p>\n","protected":false},"excerpt":{"rendered":"<p>La m\u00e9thode est \u00e0 ce point disqualifi\u00e9e qu\u2019on n\u2019ose plus dire son nom. Quand, en juin dernier, l\u2019Union europ\u00e9enne a ouvert des proc\u00e9dures de d\u00e9ficit excessif \u00e0 l\u2019encontre de sept&hellip; <\/p>\n","protected":false},"author":1,"featured_media":60,"comment_status":"open","ping_status":"open","sticky":false,"template":"","format":"standard","meta":{"footnotes":""},"categories":[1],"tags":[],"class_list":["post-59","post","type-post","status-publish","format-standard","has-post-thumbnail","hentry","category-non-classe"],"_links":{"self":[{"href":"https:\/\/monde25.info\/index.php\/wp-json\/wp\/v2\/posts\/59","targetHints":{"allow":["GET"]}}],"collection":[{"href":"https:\/\/monde25.info\/index.php\/wp-json\/wp\/v2\/posts"}],"about":[{"href":"https:\/\/monde25.info\/index.php\/wp-json\/wp\/v2\/types\/post"}],"author":[{"embeddable":true,"href":"https:\/\/monde25.info\/index.php\/wp-json\/wp\/v2\/users\/1"}],"replies":[{"embeddable":true,"href":"https:\/\/monde25.info\/index.php\/wp-json\/wp\/v2\/comments?post=59"}],"version-history":[{"count":0,"href":"https:\/\/monde25.info\/index.php\/wp-json\/wp\/v2\/posts\/59\/revisions"}],"wp:featuredmedia":[{"embeddable":true,"href":"https:\/\/monde25.info\/index.php\/wp-json\/wp\/v2\/media\/60"}],"wp:attachment":[{"href":"https:\/\/monde25.info\/index.php\/wp-json\/wp\/v2\/media?parent=59"}],"wp:term":[{"taxonomy":"category","embeddable":true,"href":"https:\/\/monde25.info\/index.php\/wp-json\/wp\/v2\/categories?post=59"},{"taxonomy":"post_tag","embeddable":true,"href":"https:\/\/monde25.info\/index.php\/wp-json\/wp\/v2\/tags?post=59"}],"curies":[{"name":"wp","href":"https:\/\/api.w.org\/{rel}","templated":true}]}}