{"id":593,"date":"2024-11-21T11:27:40","date_gmt":"2024-11-21T10:27:40","guid":{"rendered":"https:\/\/monde25.info\/index.php\/2024\/11\/21\/la-cop29-en-quete-dun-climat-de-liberte\/"},"modified":"2024-11-21T11:27:40","modified_gmt":"2024-11-21T10:27:40","slug":"la-cop29-en-quete-dun-climat-de-liberte","status":"publish","type":"post","link":"https:\/\/monde25.info\/index.php\/2024\/11\/21\/la-cop29-en-quete-dun-climat-de-liberte\/","title":{"rendered":"La COP29 en qu\u00eate d\u2019un climat de libert\u00e9"},"content":{"rendered":"<p> <br \/>\n<\/p>\n<div>\n<p class=\"indication_lieu\">Bakou (Azerba\u00efdjan), reportage<\/p>\n<p><i>\u00ab<small class=\"fine d-inline\">\u00a0<\/small>Injustement emprisonn\u00e9.<small class=\"fine d-inline\">\u00a0<\/small>\u00bb<\/i> Le 20\u00a0novembre, une quarantaine de militants ont d\u00e9ploy\u00e9 les portraits clairs-obscurs de d\u00e9fenseuses et d\u00e9fenseurs des droits humains et du climat, incarc\u00e9r\u00e9s pour leur combat. Sans pouvoir \u00e9crire leur nom sur des pancartes en raison des r\u00e8gles de l\u2019Organisation des Nations unies (<span class=\"caps\">ONU<\/span>), des porte-parole anonymes ont toutefois cont\u00e9 leur histoire.<\/p>\n<p>Comme celle de Molly Wickham, alias Sleydo\u2019. En 2024, la Cour supr\u00eame de la Colombie-Britannique l\u2019a condamn\u00e9 pour avoir bloqu\u00e9 la construction d\u2019un gazoduc de 670 km, scindant en deux la for\u00eat de conif\u00e8res o\u00f9 vit son peuple autochtone Wet\u2019suwet\u2019en, au Canada. Il y a aussi l\u2019histoire d\u2019Alaa Abdel Fattah, informaticien baptis\u00e9 <i>\u00ab<small class=\"fine d-inline\">\u00a0<\/small>l\u2019ic\u00f4ne de la r\u00e9volution de 2011<small class=\"fine d-inline\">\u00a0<\/small>\u00bb<\/i> pour avoir aid\u00e9 \u00e0 pr\u00e9cipiter la chute du dictateur \u00e9gyptien Hosni Moubarak. Ou celle d\u2019Ahmed Mansoor, po\u00e8te et p\u00e8re de quatre enfants. D\u00e9fendant la libert\u00e9 d\u2019information, <i>\u00ab<small class=\"fine d-inline\">\u00a0<\/small>essentielle aux prises de d\u00e9cisions justes sur le climat<small class=\"fine d-inline\">\u00a0<\/small>\u00bb<\/i>, il croupit dans les ge\u00f4les des \u00c9mirats arabes unis, \u00e0 l\u2019isolement, depuis plus de sept ans.<\/p>\n<div class=\"spip_document_86446 spip_document spip_documents spip_document_image spip_documents_center spip_document_center spip_document_avec_legende\" data-legende-len=\"140\" data-legende-lenx=\"xxx\">\n<figure class=\"spip_doc_inner\">\n      <picture><source type=\"image\/webp\" srcset=\"https:\/\/reporterre.net\/local\/cache-vignettes\/L1050xH700\/54154903888_7cc5be3771_k_1_-993aa.jpg@.webp?1732184056\"><img decoding=\"async\" src=\"https:\/\/reporterre.net\/IMG\/jpg\/54154903888_7cc5be3771_k_1_.jpg\" width=\"1200\" height=\"800\" loading=\"lazy\" alt=\"\"\/><br \/>\n    <\/source><\/picture><figcaption class=\"spip_doc_legende\">\n<p>Manifestation pour d\u00e9noncer la r\u00e9pression des militants pour le climat, \u00e0 la <span class=\"caps\"><span class=\"caps\">COP29<\/span><\/span>.<br \/>\n<i>Flickr\/<span class=\"caps\">CC<\/span> <span class=\"caps\">BY<\/span>&#8211;<span class=\"caps\">NC<\/span>&#8211;<span class=\"caps\">SA<\/span> 2.0\/<span class=\"caps\">UN<\/span> Climate Change\/Habib Samadov<br \/>\n<\/i><\/p>\n<\/figcaption><\/figure>\n<\/p><\/div>\n<p>Comme celui-ci, des dizaines de <i>happenings<\/i> politiques s\u2019encha\u00eenent de l\u2019aurore au cr\u00e9puscule dans les couloirs de la <span class=\"caps\">COP29<\/span>, en Azerba\u00efdjan. M\u00eame le n\u00e9gociateur en chef du sommet, Yalchin Rafiyev, ne peut y \u00e9chapper. Questionn\u00e9 au sujet des activistes climatiques et journalistes ind\u00e9pendants prisonniers par le r\u00e9gime d\u2019Ilham Aliyev, il botte en touche\u00a0: <i>\u00ab<small class=\"fine d-inline\">\u00a0<\/small>Je ne commente pas les affaires judiciaires en cours. Nous sommes ici pour faire un effort collectif dans l\u2019int\u00e9r\u00eat de l\u2019humanit\u00e9 et adopter de grandes d\u00e9cisions sur le climat.<small class=\"fine d-inline\">\u00a0<\/small>\u00bb<\/i><\/p>\n<p>Reste que, m\u00eame sur l\u2019avanc\u00e9e des n\u00e9gociations, diplomates et observateurs s\u2019accordent en off \u00e0 d\u00e9plorer l\u2019incomp\u00e9tence totale de la pr\u00e9sidence. Le 21\u00a0novembre \u00e0 l\u2019aube, autrement dit \u00e0 37 heures du clap de fin, <a target=\"_blank\" href=\"https:\/\/unfccc.int\/sites\/default\/files\/resource\/NCQG.pdf\" class=\"spip_out\" rel=\"external\">un brouillon d\u2019accord<\/a> a \u00e9t\u00e9 publi\u00e9 par le comit\u00e9 organisateur. Pas trop t\u00f4t<small class=\"fine d-inline\">\u00a0<\/small>!<\/p>\n<p><a target=\"_blank\" href=\"https:\/\/reporterre.net\/COP29-La-pire-premiere-semaine-de-l-histoire-des-COP\" class=\"lien_lireaussi\"><strong>Lire aussi : <\/strong> <span><span class=\"caps\">COP29<\/span>\u00a0: \u00ab<small class=\"fine d-inline\">\u00a0<\/small>La pire premi\u00e8re semaine de l\u2019histoire des <span class=\"caps\">COP<\/span><small class=\"fine d-inline\">\u00a0<\/small>\u00bb <\/span><\/a><\/p>\n<p>R\u00e9duit de 25 \u00e0 10 pages, ce document a \u00e9t\u00e9 baptis\u00e9 <i>\u00ab<small class=\"fine d-inline\">\u00a0<\/small>Nouvel objectif collectif quantifi\u00e9<small class=\"fine d-inline\">\u00a0<\/small>\u00bb<\/i> (<span class=\"caps\">NCQG<\/span>). En d\u2019autres termes, il s\u2019agit de la strat\u00e9gie que les 197 \u00c9tats membres entendent adopter pour financer la lutte contre le <a target=\"_blank\" href=\"Qu-est-ce-que-le-rechauffement-climatique\">changement climatique<\/a> dans les pays en d\u00e9veloppement.<\/p>\n<p>Or, \u00e0 en croire le texte, l\u2019arriv\u00e9e ang\u00e9lis\u00e9e des ministres n\u2019a visiblement pas eu l\u2019influence escompt\u00e9e. Le principal tabou n\u2019\u00e9tant toujours pas lev\u00e9\u00a0: <a target=\"_blank\" href=\"https:\/\/reporterre.net\/COP29-La-pire-premiere-semaine-de-l-histoire-des-COP\">quel sera le montant du ch\u00e8que<\/a> \u00e0 destination des pays les plus vuln\u00e9rables au changement climatique<small class=\"fine d-inline\">\u00a0<\/small>? <i>\u00ab<small class=\"fine d-inline\">\u00a0<\/small>On est persuad\u00e9s que des chiffres circulent en coulisses<\/i>, se d\u00e9sole Ga\u00efa Febvre, du R\u00e9seau Action Climat (<span class=\"caps\">RAC<\/span>). <i>La question est de savoir \u00e0 quel moment les pays du Nord abattront leurs cartes.<small class=\"fine d-inline\">\u00a0<\/small>\u00bb<\/i><\/p>\n<h2 class=\"spip\">Qui payera la facture<small class=\"fine d-inline\">\u00a0<\/small>?<\/h2>\n<p>Pour l\u2019heure, les n\u00e9gociateurs africains sont parmi les seuls \u00e0 avoir pos\u00e9 leurs pions sur la table, en r\u00e9clamant une enveloppe annuelle de 1 300 milliards de dollars (environ 1 200 milliards d\u2019euros). En comparaison, l\u2019actuelle cagnotte fix\u00e9e en 2009 s\u2019\u00e9l\u00e8ve \u00e0 100 milliards de dollars (95 milliards d\u2019euros). Du c\u00f4t\u00e9 des pays contributeurs, que sont le Royaume-Uni, les \u00c9tats-Unis, le Canada, la Norv\u00e8ge, l\u2019Australie, le Japon, la Nouvelle-Z\u00e9lande et la Suisse, le silence est d\u2019or. Pas question de divulguer publiquement le montant jug\u00e9 acceptable.<\/p>\n<p>Toutefois, d\u2019apr\u00e8s Politico, l\u2019Union europ\u00e9enne se fixerait un objectif compris dans une fourchette de 200 \u00e0 300 milliards de dollars (189\u00a0\u00e0\u00a0284\u00a0milliards d\u2019euros) pour ce fonds. Une <i>\u00ab<small class=\"fine d-inline\">\u00a0<\/small>plaisanterie<small class=\"fine d-inline\">\u00a0<\/small>\u00bb<\/i>, r\u00e9torque la coalition de pays en d\u00e9veloppement, baptis\u00e9e le G77+Chine. Les violons sont donc loin d\u2019\u00eatre accord\u00e9s.<\/p>\n<p>La partie de poker en cours s\u2019articule autour d\u2019une autre \u00e9pineuse question\u00a0: celle de l\u2019\u00e9largissement de la base des \u00c9tats participant \u00e0 injecter de l\u2019argent dans la tirelire. Les contributeurs actuels r\u00e9clament que les \u00e9conomies \u00e9mergentes que sont la Chine, la Cor\u00e9e du Sud, les pays du Golfe ou encore Singapour mettent la main \u00e0 la poche. Seulement, l\u00e0 non plus, le nouveau brouillon n\u2019apporte aucune pr\u00e9cision. Preuve que les discussions s\u2019enlisent en coulisses.<\/p>\n<p><i>\u00ab<small class=\"fine d-inline\">\u00a0<\/small>R\u00e9sultat\u00a0: d\u2019autres sujets fondamentaux sont comme pris en otages<small class=\"fine d-inline\">\u00a0<\/small>\u00bb<\/i>, poursuit Ga\u00efa Febvre. \u00c0 commencer par l\u2019aspect qualitatif de ce fonds climat. La finance priv\u00e9e y participera-t-elle, au risque que des pays en grande vuln\u00e9rabilit\u00e9 et donc peu attractifs soient abandonn\u00e9s au bord du chemin<small class=\"fine d-inline\">\u00a0<\/small>? Ou bien les subventions seront-elles principalement sous forme de dons \u2014 pour \u00e9viter d\u2019aggraver la dette des b\u00e9n\u00e9ficiaires \u00e0 coup de pr\u00eats<small class=\"fine d-inline\">\u00a0<\/small>? <i>\u00ab<small class=\"fine d-inline\">\u00a0<\/small>De nombreuses options figurent encore dans le texte. \u00c0 nous de faire en sorte que les bonnes soient s\u00e9lectionn\u00e9es.<small class=\"fine d-inline\">\u00a0<\/small>\u00bb<\/i><\/p>\n<aside class=\"boite_encarts\">\n<div class=\"encart encart_gris noprint\">\n<p><strong>Il est de retour.<\/strong><\/p>\n<p>Dans quelques semaines, Donald Trump se r\u00e9-installera \u00e0 la Maison Blanche.<\/p>\n<p>Un milliardaire, pour qui le r\u00e9chauffement climatique est \u00ab<small class=\"fine d-inline\">\u00a0<\/small>un canular<small class=\"fine d-inline\">\u00a0<\/small>\u00bb, sera \u00e0 la t\u00eate de la plus grande puissance mondiale.<\/p>\n<p>Dans une d\u00e9cennie cruciale pour l\u2019\u00e9cologie, nous ne pouvons pas nous permettre de perdre plus de temps.<\/p>\n<p>La soci\u00e9t\u00e9 civile doit continuer de se soulever, de se mobiliser et de faire pression sur les puissants.<\/p>\n<p>Mais pour agir, il faut savoir.<\/p>\n<p><strong>Depuis 11 ans, nous publions des articles de qualit\u00e9 sur l\u2019\u00e9cologie, en acc\u00e8s libre et sans publicit\u00e9, pour tous.<\/strong><\/p>\n<p>Nous avons la conviction que l\u2019urgence \u00e9cologique est l\u2019enjeu majeur de notre \u00e9poque.<br class=\"autobr\"\/><br \/>\n Et comme plus de 2 millions de lectrices et lecteurs chaque mois, vous partagez sans doute cette conviction&#8230;<\/p>\n<p>Alors si vous en avez les moyens, sachez qu\u2019un don, m\u00eame d\u20191\u20ac, est un acte de soutien fort pour l\u2019\u00e9cologie et le journalisme ind\u00e9pendant.<br class=\"autobr\"\/><br \/>\n (Et \u00e7a vous prendra moins de temps que la lecture de ce texte).<\/p>\n<p><strong>Si vous le pouvez, choisissez un soutien mensuel. Merci.<\/strong><\/p>\n<p><a target=\"_blank\" href=\"https:\/\/reporterre.net\/dons\" class=\"bt_soutenir\">Je soutiens <i>Reporterre<\/i><\/a><\/p>\n<\/p><\/div>\n<div class=\"encart encart_vert noprint montre_1023\">\n<div class=\"infolettre-form-container noprint\">\n<p>Abonnez-vous \u00e0 la lettre d\u2019info de Reporterre<\/p>\n<\/div><\/div>\n<\/aside>\n<aside class=\"boite_apresarticle encart_note\">\n<h4>Apr\u00e8s cet article<\/h4>\n<p>      <a target=\"_blank\" href=\"https:\/\/reporterre.net\/COP29-La-pire-premiere-semaine-de-l-histoire-des-COP\" class=\"lien_article\">\n      <picture class=\"vignette_gauche\"><source type=\"image\/webp\" srcset=\"https:\/\/reporterre.net\/https:\/\/reporterre.net\/local\/cache-gd2\/ae\/3169ddd12b81deaabc85c8fdde0fab.jpg@.webp?1731922793\"><img decoding=\"async\" src=\"https:\/\/reporterre.net\/local\/cache-gd2\/ae\/3169ddd12b81deaabc85c8fdde0fab.jpg?1731922793\" width=\"450\" height=\"300\" alt=\"\" class=\"marge12\" loading=\"lazy\"\/><br \/>\n<\/source><\/picture>\n<p class=\"libelle\">\n<p>          Reportage \u2014<\/p>\n<p>      COP29\n    <\/p>\n<p class=\"titre pol20\"><span class=\"caps\">COP29<\/span>\u00a0: \u00ab<small class=\"fine d-inline\">\u00a0<\/small>La pire premi\u00e8re semaine de l\u2019histoire des <span class=\"caps\">COP<\/span><small class=\"fine d-inline\">\u00a0<\/small>\u00bb <\/p>\n<p>      <\/a><br \/>\n    <\/aside>\n<aside class=\"boite_complement texte\">\n<p>      <!-- zone_forum --><br \/>\n          <\/aside>\n<aside class=\"boite_lireaussi noprint\">\n<\/aside>\n<aside class=\"colonne\">\n<div class=\"article_info cache_1023 noprint\">\n<p>    <span class=\"date\">21 novembre 2024  \u00e0 11h10<\/span><\/p>\n<p class=\"duree_lecture\">\n        Dur\u00e9e de lecture : 4 minutes\n      <\/p>\n<\/p><\/div>\n<div class=\"bloc_infolettre\">\n<div class=\"infolettre-form-container noprint\">\n<p>Abonnez-vous \u00e0 la lettre d\u2019info de Reporterre<\/p>\n<\/div><\/div>\n<\/aside>\n<div id=\"galerie\">\n  <img decoding=\"async\" src=\"\" class=\"principale\" id=\"principale\"\/><\/p>\n<p id=\"legende\">legende<\/p>\n<\/div>\n<footer class=\"noprint\">\n<\/footer>\n<\/div>\n<p><br \/>\n<br \/><a href=\"https:\/\/reporterre.net\/La-COP29-en-quete-d-un-climat-de-liberte\" target=\"_blank\"\">Source link <\/a><\/p>\n","protected":false},"excerpt":{"rendered":"<p>Bakou (Azerba\u00efdjan), reportage \u00ab\u00a0Injustement emprisonn\u00e9.\u00a0\u00bb Le 20\u00a0novembre, une quarantaine de militants ont d\u00e9ploy\u00e9 les portraits clairs-obscurs de d\u00e9fenseuses et d\u00e9fenseurs des droits humains et du climat, incarc\u00e9r\u00e9s pour leur combat.&hellip; <\/p>\n","protected":false},"author":1,"featured_media":594,"comment_status":"open","ping_status":"open","sticky":false,"template":"","format":"standard","meta":{"footnotes":""},"categories":[1],"tags":[],"class_list":["post-593","post","type-post","status-publish","format-standard","has-post-thumbnail","hentry","category-non-classe"],"_links":{"self":[{"href":"https:\/\/monde25.info\/index.php\/wp-json\/wp\/v2\/posts\/593","targetHints":{"allow":["GET"]}}],"collection":[{"href":"https:\/\/monde25.info\/index.php\/wp-json\/wp\/v2\/posts"}],"about":[{"href":"https:\/\/monde25.info\/index.php\/wp-json\/wp\/v2\/types\/post"}],"author":[{"embeddable":true,"href":"https:\/\/monde25.info\/index.php\/wp-json\/wp\/v2\/users\/1"}],"replies":[{"embeddable":true,"href":"https:\/\/monde25.info\/index.php\/wp-json\/wp\/v2\/comments?post=593"}],"version-history":[{"count":0,"href":"https:\/\/monde25.info\/index.php\/wp-json\/wp\/v2\/posts\/593\/revisions"}],"wp:featuredmedia":[{"embeddable":true,"href":"https:\/\/monde25.info\/index.php\/wp-json\/wp\/v2\/media\/594"}],"wp:attachment":[{"href":"https:\/\/monde25.info\/index.php\/wp-json\/wp\/v2\/media?parent=593"}],"wp:term":[{"taxonomy":"category","embeddable":true,"href":"https:\/\/monde25.info\/index.php\/wp-json\/wp\/v2\/categories?post=593"},{"taxonomy":"post_tag","embeddable":true,"href":"https:\/\/monde25.info\/index.php\/wp-json\/wp\/v2\/tags?post=593"}],"curies":[{"name":"wp","href":"https:\/\/api.w.org\/{rel}","templated":true}]}}