{"id":6041,"date":"2025-04-09T22:52:45","date_gmt":"2025-04-09T20:52:45","guid":{"rendered":"https:\/\/monde25.info\/index.php\/2025\/04\/09\/1-million-deuros-pour-la-ligne-aerienne-bien-aimee-de-laurent-wauquiez\/"},"modified":"2025-04-09T22:52:45","modified_gmt":"2025-04-09T20:52:45","slug":"1-million-deuros-pour-la-ligne-aerienne-bien-aimee-de-laurent-wauquiez","status":"publish","type":"post","link":"https:\/\/monde25.info\/index.php\/2025\/04\/09\/1-million-deuros-pour-la-ligne-aerienne-bien-aimee-de-laurent-wauquiez\/","title":{"rendered":"1 million d&#039;euros pour la ligne a\u00e9rienne bien-aim\u00e9e de Laurent Wauquiez"},"content":{"rendered":"<p> <br \/>\n<br \/><img loading=\"lazy\" decoding=\"async\" src=\"https:\/\/reporterre.net\/local\/cache-vignettes\/L700xH467\/beechcraft_1900d__twin_jet__f-gtvc__10537004465_1_-f534f.jpg?1744209726\" class=\"spip_logo\" width=\"700\" height=\"467\" alt=\"\" \/><\/p>\n<p>Quand on aime voler, on ne compte pas. La r\u00e9gion Auvergne-Rh\u00f4ne-Alpes vient d&rsquo;augmenter de 300\u00a0000 euros \u00e0 1\u00a0million d&rsquo;euros sa subvention annuelle d\u00e9di\u00e9e \u00e0 la ligne a\u00e9rienne qui relie Le Puy-en-Velay (Haute-Loire) \u00e0 Paris-Orly. C&rsquo;est ce que r\u00e9v\u00e8le une enqu\u00eate de Mediacit\u00e9s, qui pointe le d\u00e9ficit abyssal de cette liaison financ\u00e9e par l&rsquo;argent public pour seulement cinq\u00a0passagers par vol en moyenne. <br class=\"autobr\" \/><br \/>\nCette ligne est d\u00e9fendue bec et ongle par Laurent Wauquiez, maire du Puy-en-Velay de 2008 \u00e0\u00a0(\u2026)<\/p>\n<p>                    <a target=\"_blank\" href=\"https:\/\/reporterre.net\/1-million-d-euros-pour-la-ligne-aerienne-bien-aimee-de-Laurent-Wauquiez?utm_source=RSS&amp;utm_medium=RSS\">Lire la suite<\/a><\/p>\n<p>                    &#8211;<br \/>\n                        <a target=\"_blank\" href=\"https:\/\/reporterre.net\/Breves-20\" rel=\"directory\">En bref<\/a><\/p>\n<p>                    \/<br \/>\n                        <a target=\"_blank\" href=\"https:\/\/reporterre.net\/Transports\" rel=\"tag\">Transports<\/a><br \/>\n<br \/><br \/>\n<br \/><a href=\"https:\/\/reporterre.net\/1-million-d-euros-pour-la-ligne-aerienne-bien-aimee-de-Laurent-Wauquiez\" target=\"_blank\"\">Source link <\/a><\/p>\n","protected":false},"excerpt":{"rendered":"<p>Quand on aime voler, on ne compte pas. La r\u00e9gion Auvergne-Rh\u00f4ne-Alpes vient d&rsquo;augmenter de 300\u00a0000 euros \u00e0 1\u00a0million d&rsquo;euros sa subvention annuelle d\u00e9di\u00e9e \u00e0 la ligne a\u00e9rienne qui relie Le&hellip; <\/p>\n","protected":false},"author":1,"featured_media":0,"comment_status":"open","ping_status":"open","sticky":false,"template":"","format":"standard","meta":{"footnotes":""},"categories":[1],"tags":[],"class_list":["post-6041","post","type-post","status-publish","format-standard","hentry","category-non-classe"],"_links":{"self":[{"href":"https:\/\/monde25.info\/index.php\/wp-json\/wp\/v2\/posts\/6041","targetHints":{"allow":["GET"]}}],"collection":[{"href":"https:\/\/monde25.info\/index.php\/wp-json\/wp\/v2\/posts"}],"about":[{"href":"https:\/\/monde25.info\/index.php\/wp-json\/wp\/v2\/types\/post"}],"author":[{"embeddable":true,"href":"https:\/\/monde25.info\/index.php\/wp-json\/wp\/v2\/users\/1"}],"replies":[{"embeddable":true,"href":"https:\/\/monde25.info\/index.php\/wp-json\/wp\/v2\/comments?post=6041"}],"version-history":[{"count":0,"href":"https:\/\/monde25.info\/index.php\/wp-json\/wp\/v2\/posts\/6041\/revisions"}],"wp:attachment":[{"href":"https:\/\/monde25.info\/index.php\/wp-json\/wp\/v2\/media?parent=6041"}],"wp:term":[{"taxonomy":"category","embeddable":true,"href":"https:\/\/monde25.info\/index.php\/wp-json\/wp\/v2\/categories?post=6041"},{"taxonomy":"post_tag","embeddable":true,"href":"https:\/\/monde25.info\/index.php\/wp-json\/wp\/v2\/tags?post=6041"}],"curies":[{"name":"wp","href":"https:\/\/api.w.org\/{rel}","templated":true}]}}