{"id":6044,"date":"2025-04-10T00:00:30","date_gmt":"2025-04-09T22:00:30","guid":{"rendered":"https:\/\/monde25.info\/index.php\/2025\/04\/10\/gaullisme-en-toc-amnesie-ou-hypocrisie\/"},"modified":"2025-04-10T00:00:30","modified_gmt":"2025-04-09T22:00:30","slug":"gaullisme-en-toc-amnesie-ou-hypocrisie","status":"publish","type":"post","link":"https:\/\/monde25.info\/index.php\/2025\/04\/10\/gaullisme-en-toc-amnesie-ou-hypocrisie\/","title":{"rendered":"Gaullisme en toc : amn\u00e9sie ou hypocrisie ?"},"content":{"rendered":"<p> <br \/>\n<\/p>\n<div>\n<h5><strong>Ou encore, les pr\u00e9tendus \u00ab\u00a0gaullistes\u00a0\u00bb souffrent-ils d\u2019Alzheimer ou le font-ils expr\u00e8s\u00a0?<\/strong><\/h5>\n<p>\u00a0<\/p>\n<blockquote>\n<p><a target=\"_blank\" href=\"https:\/\/www.youtube.com\/shorts\/pr5raBDmOVw?feature=share\">\u00ab\u00a0<em>L&rsquo;\u00e9tablissement d&rsquo;un foyer sioniste en Palestine, et puis, apr\u00e8s la Deuxi\u00e8me Guerre mondiale, l&rsquo;\u00e9tablissement d&rsquo;un \u00e9tat d&rsquo;Isra\u00ebl soulevaient, \u00e0 l&rsquo;\u00e9poque, un certain nombre d&rsquo;appr\u00e9hensions.\u00a0<\/em><\/a><\/p>\n<p><a target=\"_blank\" href=\"https:\/\/www.youtube.com\/shorts\/pr5raBDmOVw?feature=share\"><em>C&rsquo;est pourquoi d&rsquo;ailleurs la cinqui\u00e8me r\u00e9publique s&rsquo;\u00e9tait d\u00e9gag\u00e9e vis-\u00e0-vis d&rsquo;Isra\u00ebl, des liens sp\u00e9ciaux et tr\u00e8s \u00e9troits que le r\u00e9gime pr\u00e9c\u00e9dent avait nou\u00e9s avec cet \u00e9tat. Il organise, sur les territoires qu&rsquo;il a pris, l&rsquo;occupation qui ne peut aller sans oppression, r\u00e9pression, expulsion. Et il s&rsquo;y manifeste contre lui la r\u00e9sistance, qu&rsquo;\u00e0 son tour il qualifie de terrorisme. \u00a0<\/em><\/a><\/p>\n<p><a target=\"_blank\" href=\"https:\/\/www.youtube.com\/shorts\/pr5raBDmOVw?feature=share\"><em>Un r\u00e8glement doit avoir pour base l&rsquo;\u00e9vacuation des territoires qui ont \u00e9t\u00e9 pris par la force, la fin de toute bellig\u00e9rance.\u00a0\u00bb<\/em><\/a> Charles de Gaulle (1)<\/p>\n<\/blockquote>\n<blockquote>\n<p><a target=\"_blank\" href=\"https:\/\/youtu.be\/PoPAbyybGq4?si=pyDrcUuS0f8r3Pmr\">\u00ab\u00a0<em>Tandis que se dissipe, tout du moins dans une certaine mesure, la perspective d&rsquo;une guerre mondiale \u00e9clatant \u00e0 cause de l&rsquo;Europe, voici que d&rsquo;autres conflits o\u00f9 l&rsquo;Am\u00e9rique s&rsquo;engage dans d&rsquo;autres parties du monde\u00a0; comme avant-hier en Cor\u00e9e, hier \u00e0 Cuba, aujourd&rsquo;hui au Vietnam\u00a0; ces conflits peuvent en vertu de la fameuse escalade, peuvent prendre une extension telle, qu&rsquo;on aboutisse \u00e0 une conflagration g\u00e9n\u00e9rale. Et dans ce cas, l&rsquo;Europe, dont la strat\u00e9gie est dans l&rsquo;Otan la strat\u00e9gie de l&rsquo;Am\u00e9rique, y serait automatiquement impliqu\u00e9e. Impliqu\u00e9e dans la lutte m\u00eame si elle ne n&rsquo;avait pas voulu. Et ce serait le cas de la France (\u2026)\u00a0<\/em><\/a><\/p>\n<p><a target=\"_blank\" href=\"https:\/\/youtu.be\/PoPAbyybGq4?si=pyDrcUuS0f8r3Pmr\"><em>Il faut ajouter que notre pays devenant, de son c\u00f4t\u00e9 et par ses propres moyens, une puissance atomique, est amen\u00e9 \u00e0 assumer lui-m\u00eame, les responsabilit\u00e9s politiques et strat\u00e9giques que cela comporte. Responsabilit\u00e9s que leur nature et leurs dimensions rendent \u00e9videmment inali\u00e9nables. Et enfin la volont\u00e9 de la France de dispenser d&rsquo;elle-m\u00eame, ce qui est indispensable pour qu&rsquo;elle croit \u00e0 son propre r\u00f4le, et pour qu&rsquo;elle puisse \u00eatre utile aux autres.\u00a0<\/em><\/a><\/p>\n<p><a target=\"_blank\" href=\"https:\/\/youtu.be\/PoPAbyybGq4?si=pyDrcUuS0f8r3Pmr\"><em>Cette volont\u00e9 de la France est incompatible avec une organisation de d\u00e9fense dans laquelle elle est subordonn\u00e9e<\/em>.\u00a0\u00bb<\/a> Charles de Gaulle (2).<\/p>\n<\/blockquote>\n<p>Eh oui ! Certains myst\u00e8res m\u00e9dicaux \u00e9chappent encore \u00e0 la science. L\u2019un d\u2019eux semble toucher une cat\u00e9gorie bien particuli\u00e8re de la population fran\u00e7aise : les \u00ab gaullistes \u00bb autoproclam\u00e9s. Pas les vrais, non.\u00a0<\/p>\n<p>Les authentiques gaullistes reposent depuis longtemps dans l\u2019ombre, oubli\u00e9s ou \u00e9cart\u00e9s des \u00e9crans. Je parle ici des leaders politiques actuels, de l\u2019extr\u00eame droite \u00e0 l\u2019extr\u00eame gauche, en passant par le centre et les macronistes, qui se drapent du gaullisme sans jamais en incarner l\u2019esprit. Bien au contraire !<\/p>\n<p>Que reste-t-il du gaullisme chez ces personnes ? Une \u00e9tiquette fatigu\u00e9e, un vernis de respectabilit\u00e9 qu\u2019ils apposent pour donner du poids \u00e0 leurs discours. Une posture, rien de plus. L\u2019ind\u00e9pendance nationale ? Sacrifi\u00e9e sur l\u2019autel de l\u2019atlantisme et brad\u00e9e \u00e0 la Commission europ\u00e9enne pour une poign\u00e9e de promesses creuses \u2013 pensons \u00e0 l\u2019int\u00e9gration croissante de nos arm\u00e9es dans les plans de l\u2019OTAN ou \u00e0 la cession de fleurons industriels comme Alstom sous pression internationale. La souverainet\u00e9 \u00e9conomique ? \u00c9vanouie dans l\u2019euro et les trait\u00e9s europ\u00e9ens qui imposent des r\u00e8gles taill\u00e9es pour les multinationales, pas pour nos PME. Le refus de l\u2019alignement ? Enterr\u00e9 sous les ordres de l\u2019OTAN et les ukases de Bruxelles. Tout ce qui faisait le gaullisme a \u00e9t\u00e9 reni\u00e9 par ceux-l\u00e0 m\u00eames qui osent encore s\u2019en r\u00e9clamer. Ces \u00ab gaullistes \u00bb de pacotille acceptent que l\u2019arm\u00e9e fran\u00e7aise se plie aux desiderata am\u00e9ricains et que nos lois soient dict\u00e9es par des technocrates non \u00e9lus, tout en se prosternant devant une mondialisation qui dessert les int\u00e9r\u00eats de la France.<\/p>\n<p>Faut-il leur pardonner ? Peut-\u00eatre souffrent-ils d\u2019un Alzheimer politique, d\u2019un oubli sinc\u00e8re et profond ? \u00c0 force de parader dans les c\u00e9nacles europ\u00e9ens, de signer des accords de libre-\u00e9change et de c\u00e9der aux injonctions du FMI, ont-ils perdu de vue ce que de Gaulle entendait par \u00ab une certaine id\u00e9e de la France \u00bb ? Vivraient-ils dans un monde parall\u00e8le o\u00f9 de Gaulle aurait applaudi le Trait\u00e9 de Lisbonne, remerci\u00e9 BlackRock et salu\u00e9 la fin de l\u2019argent liquide ?<\/p>\n<p>Une autre hypoth\u00e8se s\u2019impose : ils n\u2019ont jamais \u00e9t\u00e9 gaullistes. Ces personnes mentent sciemment et sans vergogne. Ils brandissent le gaullisme comme un masque, un outil de l\u00e9gitimation, alors qu\u2019ils s\u2019abandonnent \u00e0 une collaboration active avec un empire globaliste, technocratique et d\u00e9shumanis\u00e9 qui ronge les nations occidentales. Ce n\u2019est pas un hasard s\u2019ils d\u00e9fendent l\u2019euro, la censure num\u00e9rique, la surveillance de masse ou les restrictions sanitaires sans fin. de Gaulle aurait balay\u00e9 ces d\u00e9rives d\u2019un revers de main, dissous les comit\u00e9s autoproclam\u00e9s et renvoy\u00e9 les pseudo-r\u00e9gulateurs \u00e0 leurs illusions. Lui qui a b\u00e2ti la dissuasion nucl\u00e9aire pour garantir notre autonomie strat\u00e9gique n\u2019aurait jamais tol\u00e9r\u00e9 que la France devienne un pion sur l\u2019\u00e9chiquier d\u2019autrui. Et que dirait-il aujourd\u2019hui face \u00e0 la proposition d\u2019Emmanuel Macron de mutualiser cette dissuasion nucl\u00e9aire avec l\u2019Europe ? Une <a target=\"_blank\" href=\"https:\/\/www.francesoir.fr\/politique-france\/france-2025-macron-au-fond-du-gouffre-la-guerre-inquiete-l-europe-vacille-I\">id\u00e9e rejet\u00e9e par 55 % des Fran\u00e7ais<\/a>, selon un sondage r\u00e9cent, et d\u00e9nonc\u00e9e dans <a target=\"_blank\" href=\"https:\/\/www.francesoir.fr\/opinions-tribunes\/le-president-macron-se-dit-ouvert-une-dissuasion-nucleaire-europeenne-tranchant\">une tribune de militaires<\/a> soutenue <a target=\"_blank\" href=\"https:\/\/francesoir.fr\/opinions-tribunes\/dissuasion-nucleaire-francaise-soutien-l-appel-des-militaires-lance-sur-france\">par des citoyens<\/a> comme une trahison de notre souverainet\u00e9. L\u2019association BonSens.org est m\u00eame mont\u00e9e au cr\u00e9neau, <a target=\"_blank\" href=\"https:\/\/www.francesoir.fr\/politique-france-monde-societe-justice-sante-environnement\/dissuasion-nucleaire-francaise-en-europe\">alertant l\u2019AIEA pour pr\u00e9server ce pilier de l\u2019ind\u00e9pendance nationale<\/a>. de Gaulle aurait vu dans cette mutualisation une capitulation pure et simple, un abandon de ce qu\u2019il a construit pour que la France reste ma\u00eetresse de son destin.<\/p>\n<p>Pour eux, le gaullisme n\u2019est qu\u2019un artifice, une rh\u00e9torique creuse derri\u00e8re laquelle ils dissimulent leur renoncement. Ils osent pr\u00e9tendre que la France ne peut plus assumer sa souverainet\u00e9, que l\u2019ind\u00e9pendance est une utopie, qu\u2019il faut s\u2019aligner et se soumettre. L\u2019oppos\u00e9 de ce que de Gaulle a d\u00e9fendu toute sa vie, m\u00eame dans les heures les plus sombres de notre histoire.<\/p>\n<p>Les voir invoquer son nom aujourd\u2019hui, c\u2019est comme voir un marchand de sommeil se r\u00e9clamer de Victor Hugo : une insulte \u00e0 la raison, une offense \u00e0 l\u2019histoire, une provocation pour tous ceux qui croient encore qu\u2019une ind\u00e9pendance nationale r\u00e9elle sert les int\u00e9r\u00eats des Fran\u00e7ais. Alors, qu\u2019ils cessent de mentir, ces faux gaullistes. Qu\u2019ils assument ce qu\u2019ils sont : des relais d\u2019un syst\u00e8me, des gestionnaires d\u2019une France vassalis\u00e9e, des z\u00e9lateurs du d\u00e9clin. Et, qu&rsquo;ils nous laissent, nous, Fran\u00e7ais conscients, redonner au gaullisme sa vraie force : un refus, un combat, un sursaut. Non pour un homme, mais pour un peuple \u2013 celui de France, qui, sous l\u2019\u00e9gide du gaullisme, ma\u00eetrisait son destin. Et, qu&rsquo;ils laissent \u00e0 la jeunesse le soin de reprendre ce flambeau, car c\u2019est elle qui, demain, devra reconstruire ce que leurs renoncements ont d\u00e9truit.<\/p>\n<p>Si de Gaulle nous parlait aujourd\u2019hui, il dirait sans doute :<\/p>\n<blockquote>\n<p>\u00ab Fran\u00e7aises, Fran\u00e7ais, cessez de plier. Relevez-vous. Reprenez votre destin en main. \u00bb<\/p>\n<\/blockquote>\n<p>Honorons sa m\u00e9moire : relevons ce d\u00e9fi !<\/p>\n<p>\u00a0<\/p>\n<p>(1) Vid\u00e9o de Charles de Gaulle<\/p>\n<p><iframe loading=\"lazy\" title=\"Charles de Gaulle : la Conscience perdue de la France\" width=\"1110\" height=\"624\" src=\"https:\/\/www.youtube.com\/embed\/pr5raBDmOVw?feature=oembed\" frameborder=\"0\" allow=\"accelerometer; autoplay; clipboard-write; encrypted-media; gyroscope; picture-in-picture; web-share\" referrerpolicy=\"strict-origin-when-cross-origin\" allowfullscreen><\/iframe><\/p>\n<p>(2) Charles de Gaulle<\/p>\n<p><iframe loading=\"lazy\" title=\"La France quitte l&#039;OTAN : De Gaulle - 1966\" width=\"1110\" height=\"624\" src=\"https:\/\/www.youtube.com\/embed\/PoPAbyybGq4?feature=oembed\" frameborder=\"0\" allow=\"accelerometer; autoplay; clipboard-write; encrypted-media; gyroscope; picture-in-picture; web-share\" referrerpolicy=\"strict-origin-when-cross-origin\" allowfullscreen><\/iframe><\/p>\n<\/div>\n<p><script>(function(d, s, id) {  var js, fjs = d.getElementsByTagName(s)[0];  if (d.getElementById(id)) return;  js = d.createElement(s); js.id = id;  js.src = \"\/\/connect.facebook.net\/fr_FR\/sdk.js#xfbml=1&version=v2.3\";  fjs.parentNode.insertBefore(js, fjs);}(document, \"script\", \"facebook-jssdk\"));<\/script><br \/>\n<br \/><br \/>\n<br \/><a href=\"https:\/\/www.francesoir.fr\/opinions-editos\/gaullisme-en-toc-amnesie-ou-hypocrisie\" target=\"_blank\"\">Source link <\/a><\/p>\n","protected":false},"excerpt":{"rendered":"<p>Ou encore, les pr\u00e9tendus \u00ab\u00a0gaullistes\u00a0\u00bb souffrent-ils d\u2019Alzheimer ou le font-ils expr\u00e8s\u00a0? \u00a0 \u00ab\u00a0L&rsquo;\u00e9tablissement d&rsquo;un foyer sioniste en Palestine, et puis, apr\u00e8s la Deuxi\u00e8me Guerre mondiale, l&rsquo;\u00e9tablissement d&rsquo;un \u00e9tat d&rsquo;Isra\u00ebl soulevaient,&hellip; <\/p>\n","protected":false},"author":1,"featured_media":6045,"comment_status":"open","ping_status":"open","sticky":false,"template":"","format":"standard","meta":{"footnotes":""},"categories":[1],"tags":[],"class_list":["post-6044","post","type-post","status-publish","format-standard","has-post-thumbnail","hentry","category-non-classe"],"_links":{"self":[{"href":"https:\/\/monde25.info\/index.php\/wp-json\/wp\/v2\/posts\/6044","targetHints":{"allow":["GET"]}}],"collection":[{"href":"https:\/\/monde25.info\/index.php\/wp-json\/wp\/v2\/posts"}],"about":[{"href":"https:\/\/monde25.info\/index.php\/wp-json\/wp\/v2\/types\/post"}],"author":[{"embeddable":true,"href":"https:\/\/monde25.info\/index.php\/wp-json\/wp\/v2\/users\/1"}],"replies":[{"embeddable":true,"href":"https:\/\/monde25.info\/index.php\/wp-json\/wp\/v2\/comments?post=6044"}],"version-history":[{"count":0,"href":"https:\/\/monde25.info\/index.php\/wp-json\/wp\/v2\/posts\/6044\/revisions"}],"wp:featuredmedia":[{"embeddable":true,"href":"https:\/\/monde25.info\/index.php\/wp-json\/wp\/v2\/media\/6045"}],"wp:attachment":[{"href":"https:\/\/monde25.info\/index.php\/wp-json\/wp\/v2\/media?parent=6044"}],"wp:term":[{"taxonomy":"category","embeddable":true,"href":"https:\/\/monde25.info\/index.php\/wp-json\/wp\/v2\/categories?post=6044"},{"taxonomy":"post_tag","embeddable":true,"href":"https:\/\/monde25.info\/index.php\/wp-json\/wp\/v2\/tags?post=6044"}],"curies":[{"name":"wp","href":"https:\/\/api.w.org\/{rel}","templated":true}]}}