{"id":6056,"date":"2025-04-10T05:02:29","date_gmt":"2025-04-10T03:02:29","guid":{"rendered":"https:\/\/monde25.info\/index.php\/2025\/04\/10\/cancers-des-enfants-le-suivi-est-defaillant\/"},"modified":"2025-04-10T05:02:29","modified_gmt":"2025-04-10T03:02:29","slug":"cancers-des-enfants-le-suivi-est-defaillant","status":"publish","type":"post","link":"https:\/\/monde25.info\/index.php\/2025\/04\/10\/cancers-des-enfants-le-suivi-est-defaillant\/","title":{"rendered":"Cancers des enfants, le suivi est d\u00e9faillant"},"content":{"rendered":"<p> <br \/>\n<br \/><img loading=\"lazy\" decoding=\"async\" src=\"https:\/\/reporterre.net\/local\/cache-vignettes\/L700xH467\/aline_morcillo_hans_lucas_afp-5bb46.jpg?1744208040\" class=\"spip_logo\" width=\"700\" height=\"467\" alt=\"\" \/><\/p>\n<p>La d\u00e9tection tardive de clusters de cancers chez les enfants et les jeunes adultes pr\u00e8s de La Rochelle t\u00e9moigne des lacunes du suivi en France. Un registre national des cancers p\u00e9diatriques existe, mais il reste insuffisant pour avoir une vue d&rsquo;ensemble. <br class=\"autobr\" \/> Pourquoi l&rsquo;enregistrement exhaustif des cancers en Poitou-Charentes depuis 2008 n&rsquo;a-t-il pas permis de d\u00e9celer les clusters r\u00e9cemment r\u00e9v\u00e9l\u00e9s autour de La Rochelle<small class=\"fine d-inline\">\u00a0<\/small>? Il a fallu attendre un financement priv\u00e9, celui de la Ligue contre le\u00a0(\u2026)<\/p>\n<p>                    <a target=\"_blank\" href=\"https:\/\/reporterre.net\/Cancers-des-enfants-le-suivi-est-defaillant?utm_source=RSS&amp;utm_medium=RSS\">Lire la suite<\/a><\/p>\n<p>                    &#8211;<br \/>\n                        <a target=\"_blank\" href=\"https:\/\/reporterre.net\/Autres-infos\" rel=\"directory\">Info<\/a><\/p>\n<p>                    \/<br \/>\n                        <a target=\"_blank\" href=\"https:\/\/reporterre.net\/Sante\" rel=\"tag\">Sant\u00e9<\/a><br \/>\n<br \/><br \/>\n<br \/><a href=\"https:\/\/reporterre.net\/Cancers-des-enfants-le-suivi-est-defaillant\" target=\"_blank\"\">Source link <\/a><\/p>\n","protected":false},"excerpt":{"rendered":"<p>La d\u00e9tection tardive de clusters de cancers chez les enfants et les jeunes adultes pr\u00e8s de La Rochelle t\u00e9moigne des lacunes du suivi en France. Un registre national des cancers&hellip; <\/p>\n","protected":false},"author":1,"featured_media":0,"comment_status":"open","ping_status":"open","sticky":false,"template":"","format":"standard","meta":{"footnotes":""},"categories":[1],"tags":[],"class_list":["post-6056","post","type-post","status-publish","format-standard","hentry","category-non-classe"],"_links":{"self":[{"href":"https:\/\/monde25.info\/index.php\/wp-json\/wp\/v2\/posts\/6056","targetHints":{"allow":["GET"]}}],"collection":[{"href":"https:\/\/monde25.info\/index.php\/wp-json\/wp\/v2\/posts"}],"about":[{"href":"https:\/\/monde25.info\/index.php\/wp-json\/wp\/v2\/types\/post"}],"author":[{"embeddable":true,"href":"https:\/\/monde25.info\/index.php\/wp-json\/wp\/v2\/users\/1"}],"replies":[{"embeddable":true,"href":"https:\/\/monde25.info\/index.php\/wp-json\/wp\/v2\/comments?post=6056"}],"version-history":[{"count":0,"href":"https:\/\/monde25.info\/index.php\/wp-json\/wp\/v2\/posts\/6056\/revisions"}],"wp:attachment":[{"href":"https:\/\/monde25.info\/index.php\/wp-json\/wp\/v2\/media?parent=6056"}],"wp:term":[{"taxonomy":"category","embeddable":true,"href":"https:\/\/monde25.info\/index.php\/wp-json\/wp\/v2\/categories?post=6056"},{"taxonomy":"post_tag","embeddable":true,"href":"https:\/\/monde25.info\/index.php\/wp-json\/wp\/v2\/tags?post=6056"}],"curies":[{"name":"wp","href":"https:\/\/api.w.org\/{rel}","templated":true}]}}