{"id":6061,"date":"2025-04-10T06:42:47","date_gmt":"2025-04-10T04:42:47","guid":{"rendered":"https:\/\/monde25.info\/index.php\/2025\/04\/10\/diop-a-sputnik-afrique-nous-voulons-valoriser-nos-langues-nationales\/"},"modified":"2025-04-10T06:42:47","modified_gmt":"2025-04-10T04:42:47","slug":"diop-a-sputnik-afrique-nous-voulons-valoriser-nos-langues-nationales","status":"publish","type":"post","link":"https:\/\/monde25.info\/index.php\/2025\/04\/10\/diop-a-sputnik-afrique-nous-voulons-valoriser-nos-langues-nationales\/","title":{"rendered":"Diop \u00e0 Sputnik Afrique: \u00ab\u00a0Nous voulons valoriser nos langues nationales\u00a0\u00bb"},"content":{"rendered":"<p> <br \/>\n<br \/><img decoding=\"async\" src=\"https:\/\/cdn1.img.sputniknews.africa\/img\/07e9\/04\/03\/1071451223_0:0:1280:720_600x0_80_0_0_f45d925cb4f47b18b1a0e285ba474e29.jpg\" \/><\/p>\n<div itemscope=\"\" itemtype=\"https:\/\/schema.org\/Article\">\n<p>https:\/\/fr.sputniknews.africa\/20250403\/diop-a-sputnik-afrique-nous-voulons-valoriser-nos-langues-nationales-1071451387.html<\/p>\n<p><a target=\"_blank\" itemprop=\"url\" href=\"https:\/\/fr.sputniknews.africa\/20250403\/diop-a-sputnik-afrique-nous-voulons-valoriser-nos-langues-nationales-1071451387.html\" title=\"Diop \u00e0 Sputnik Afrique: \" nous=\"\" voulons=\"\" valoriser=\"\" nos=\"\" langues=\"\" nationales=\"\"\/><\/p>\n<p>Diop \u00e0 Sputnik Afrique: \u00ab\u00a0Nous voulons valoriser nos langues nationales\u00a0\u00bb<\/p>\n<p>Diop \u00e0 Sputnik Afrique: \u00ab\u00a0Nous voulons valoriser nos langues nationales\u00a0\u00bb<\/p>\n<p>Sputnik Afrique<\/p>\n<p>Abdoulaye Diop a comment\u00e9 pour Sputnik Afrique le futur linguistique de l&rsquo;AES: \u00ab\u00a0nous voulons valoriser nos langues nationales\u00a0\u00bb. 03.04.2025, Sputnik Afrique<\/p>\n<p>2025-04-03T13:38+0200<\/p>\n<p>2025-04-03T13:38+0200<\/p>\n<p>2025-04-03T13:38+0200<\/p>\n<p>abdoulaye diop<\/p>\n<p>sergue\u00ef lavrov<\/p>\n<p>russie<\/p>\n<p>afrique<\/p>\n<p>alliance des \u00e9tats du sahel (aes)<\/p>\n<p>https:\/\/cdn1.img.sputniknews.africa\/img\/07e9\/04\/03\/1071451223_0:0:1280:720_1920x0_80_0_0_9398c6aed9596f7d62b6176128457df1.jpg<\/p>\n<p>\u00ab\u00a0Notre futur linguistique n&rsquo;a aucun probl\u00e8me\u00a0\u00bb, car l&rsquo;AES envisage de promouvoir ses langues nationales, a-t-il  fait savoir.  Le Mali, le Niger et le Burkina Faso ont, l\u2019un apr\u00e8s l\u2019autre, tourn\u00e9 le dos \u00e0 l\u2019Organisation internationale de la francophonie. Le ministre malien des Affaires \u00e9trang\u00e8res revient sur les raisons principales de cette d\u00e9cision.  \u00ab\u00a0L\u2019OIF ne travaille plus dans l\u2019int\u00e9r\u00eat que nous voulons\u00a0\u00bb, a d\u00e9clar\u00e9 le diplomate malien.Les chefs de la diplomatie de l&rsquo;Alliance des \u00c9tats du Sahel, Abdoulay Diop, Karamoko Jean Marie Traor\u00e9 et Bakary Yaou Sangar\u00e9, ont eu des pourparlers ce jeudi 3 avril avec Sergue\u00ef Lavrov \u00e0 Moscou.<\/p>\n<p>russie<\/p>\n<p>afrique<\/p>\n<div itemprop=\"copyrightHolder\" itemscope=\"\" itemtype=\"http:\/\/schema.org\/Organization\">\n<p>Sputnik Afrique<\/p>\n<p><a target=\"_blank\" itemprop=\"url\" href=\"https:\/\/fr.sputniknews.africa\" title=\"Sputnik Afrique\"> <\/a><\/p>\n<p>feedback.fr@sputniknews.com<\/p>\n<p>+74956456601<\/p>\n<p>MIA \u201eRossiya Segodnya\u201c<\/p>\n<p><a target=\"_blank\" itemprop=\"sameAs\" href=\"https:\/\/t.me\/sputnik_afrique\"> <\/a><a target=\"_blank\" itemprop=\"sameAs\" href=\"https:\/\/t.me\/sputnik_africa\"> <\/a><a target=\"_blank\" itemprop=\"sameAs\" href=\"https:\/\/t.me\/sputnik_ethiopia\"> <\/a><a target=\"_blank\" itemprop=\"sameAs\" href=\"https:\/\/x.com\/sputnik_afrique\"> <\/a><a target=\"_blank\" itemprop=\"sameAs\" href=\"https:\/\/x.com\/sputnik_africa\"> <\/a><a target=\"_blank\" itemprop=\"sameAs\" href=\"https:\/\/x.com\/sputnik_ethio\"> <\/a><\/div>\n<p>2025<\/p>\n<div itemprop=\"creator\" itemscope=\"\" itemtype=\"http:\/\/schema.org\/Organization\">\n<p>Sputnik Afrique<\/p>\n<p><a target=\"_blank\" itemprop=\"url\" href=\"https:\/\/fr.sputniknews.africa\" title=\"Sputnik Afrique\"> <\/a><\/p>\n<p>feedback.fr@sputniknews.com<\/p>\n<p>+74956456601<\/p>\n<p>MIA \u201eRossiya Segodnya\u201c<\/p>\n<p><a target=\"_blank\" itemprop=\"sameAs\" href=\"https:\/\/t.me\/sputnik_afrique\"> <\/a><a target=\"_blank\" itemprop=\"sameAs\" href=\"https:\/\/t.me\/sputnik_africa\"> <\/a><a target=\"_blank\" itemprop=\"sameAs\" href=\"https:\/\/t.me\/sputnik_ethiopia\"> <\/a><a target=\"_blank\" itemprop=\"sameAs\" href=\"https:\/\/x.com\/sputnik_afrique\"> <\/a><a target=\"_blank\" itemprop=\"sameAs\" href=\"https:\/\/x.com\/sputnik_africa\"> <\/a><a target=\"_blank\" itemprop=\"sameAs\" href=\"https:\/\/x.com\/sputnik_ethio\"> <\/a><\/div>\n<p>Actus<\/p>\n<p>fr_FR<\/p>\n<div itemprop=\"sourceOrganization\" itemscope=\"\" itemtype=\"http:\/\/schema.org\/Organization\">\n<p>Sputnik Afrique<\/p>\n<p><a target=\"_blank\" itemprop=\"url\" href=\"https:\/\/fr.sputniknews.africa\" title=\"Sputnik Afrique\"> <\/a><\/p>\n<p>feedback.fr@sputniknews.com<\/p>\n<p>+74956456601<\/p>\n<p>MIA \u201eRossiya Segodnya\u201c<\/p>\n<p><a target=\"_blank\" itemprop=\"sameAs\" href=\"https:\/\/t.me\/sputnik_afrique\"> <\/a><a target=\"_blank\" itemprop=\"sameAs\" href=\"https:\/\/t.me\/sputnik_africa\"> <\/a><a target=\"_blank\" itemprop=\"sameAs\" href=\"https:\/\/t.me\/sputnik_ethiopia\"> <\/a><a target=\"_blank\" itemprop=\"sameAs\" href=\"https:\/\/x.com\/sputnik_afrique\"> <\/a><a target=\"_blank\" itemprop=\"sameAs\" href=\"https:\/\/x.com\/sputnik_africa\"> <\/a><a target=\"_blank\" itemprop=\"sameAs\" href=\"https:\/\/x.com\/sputnik_ethio\"> <\/a><\/div>\n<p><a target=\"_blank\" itemprop=\"thumbnailUrl\" href=\"https:\/\/cdn1.img.sputniknews.africa\/img\/07e9\/04\/03\/1071451223_0:0:1280:720_1920x0_80_0_0_9398c6aed9596f7d62b6176128457df1.jpg\"\/><a target=\"_blank\" itemprop=\"thumbnailUrl\" href=\"https:\/\/cdn1.img.sputniknews.africa\/img\/07e9\/04\/03\/1071451223_246:0:1206:720_1920x0_80_0_0_c8cf484485b754085d3c391bd7248403.jpg\">https:\/\/cdn1.img.sputniknews.africa\/img\/07e9\/04\/03\/1071451223_246:0:1206:720_1920x0_80_0_0_c8cf484485b754085d3c391bd7248403.jpg<\/a><a target=\"_blank\" itemprop=\"thumbnailUrl\" href=\"https:\/\/cdn1.img.sputniknews.africa\/img\/07e9\/04\/03\/1071451223_366:0:1086:720_1920x0_80_0_0_a25c296db29a199d27fe6ecb7e556774.jpg\" title=\"Abdoulaye Diop\"\/><\/p>\n<div itemprop=\"publisher\" itemscope=\"\" itemtype=\"http:\/\/schema.org\/Organization\">\n<p>Sputnik Afrique<\/p>\n<p><a target=\"_blank\" itemprop=\"url\" href=\"https:\/\/fr.sputniknews.africa\" title=\"Sputnik Afrique\"> <\/a><\/p>\n<p>feedback.fr@sputniknews.com<\/p>\n<p>+74956456601<\/p>\n<p>MIA \u201eRossiya Segodnya\u201c<\/p>\n<p><a target=\"_blank\" itemprop=\"sameAs\" href=\"https:\/\/t.me\/sputnik_afrique\"> <\/a><a target=\"_blank\" itemprop=\"sameAs\" href=\"https:\/\/t.me\/sputnik_africa\"> <\/a><a target=\"_blank\" itemprop=\"sameAs\" href=\"https:\/\/t.me\/sputnik_ethiopia\"> <\/a><a target=\"_blank\" itemprop=\"sameAs\" href=\"https:\/\/x.com\/sputnik_afrique\"> <\/a><a target=\"_blank\" itemprop=\"sameAs\" href=\"https:\/\/x.com\/sputnik_africa\"> <\/a><a target=\"_blank\" itemprop=\"sameAs\" href=\"https:\/\/x.com\/sputnik_ethio\"> <\/a><\/div>\n<p>abdoulaye diop, sergue\u00ef lavrov, russie, afrique, alliance des \u00e9tats du sahel (aes)<\/p>\n<div itemprop=\"about\" itemscope=\"\" itemtype=\"https:\/\/schema.org\/Thing\">\n<p>abdoulaye diop, sergue\u00ef lavrov, russie, afrique, alliance des \u00e9tats du sahel (aes)<\/p>\n<\/div>\n<\/div>\n<div>\n<p>Exclusif<\/p>\n<p>Abdoulaye Diop a comment\u00e9 pour Sputnik Afrique le futur linguistique de l&rsquo;AES: \u00ab\u00a0nous voulons valoriser nos langues nationales\u00a0\u00bb. <\/p>\n<\/div>\n<div>\n<div class=\"article__block\" data-type=\"text\">\n<p>\u00ab\u00a0Notre futur linguistique n&rsquo;a aucun probl\u00e8me\u00a0\u00bb, car l&rsquo;AES envisage de promouvoir ses langues nationales, a-t-il  fait savoir.  <\/p>\n<\/div>\n<div class=\"article__block\" data-type=\"text\">\n<p>Le Mali, le Niger et le Burkina Faso ont, l\u2019un apr\u00e8s l\u2019autre, tourn\u00e9 le dos \u00e0 l\u2019Organisation internationale de la francophonie.<\/p>\n<\/div>\n<div class=\"article__block\" data-type=\"text\">\n<div class=\"article__text\"> Le ministre malien des Affaires \u00e9trang\u00e8res revient sur les raisons principales de cette d\u00e9cision.  \u00ab\u00a0L\u2019OIF ne travaille plus dans l\u2019int\u00e9r\u00eat que nous voulons\u00a0\u00bb, a d\u00e9clar\u00e9 le diplomate malien.<\/p>\n<p>Les chefs de la diplomatie de l&rsquo;Alliance des \u00c9tats du Sahel, Abdoulay Diop, Karamoko Jean Marie Traor\u00e9 et Bakary Yaou Sangar\u00e9, ont eu des pourparlers ce jeudi 3 avril avec Sergue\u00ef Lavrov \u00e0 Moscou.<\/p>\n<\/div>\n<\/div>\n<\/div>\n<p><script async=\"async\" type=\"text\/plain\" class=\"_iub_cs_activate\" data-iub-purposes=\"3\" data-suppressedsrc=\"https:\/\/connect.facebook.net\/en_US\/sdk.js#xfbml=1&amp;version=v3.2\"><\/script><br \/>\n<br \/><br \/>\n<br \/><a href=\"https:\/\/fr.sputniknews.africa\/20250403\/diop-a-sputnik-afrique-nous-voulons-valoriser-nos-langues-nationales-1071451387.html\" target=\"_blank\"\">Source link <\/a><\/p>\n","protected":false},"excerpt":{"rendered":"<p>https:\/\/fr.sputniknews.africa\/20250403\/diop-a-sputnik-afrique-nous-voulons-valoriser-nos-langues-nationales-1071451387.html Diop \u00e0 Sputnik Afrique: \u00ab\u00a0Nous voulons valoriser nos langues nationales\u00a0\u00bb Diop \u00e0 Sputnik Afrique: \u00ab\u00a0Nous voulons valoriser nos langues nationales\u00a0\u00bb Sputnik Afrique Abdoulaye Diop a comment\u00e9 pour Sputnik Afrique&hellip; <\/p>\n","protected":false},"author":1,"featured_media":6062,"comment_status":"open","ping_status":"open","sticky":false,"template":"","format":"standard","meta":{"footnotes":""},"categories":[1],"tags":[],"class_list":["post-6061","post","type-post","status-publish","format-standard","has-post-thumbnail","hentry","category-non-classe"],"_links":{"self":[{"href":"https:\/\/monde25.info\/index.php\/wp-json\/wp\/v2\/posts\/6061","targetHints":{"allow":["GET"]}}],"collection":[{"href":"https:\/\/monde25.info\/index.php\/wp-json\/wp\/v2\/posts"}],"about":[{"href":"https:\/\/monde25.info\/index.php\/wp-json\/wp\/v2\/types\/post"}],"author":[{"embeddable":true,"href":"https:\/\/monde25.info\/index.php\/wp-json\/wp\/v2\/users\/1"}],"replies":[{"embeddable":true,"href":"https:\/\/monde25.info\/index.php\/wp-json\/wp\/v2\/comments?post=6061"}],"version-history":[{"count":0,"href":"https:\/\/monde25.info\/index.php\/wp-json\/wp\/v2\/posts\/6061\/revisions"}],"wp:featuredmedia":[{"embeddable":true,"href":"https:\/\/monde25.info\/index.php\/wp-json\/wp\/v2\/media\/6062"}],"wp:attachment":[{"href":"https:\/\/monde25.info\/index.php\/wp-json\/wp\/v2\/media?parent=6061"}],"wp:term":[{"taxonomy":"category","embeddable":true,"href":"https:\/\/monde25.info\/index.php\/wp-json\/wp\/v2\/categories?post=6061"},{"taxonomy":"post_tag","embeddable":true,"href":"https:\/\/monde25.info\/index.php\/wp-json\/wp\/v2\/tags?post=6061"}],"curies":[{"name":"wp","href":"https:\/\/api.w.org\/{rel}","templated":true}]}}