{"id":6065,"date":"2025-04-10T07:53:25","date_gmt":"2025-04-10T05:53:25","guid":{"rendered":"https:\/\/monde25.info\/index.php\/2025\/04\/10\/la-justice-refuse-lextradition-du-militant-antifasciste-gino-vers-la-hongrie\/"},"modified":"2025-04-10T07:53:25","modified_gmt":"2025-04-10T05:53:25","slug":"la-justice-refuse-lextradition-du-militant-antifasciste-gino-vers-la-hongrie","status":"publish","type":"post","link":"https:\/\/monde25.info\/index.php\/2025\/04\/10\/la-justice-refuse-lextradition-du-militant-antifasciste-gino-vers-la-hongrie\/","title":{"rendered":"La justice refuse l\u2019extradition du militant antifasciste Gino vers la Hongrie"},"content":{"rendered":"<p> <br \/>\n<br \/>Rexhino \u00abGino\u00bb Abazaj restera en France. La cour d\u2019appel de Paris a refus\u00e9 son extradition mercredi 9 avril, estimant un risque de jugement partial et d\u2019atteinte \u00e0 ses droits en Hongrie. Il y est accus\u00e9 d\u2019avoir particip\u00e9 en f\u00e9vrier 2023 \u00e0 une action contre une manifestation n\u00e9onazie \u00e0 Budapest.<br \/>\n<br \/><br \/>\n<br \/><a href=\"https:\/\/www.mediapart.fr\/journal\/international\/090425\/la-justice-refuse-l-extradition-du-militant-antifasciste-gino-vers-la-hongrie\" target=\"_blank\"\">Source link <\/a><\/p>\n","protected":false},"excerpt":{"rendered":"<p>Rexhino \u00abGino\u00bb Abazaj restera en France. La cour d\u2019appel de Paris a refus\u00e9 son extradition mercredi 9 avril, estimant un risque de jugement partial et d\u2019atteinte \u00e0 ses droits en&hellip; <\/p>\n","protected":false},"author":1,"featured_media":6066,"comment_status":"open","ping_status":"open","sticky":false,"template":"","format":"standard","meta":{"footnotes":""},"categories":[1],"tags":[],"class_list":["post-6065","post","type-post","status-publish","format-standard","has-post-thumbnail","hentry","category-non-classe"],"_links":{"self":[{"href":"https:\/\/monde25.info\/index.php\/wp-json\/wp\/v2\/posts\/6065","targetHints":{"allow":["GET"]}}],"collection":[{"href":"https:\/\/monde25.info\/index.php\/wp-json\/wp\/v2\/posts"}],"about":[{"href":"https:\/\/monde25.info\/index.php\/wp-json\/wp\/v2\/types\/post"}],"author":[{"embeddable":true,"href":"https:\/\/monde25.info\/index.php\/wp-json\/wp\/v2\/users\/1"}],"replies":[{"embeddable":true,"href":"https:\/\/monde25.info\/index.php\/wp-json\/wp\/v2\/comments?post=6065"}],"version-history":[{"count":0,"href":"https:\/\/monde25.info\/index.php\/wp-json\/wp\/v2\/posts\/6065\/revisions"}],"wp:featuredmedia":[{"embeddable":true,"href":"https:\/\/monde25.info\/index.php\/wp-json\/wp\/v2\/media\/6066"}],"wp:attachment":[{"href":"https:\/\/monde25.info\/index.php\/wp-json\/wp\/v2\/media?parent=6065"}],"wp:term":[{"taxonomy":"category","embeddable":true,"href":"https:\/\/monde25.info\/index.php\/wp-json\/wp\/v2\/categories?post=6065"},{"taxonomy":"post_tag","embeddable":true,"href":"https:\/\/monde25.info\/index.php\/wp-json\/wp\/v2\/tags?post=6065"}],"curies":[{"name":"wp","href":"https:\/\/api.w.org\/{rel}","templated":true}]}}