{"id":6078,"date":"2025-04-10T11:49:35","date_gmt":"2025-04-10T09:49:35","guid":{"rendered":"https:\/\/monde25.info\/index.php\/2025\/04\/10\/francois-ruffin-elu-de-gauche-propose-dinterdire-les-tesla-en-europe-rt-en-francais\/"},"modified":"2025-04-10T11:49:35","modified_gmt":"2025-04-10T09:49:35","slug":"francois-ruffin-elu-de-gauche-propose-dinterdire-les-tesla-en-europe-rt-en-francais","status":"publish","type":"post","link":"https:\/\/monde25.info\/index.php\/2025\/04\/10\/francois-ruffin-elu-de-gauche-propose-dinterdire-les-tesla-en-europe-rt-en-francais\/","title":{"rendered":"Fran\u00e7ois Ruffin, \u00e9lu de gauche, propose d&rsquo;interdire les Tesla en Europe \u2014 RT en fran\u00e7ais"},"content":{"rendered":"<p> <br \/>\n<br \/><img decoding=\"async\" src=\"https:\/\/mf.b37mrtl.ru\/french\/images\/2025.04\/thumbnail\/67f77c2387f3ec4ed45b1d24.jpg\" \/><\/p>\n<div>\n<p class=\"text__summary\">\n                                        Pour faire face \u00e0 la guerre commerciale impos\u00e9e par les \u00c9tats-Unis, Fran\u00e7ois Ruffin a propos\u00e9 d&rsquo;interdire la vente des v\u00e9hicules Tesla sur le continent europ\u00e9en. \u00ab\u00a0Une mesure symbolique\u00a0\u00bb, selon lui. Cette proposition divise, notamment du fait des risques sur les emplois dans l&rsquo;usine de la marque \u00e0 Berlin.\n                                    <\/p>\n<p>Le 9\u00a0avril 2025, Fran\u00e7ois Ruffin, d\u00e9put\u00e9 Picardie Debout, a cr\u00e9\u00e9 une pol\u00e9mique en proposant d\u2019interdire la vente des voitures Tesla en Europe.<\/p>\n<p>Invit\u00e9 sur France Inter, l\u2019\u00e9lu a fustig\u00e9 la \u00ab\u00a0riposte ridicule\u00a0\u00bb de l\u2019Union europ\u00e9enne face aux droits de douane impos\u00e9s par l\u2019administration Trump, qui incluent une surtaxe de 20\u00a0% sur les produits europ\u00e9ens. \u00ab\u00a0Quel est le symbole de l\u2019Am\u00e9rique de Trump et de Musk\u00a0? C\u2019est la Tesla\u00a0\u00bb, a-t-il lanc\u00e9, ajoutant\u00a0: \u00ab\u00a0Plus une voiture Tesla vendue sur le continent europ\u00e9en. Si on peut prendre une mesure symbolique, on tape dessus.\u00a0\u00bb<\/p>\n<h2>Des risques pour l&rsquo;usine Tesla \u00e0 Berlin<\/h2>\n<p>Cette proposition s\u2019inscrit dans un contexte de tensions commerciales croissantes entre les \u00c9tats-Unis et l\u2019UE. Fran\u00e7ois Ruffin y voit une opportunit\u00e9 pour l\u2019Europe\u00a0: \u00ab\u00a0Faisons-en une chance pour la France et pour l\u2019Europe.\u00a0\u00bb Il critique le libre-\u00e9change promu par Donald Trump, qu\u2019il juge \u00ab\u00a0stupide\u00a0\u00bb, tout en estimant que cette crise peut favoriser les constructeurs locaux.<\/p>\n<p>Cependant, sa sortie a suscit\u00e9 des r\u00e9actions mitig\u00e9es. Sur X, certains internautes d\u00e9noncent une mesure \u00ab\u00a0inefficace\u00a0\u00bb et \u00ab\u00a0d\u00e9bile\u00a0\u00bb, tandis que d\u2019autres saluent une r\u00e9ponse audacieuse face \u00e0 l\u2019h\u00e9g\u00e9monie am\u00e9ricaine.<\/p>\n<p>Tesla, d\u00e9j\u00e0 fragilis\u00e9 en Europe avec une chute de 36,8\u00a0% de ses ventes en France en mars 2025, selon la PFA, subit une fronde li\u00e9e aux positions politiques d\u2019Elon Musk. Des boycotts ont profit\u00e9 \u00e0 des concurrents comme Renault, dont la R5 \u00e9lectrique domine les ventes au premier trimestre 2025.<\/p>\n<p>Mais interdire Tesla, qui emploie des milliers de personnes dans son usine de Berlin, pourrait avoir des cons\u00e9quences \u00e9conomiques. Ursula von der Leyen, pr\u00e9sidente de la Commission europ\u00e9enne, a appel\u00e9 \u00e0 \u00ab\u00a0\u00e9viter l\u2019escalade\u00a0\u00bb, privil\u00e9giant une approche diplomatique.<\/p>\n<p>\u00c0 un an des municipales de 2026, cette proposition illustre les ambitions de Fran\u00e7ois Ruffin, qui se positionne pour 2027, mais elle soul\u00e8ve aussi des questions sur la faisabilit\u00e9 d\u2019une telle mesure dans un march\u00e9 globalis\u00e9.<\/p>\n<\/div>\n<p><br \/>\n<br \/><a href=\"https:\/\/francais.rt.com\/france\/119190-francois-ruffin-interdire-tesla-europe\" target=\"_blank\"\">Source link <\/a><\/p>\n","protected":false},"excerpt":{"rendered":"<p>Pour faire face \u00e0 la guerre commerciale impos\u00e9e par les \u00c9tats-Unis, Fran\u00e7ois Ruffin a propos\u00e9 d&rsquo;interdire la vente des v\u00e9hicules Tesla sur le continent europ\u00e9en. \u00ab\u00a0Une mesure symbolique\u00a0\u00bb, selon lui.&hellip; <\/p>\n","protected":false},"author":1,"featured_media":6079,"comment_status":"open","ping_status":"open","sticky":false,"template":"","format":"standard","meta":{"footnotes":""},"categories":[1],"tags":[],"class_list":["post-6078","post","type-post","status-publish","format-standard","has-post-thumbnail","hentry","category-non-classe"],"_links":{"self":[{"href":"https:\/\/monde25.info\/index.php\/wp-json\/wp\/v2\/posts\/6078","targetHints":{"allow":["GET"]}}],"collection":[{"href":"https:\/\/monde25.info\/index.php\/wp-json\/wp\/v2\/posts"}],"about":[{"href":"https:\/\/monde25.info\/index.php\/wp-json\/wp\/v2\/types\/post"}],"author":[{"embeddable":true,"href":"https:\/\/monde25.info\/index.php\/wp-json\/wp\/v2\/users\/1"}],"replies":[{"embeddable":true,"href":"https:\/\/monde25.info\/index.php\/wp-json\/wp\/v2\/comments?post=6078"}],"version-history":[{"count":0,"href":"https:\/\/monde25.info\/index.php\/wp-json\/wp\/v2\/posts\/6078\/revisions"}],"wp:featuredmedia":[{"embeddable":true,"href":"https:\/\/monde25.info\/index.php\/wp-json\/wp\/v2\/media\/6079"}],"wp:attachment":[{"href":"https:\/\/monde25.info\/index.php\/wp-json\/wp\/v2\/media?parent=6078"}],"wp:term":[{"taxonomy":"category","embeddable":true,"href":"https:\/\/monde25.info\/index.php\/wp-json\/wp\/v2\/categories?post=6078"},{"taxonomy":"post_tag","embeddable":true,"href":"https:\/\/monde25.info\/index.php\/wp-json\/wp\/v2\/tags?post=6078"}],"curies":[{"name":"wp","href":"https:\/\/api.w.org\/{rel}","templated":true}]}}