{"id":6082,"date":"2025-04-10T12:56:30","date_gmt":"2025-04-10T10:56:30","guid":{"rendered":"https:\/\/monde25.info\/index.php\/2025\/04\/10\/propagande-ue-74-milliards-deuros-de-subventions-europeennes-opaques-pour-des-ong\/"},"modified":"2025-04-10T12:56:30","modified_gmt":"2025-04-10T10:56:30","slug":"propagande-ue-74-milliards-deuros-de-subventions-europeennes-opaques-pour-des-ong","status":"publish","type":"post","link":"https:\/\/monde25.info\/index.php\/2025\/04\/10\/propagande-ue-74-milliards-deuros-de-subventions-europeennes-opaques-pour-des-ong\/","title":{"rendered":"Propagande\/UE : 7,4 milliards d\u2019euros de subventions europ\u00e9ennes opaques pour des ONG"},"content":{"rendered":"<p> <br \/>\n<\/p>\n<div>\n<div class=\"intro-text\">\n<p><span class=\"dropcap \" style=\"background-color: #ffffff; color: #000000; border-color: #ffffff;\"><strong>C\u2019<\/strong><\/span>est dramatique, voici un \u00e9ni\u00e8me scandale de la Commission europ\u00e9enne dirig\u00e9e par la racaille en col blanc Ursula von Der Leyen ! La Cour des Comptes europ\u00e9enne vient de publier un dossier accablant concernant le pillage de plusieurs milliards d\u2019euros pour de la pure propagande. Le rapport affirme qu\u2019il est impossible de tracer correctement les flux financiers et que la somme de 7,4 milliards d\u2019euros ne refl\u00e8te pas la r\u00e9alit\u00e9. Le rapport ajoute que des partis politiques r\u00e9cup\u00e8rent une partie de cet argent alors que c\u2019est totalement ill\u00e9gal. Pire que tout, des O.N.G. ont \u00e9t\u00e9 utilis\u00e9es pour faire de la propagande et pour salir la r\u00e9putation des personnes qui ont un autre avis que celui de la Commission europ\u00e9enne, notamment contre les d\u00e9lires climatistes ! Bref, nous sommes gouvern\u00e9s par des voyous qui utilisent l\u2019argent public pour imposer une doctrine, une propagande mensong\u00e8re dans l\u2019int\u00e9r\u00eat de lobbys et certainement pas dans l\u2019int\u00e9r\u00eat des peuples.<\/p>\n<\/div>\n<hr\/>\n<blockquote>\n<p><strong><span class=\"dropcap \" style=\"background-color: #ffffff; color: #000000; border-color: #ffffff;\">L<\/span>a Commission europ\u00e9enne a distribu\u00e9 7,4 milliards d\u2019euros de subventions \u00e0 des ONG pour leur fonctionnement. <\/strong><\/p>\n<p>Cela s\u2019est fait sans transparence, et les rapports officiels sont jug\u00e9s peu fiables. En outre, une part disproportionn\u00e9e de ces fonds est all\u00e9e \u00e0 une trentaine d\u2019ONG qui, en plus, sont tenues par la Commission de faire du lobbying sur certaines priorit\u00e9s politiques comme la transition \u00e9nerg\u00e9tique et le changement climatique. Telles sont les conclusions d\u2019un rapport sp\u00e9cial publi\u00e9 ce lundi 7 avril par la Cour des comptes europ\u00e9enne.<\/p>\n<p>La Cour des comptes europ\u00e9enne (CCE) est l\u2019\u00e9quivalent europ\u00e9en de la Cour des comptes nationale. Ses auditeurs examinent l\u2019utilisation du budget de l\u2019UE. Dans son\u00a0<strong><a target=\"_blank\" href=\"https:\/\/www.eca.europa.eu\/fr\/news\/NEWS-SR-2025-11\">rapport sp\u00e9cial<\/a><\/strong>\u00a0intitul\u00e9\u00a0<em>Transparence du financement de l\u2019UE accord\u00e9 aux ONG<\/em>, la Cour conclut qu\u2019il n\u2019existe toujours pas de vue d\u2019ensemble fiable sur qui re\u00e7oit ces 7,4 milliards d\u2019euros et pourquoi. En r\u00e9alit\u00e9, les auditeurs pr\u00e9cisent que le montant est probablement encore plus \u00e9lev\u00e9, mais qu\u2019ils ne peuvent pas le documenter.<\/p>\n<\/blockquote>\n<blockquote class=\"wp-block-quote is-layout-flow wp-block-quote-is-layout-flow\">\n<p>\u00ab La Commission europ\u00e9enne n\u2019a pas correctement rendu publiques certaines activit\u00e9s de lobbying financ\u00e9es par l\u2019UE. \u00bb (Cour des comptes europ\u00e9enne)<\/p>\n<\/blockquote>\n<blockquote>\n<p>Que l\u2019institution cens\u00e9e contr\u00f4ler les finances des autres institutions europ\u00e9ennes formule de telles critiques est remarquable. Les rapports de la Cour des comptes sont g\u00e9n\u00e9ralement r\u00e9dig\u00e9s en termes tr\u00e8s euph\u00e9mistiques. Et \u00e0 la lecture des 61 pages, on constate en effet que la Cour s\u2019est de nouveau efforc\u00e9e de dissimuler certaines v\u00e9rit\u00e9s.<\/p>\n<p class=\"wp-block-heading\"><strong>Un finan<\/strong><strong>cement d\u00e9guis\u00e9 \u00e0 certains partis politiques<\/strong><\/p>\n<p>Exemple : \u00ab Le rapport a \u00e9t\u00e9 r\u00e9dig\u00e9 dans le contexte d\u2019un int\u00e9r\u00eat public et politique accru pour le financement des ONG par l\u2019UE. \u00bb En r\u00e9alit\u00e9, ce rapport fait suite \u00e0 un scandale de lobbying dans lequel l\u2019UE a pay\u00e9 des ONG pour faire de la politique et influencer l\u2019opinion publique. En effet, la Cour confirme que 7,4 milliards d\u2019euros sont all\u00e9s \u00e0 des ONG tenues, via des clauses secr\u00e8tes, de faire du lobbying et de mener des campagnes de d\u00e9nigrement contre les opposants aux politiques soutenues par la Commission.<\/p>\n<p>Cet aspect hautement politique ne doit pas \u00eatre sous-estim\u00e9. C\u2019est dans ce cadre que l\u2019on trouve une note importante dans le rapport : \u00ab La d\u00e9finition des ONG exclut les partis politiques et les syndicats, mais pas d\u2019autres structures similaires, comme des fondations ou associations cr\u00e9\u00e9es par ces partis ou syndicats et qui en sont en r\u00e9alit\u00e9 des prolongements. \u00bb Autrement dit, une partie des subventions vers\u00e9es constitue en fait un financement d\u00e9guis\u00e9 de partis politiques.<\/p>\n<p class=\"wp-block-heading\"><strong>De nombreuses zones d\u2019ombre<\/strong><\/p>\n<p>Malgr\u00e9 la terminologie tr\u00e8s diplomatique, les auditeurs concluent que le financement des ONG par l\u2019UE manque de transparence. C\u2019est une fa\u00e7on voil\u00e9e de dire qu\u2019il y a beaucoup de zones d\u2019ombre \u2014 voire de secrets\u2026<\/p>\n<p><a target=\"_blank\" href=\"https:\/\/www.21news.be\/74-milliards-deuros-de-subventions-europeennes-opaques-pour-des-ong\/?s=\">[\u2026]<\/a><\/p>\n<hr\/>\n<p><a target=\"_blank\" class=\"author-url url fn n\" href=\"https:\/\/www.21news.be\/author\/lgoukens\/\">Lode Goukens<\/a><\/p>\n<p><a target=\"_blank\" href=\"https:\/\/www.21news.be\/74-milliards-deuros-de-subventions-europeennes-opaques-pour-des-ong\/?s=\"><img data-recalc-dims=\"1\" loading=\"lazy\" decoding=\"async\" class=\"\" src=\"https:\/\/i0.wp.com\/21-news.be\/wp-content\/uploads\/2024\/03\/Logo-21-NEWS-RVB_LONG_500-px.png?resize=147%2C43&amp;ssl=1\" alt=\"21News\" width=\"147\" height=\"43\"\/><\/a><\/p>\n<h6>8 avril 2025<\/h6>\n<\/blockquote>\n<\/div>\n<p><br \/>\n<br \/><a href=\"https:\/\/www.lelibrepenseur.org\/propagande-ue-74-milliards-deuros-de-subventions-europeennes-opaques-pour-des-ong\/\" target=\"_blank\"\">Source link <\/a><\/p>\n","protected":false},"excerpt":{"rendered":"<p>C\u2019est dramatique, voici un \u00e9ni\u00e8me scandale de la Commission europ\u00e9enne dirig\u00e9e par la racaille en col blanc Ursula von Der Leyen ! La Cour des Comptes europ\u00e9enne vient de publier&hellip; <\/p>\n","protected":false},"author":1,"featured_media":6083,"comment_status":"open","ping_status":"open","sticky":false,"template":"","format":"standard","meta":{"footnotes":""},"categories":[1],"tags":[],"class_list":["post-6082","post","type-post","status-publish","format-standard","has-post-thumbnail","hentry","category-non-classe"],"_links":{"self":[{"href":"https:\/\/monde25.info\/index.php\/wp-json\/wp\/v2\/posts\/6082","targetHints":{"allow":["GET"]}}],"collection":[{"href":"https:\/\/monde25.info\/index.php\/wp-json\/wp\/v2\/posts"}],"about":[{"href":"https:\/\/monde25.info\/index.php\/wp-json\/wp\/v2\/types\/post"}],"author":[{"embeddable":true,"href":"https:\/\/monde25.info\/index.php\/wp-json\/wp\/v2\/users\/1"}],"replies":[{"embeddable":true,"href":"https:\/\/monde25.info\/index.php\/wp-json\/wp\/v2\/comments?post=6082"}],"version-history":[{"count":0,"href":"https:\/\/monde25.info\/index.php\/wp-json\/wp\/v2\/posts\/6082\/revisions"}],"wp:featuredmedia":[{"embeddable":true,"href":"https:\/\/monde25.info\/index.php\/wp-json\/wp\/v2\/media\/6083"}],"wp:attachment":[{"href":"https:\/\/monde25.info\/index.php\/wp-json\/wp\/v2\/media?parent=6082"}],"wp:term":[{"taxonomy":"category","embeddable":true,"href":"https:\/\/monde25.info\/index.php\/wp-json\/wp\/v2\/categories?post=6082"},{"taxonomy":"post_tag","embeddable":true,"href":"https:\/\/monde25.info\/index.php\/wp-json\/wp\/v2\/tags?post=6082"}],"curies":[{"name":"wp","href":"https:\/\/api.w.org\/{rel}","templated":true}]}}