{"id":6086,"date":"2025-04-10T15:13:25","date_gmt":"2025-04-10T13:13:25","guid":{"rendered":"https:\/\/monde25.info\/index.php\/2025\/04\/10\/les-pesticides-pourront-etre-epandus-par-des-drones\/"},"modified":"2025-04-10T15:13:25","modified_gmt":"2025-04-10T13:13:25","slug":"les-pesticides-pourront-etre-epandus-par-des-drones","status":"publish","type":"post","link":"https:\/\/monde25.info\/index.php\/2025\/04\/10\/les-pesticides-pourront-etre-epandus-par-des-drones\/","title":{"rendered":"Les pesticides pourront \u00eatre \u00e9pandus par des drones"},"content":{"rendered":"<p> <br \/>\n<br \/><img loading=\"lazy\" decoding=\"async\" src=\"https:\/\/reporterre.net\/local\/cache-vignettes\/L700xH467\/drone-campo_1_-a4713.jpg?1744289701\" class=\"spip_logo\" width=\"700\" height=\"467\" alt=\"\" \/><\/p>\n<p>Des pesticides tomb\u00e9s du ciel, largu\u00e9s par des drones. Le S\u00e9nat a adopt\u00e9 le 9\u00a0avril une proposition de loi autorisant l&rsquo;usage de ces \u00ab<small class=\"fine d-inline\">\u00a0<\/small>a\u00e9ronefs t\u00e9l\u00e9pilot\u00e9s<small class=\"fine d-inline\">\u00a0<\/small>\u00bb pour \u00ab<small class=\"fine d-inline\">\u00a0<\/small>la pulv\u00e9risation de produits phytopharmaceutiques<small class=\"fine d-inline\">\u00a0<\/small>\u00bb sur les cultures. <br class=\"autobr\" \/><br \/>\nL&rsquo;usage sera limit\u00e9 aux parcelles \u00e0 forte pente, aux bananeraies et aux vignes-m\u00e8res de porte-greffes. Ce texte s&rsquo;appuie sur les conclusions d&rsquo;un rapport de l&rsquo;Agence nationale de s\u00e9curit\u00e9 sanitaire, qui estimait que ce mode d&rsquo;\u00e9pandage \u00e9tait \u00ab<small class=\"fine d-inline\">\u00a0<\/small>une solution\u00a0(\u2026)<\/p>\n<p>                    <a target=\"_blank\" href=\"https:\/\/reporterre.net\/Les-pesticides-pourront-etre-epandus-par-des-drones?utm_source=RSS&amp;utm_medium=RSS\">Lire la suite<\/a><\/p>\n<p>                    &#8211;<br \/>\n                        <a target=\"_blank\" href=\"https:\/\/reporterre.net\/Breves-20\" rel=\"directory\">En bref<\/a><\/p>\n<p>                    \/<br \/>\n                        <a target=\"_blank\" href=\"https:\/\/reporterre.net\/Pesticides\" rel=\"tag\">Pesticides<\/a><br \/>\n                    ,<br \/>\n                        <a target=\"_blank\" href=\"https:\/\/reporterre.net\/Agriculture\" rel=\"tag\">Agriculture<\/a><br \/>\n<br \/><br \/>\n<br \/><a href=\"https:\/\/reporterre.net\/Les-pesticides-pourront-etre-epandus-par-des-drones\" target=\"_blank\"\">Source link <\/a><\/p>\n","protected":false},"excerpt":{"rendered":"<p>Des pesticides tomb\u00e9s du ciel, largu\u00e9s par des drones. Le S\u00e9nat a adopt\u00e9 le 9\u00a0avril une proposition de loi autorisant l&rsquo;usage de ces \u00ab\u00a0a\u00e9ronefs t\u00e9l\u00e9pilot\u00e9s\u00a0\u00bb pour \u00ab\u00a0la pulv\u00e9risation de produits&hellip; <\/p>\n","protected":false},"author":1,"featured_media":6087,"comment_status":"open","ping_status":"open","sticky":false,"template":"","format":"standard","meta":{"footnotes":""},"categories":[1],"tags":[],"class_list":["post-6086","post","type-post","status-publish","format-standard","has-post-thumbnail","hentry","category-non-classe"],"_links":{"self":[{"href":"https:\/\/monde25.info\/index.php\/wp-json\/wp\/v2\/posts\/6086","targetHints":{"allow":["GET"]}}],"collection":[{"href":"https:\/\/monde25.info\/index.php\/wp-json\/wp\/v2\/posts"}],"about":[{"href":"https:\/\/monde25.info\/index.php\/wp-json\/wp\/v2\/types\/post"}],"author":[{"embeddable":true,"href":"https:\/\/monde25.info\/index.php\/wp-json\/wp\/v2\/users\/1"}],"replies":[{"embeddable":true,"href":"https:\/\/monde25.info\/index.php\/wp-json\/wp\/v2\/comments?post=6086"}],"version-history":[{"count":0,"href":"https:\/\/monde25.info\/index.php\/wp-json\/wp\/v2\/posts\/6086\/revisions"}],"wp:featuredmedia":[{"embeddable":true,"href":"https:\/\/monde25.info\/index.php\/wp-json\/wp\/v2\/media\/6087"}],"wp:attachment":[{"href":"https:\/\/monde25.info\/index.php\/wp-json\/wp\/v2\/media?parent=6086"}],"wp:term":[{"taxonomy":"category","embeddable":true,"href":"https:\/\/monde25.info\/index.php\/wp-json\/wp\/v2\/categories?post=6086"},{"taxonomy":"post_tag","embeddable":true,"href":"https:\/\/monde25.info\/index.php\/wp-json\/wp\/v2\/tags?post=6086"}],"curies":[{"name":"wp","href":"https:\/\/api.w.org\/{rel}","templated":true}]}}