{"id":6102,"date":"2025-04-10T19:39:41","date_gmt":"2025-04-10T17:39:41","guid":{"rendered":"https:\/\/monde25.info\/index.php\/2025\/04\/10\/aigle-et-faucons-tues-par-des-eoliennes-edf-et-valeco-condamnes\/"},"modified":"2025-04-10T19:39:41","modified_gmt":"2025-04-10T17:39:41","slug":"aigle-et-faucons-tues-par-des-eoliennes-edf-et-valeco-condamnes","status":"publish","type":"post","link":"https:\/\/monde25.info\/index.php\/2025\/04\/10\/aigle-et-faucons-tues-par-des-eoliennes-edf-et-valeco-condamnes\/","title":{"rendered":"Aigle et faucons tu\u00e9s par des \u00e9oliennes\u00a0: EDF et Valeco condamn\u00e9s"},"content":{"rendered":"<p> <br \/>\n<\/p>\n<div>\n<p>    <span class=\"date\">10 avril 2025  \u00e0 16h18<\/span><\/p>\n<p>    <span class=\"date_modif\">Mis \u00e0 jour le 10 avril 2025 \u00e0 17h46<\/span>      <\/p>\n<p class=\"duree_lecture\">\n        Dur\u00e9e de lecture : 5 minutes\n      <\/p>\n<\/p><\/div>\n<div>\n<p>C\u2019est ce qu\u2019on appelle une soufflante\u00a0: en quelques jours, le tribunal judiciaire de Montpellier a inflig\u00e9 de lourdes peines et amendes \u00e0 deux grands \u00e9nerg\u00e9ticiens fran\u00e7ais et ordonn\u00e9 la mise hors service pour quatre \u00e0 douze mois de pr\u00e8s de quarante \u00e9oliennes \u2014 avec ex\u00e9cution provisoire \u2014 \u00e0 la suite de la mort de rapaces prot\u00e9g\u00e9s.<\/p>\n<p>Dans le premier cas, des dizaines de faucons cr\u00e9cerellettes tu\u00e9s par des \u00e9oliennes d\u2019<span class=\"caps\">EDF<\/span>-Renouvelables sur le causse d\u2019Aumelas, au nord-ouest de Montpellier, <a target=\"_blank\" href=\"https:\/\/reporterre.net\/Pour-sauver-le-faucon-crecerellette-la-justice-arrete-31-eoliennes\">l\u2019entreprise et ses soci\u00e9t\u00e9s ont \u00e9t\u00e9 condamn\u00e9es<\/a> lundi 7\u00a0avril \u00e0 plus de 5\u00a0millions d\u2019euros d\u2019amende, pour moiti\u00e9 avec sursis. Le <span class=\"caps\">PDG<\/span> de l\u2019entreprise au moment du d\u00e9p\u00f4t de plainte, Bruno Bensasson, a \u00e9cop\u00e9 de six mois de prison avec sursis.<\/p>\n<div class=\"spip_document_90165 spip_document spip_documents spip_document_image spip_documents_center spip_document_center spip_document_avec_legende\" data-legende-len=\"208\" data-legende-lenx=\"xxx\">\n<figure class=\"spip_doc_inner\">\n      <picture><source type=\"image\/webp\" srcset=\"https:\/\/reporterre.net\/local\/cache-vignettes\/L1050xH700\/faucon_crecerellette_falco_naumanni_adsc_7794__52081277730_1_-d6675.jpg@.webp?1744277461\"><img decoding=\"async\" src=\"https:\/\/reporterre.net\/IMG\/jpg\/faucon_crecerellette_falco_naumanni_adsc_7794__52081277730_1_.jpg\" width=\"1200\" height=\"800\" loading=\"lazy\" alt=\"\"\/><br \/>\n    <\/source><\/picture><figcaption class=\"spip_doc_legende\">\n<p>Au moins 70 faucons cr\u00e9cerellettes, esp\u00e8ce prot\u00e9g\u00e9e class\u00e9e comme vuln\u00e9rable en France, ont \u00e9t\u00e9 retrouv\u00e9s au pied des \u00e9oliennes sur le causse d\u2019Aumelas (H\u00e9rault).<br \/>\n<i>Flickr \/ <span class=\"caps\">CC<\/span> <span class=\"caps\">BY<\/span> <span class=\"caps\">SA<\/span> 2.0 \/ Pierre-Marie Epiney<br \/>\n<\/i><\/p>\n<\/figcaption><\/figure>\n<\/p><\/div>\n<p>Mercredi 9\u00a0avril, c\u2019est <span class=\"caps\">ERL<\/span>, filiale du groupe Valeco, qui a \u00e9t\u00e9 condamn\u00e9 \u00e0 200\u00a0000 euros d\u2019amende, pour moiti\u00e9 avec sursis. Un aigle royal avait \u00e9t\u00e9 fauch\u00e9 par une pale d\u2019\u00e9olienne en 2020 sur son parc \u00e9olien de Bernagues, \u00e0 50\u00a0kilom\u00e8tres d\u2019Aumelas. Valeco et <span class=\"caps\">EDF<\/span>-Renouvelables ont annonc\u00e9 faire appel de ces d\u00e9cisions.<\/p>\n<h2 class=\"spip\">\u00ab<small class=\"fine d-inline\">\u00a0<\/small>On les avait pr\u00e9venus qu\u2019il y avait un risque<small class=\"fine d-inline\">\u00a0<\/small>\u00bb<\/h2>\n<p>Si la justice vole ainsi dans les plumes des deux \u00e9nerg\u00e9ticiens, c\u2019est peut-\u00eatre parce que ces \u00e9oliennes n\u2019auraient jamais d\u00fb \u00eatre construites dans ces zones extr\u00eamement sensibles. <i>\u00ab<small class=\"fine d-inline\">\u00a0<\/small>\u00c0 Bernagues, on les avait pr\u00e9venus il y a dix ans qu\u2019il y avait un risque de collision avec aigles royaux qui nichaient \u00e0 proximit\u00e9, avec des risques sur le plan p\u00e9nal<small class=\"fine d-inline\">\u00a0<\/small>\u00bb<\/i>, rappelle Simon Popy, pr\u00e9sident de France Nature Environnement Occitanie-M\u00e9diterran\u00e9e, partie civile dans les deux affaires.<\/p>\n<p>Idem \u00e0 Aumelas, o\u00f9, d\u00e8s les premi\u00e8res ann\u00e9es de fonctionnement, des cadavres de faucons cr\u00e9cerellettes avaient \u00e9t\u00e9 trouv\u00e9s pr\u00e8s des machines. Des risques qui n\u2019ont pas emp\u00each\u00e9 la poursuite totale ou partielle du fonctionnement, sans que les autorit\u00e9s ne prennent les dispositions pour faire cesser compl\u00e8tement les mortalit\u00e9s. Jusqu\u2019\u00e0 ce qu\u2019au fil des multiples recours en justice, les condamnations tombent.<\/p>\n<div class=\"spip_document_90167 spip_document spip_documents spip_document_image spip_documents_center spip_document_center spip_document_avec_legende\" data-legende-len=\"138\" data-legende-lenx=\"xxx\">\n<figure class=\"spip_doc_inner\">\n      <picture><source type=\"image\/webp\" srcset=\"https:\/\/reporterre.net\/local\/cache-vignettes\/L1050xH700\/aumelas_eoliennes-2-edae7.jpg@.webp?1744277462\"><img decoding=\"async\" src=\"https:\/\/reporterre.net\/IMG\/jpg\/aumelas_eoliennes-2.jpg\" width=\"1200\" height=\"800\" loading=\"lazy\" alt=\"\"\/><br \/>\n    <\/source><\/picture><figcaption class=\"spip_doc_legende\">\n<p>Les \u00e9oliennes du causse d\u2019Aumelas ont \u00e9t\u00e9 cibl\u00e9es par de multiples recours en justice.<br \/>\n<i>Wikimedia Commons \/ <span class=\"caps\">CC<\/span> <span class=\"caps\">BY<\/span>&#8211;<span class=\"caps\">SA<\/span> 4.0 \/ Fagairolles 34<br \/>\n<\/i><\/p>\n<\/figcaption><\/figure>\n<\/p><\/div>\n<p><i>\u00ab<small class=\"fine d-inline\">\u00a0<\/small>Le Conseil d\u2019\u00c9tat a jug\u00e9 en 2022 qu\u2019il suffisait qu\u2019un seul individu d\u2019une esp\u00e8ce prot\u00e9g\u00e9e soit \u00e0 risque pour qu\u2019un porteur de projet doive d\u00e9poser une demande de d\u00e9rogation<small class=\"fine d-inline\">\u00a0<\/small>\u00bb<\/i>, explique Arnaud Gossement, avocat sp\u00e9cialis\u00e9 en droit de l\u2019environnement et d\u00e9fenseur d\u2019entreprises du secteur \u00e9olien<span class=\"spip_note_ref\">\u00a0[<a target=\"_blank\" href=\"#nb1\" class=\"spip_note\" rel=\"appendix\" title=\"Ni Arnaud Gossement, ni son cabinet ne sont intervenus dans les deux\u00a0(\u2026)\" id=\"nh1\">1<\/a>]<\/span>. Le principe de la loi est celui d\u2019une interdiction de toute destruction d\u2018esp\u00e8ces prot\u00e9g\u00e9es, mais les pr\u00e9fets peuvent au cas par cas accorder une d\u00e9rogation. <i>\u00ab<small class=\"fine d-inline\">\u00a0<\/small>Jusqu\u2019alors, certaines administrations n\u2019exigeaient un tel d\u00e9p\u00f4t que lorsqu\u2019une population, et non un seul individu, \u00e9tait en cause<small class=\"fine d-inline\">\u00a0<\/small>\u00bb<\/i>, d\u00e9taille Arnaud Gossement.<\/p>\n<blockquote class=\"spip\">\n<p>\u00ab<small class=\"fine d-inline\">\u00a0<\/small>Il faut voir chaque aigle royal comme une petite Joconde<small class=\"fine d-inline\">\u00a0<\/small>\u00bb<\/p>\n<\/blockquote>\n<p>La m\u00eame ann\u00e9e, la Cour de cassation a jug\u00e9 que le d\u00e9lit de destruction d\u2019esp\u00e8ces prot\u00e9g\u00e9es existait \u00e0 partir du moment o\u00f9 l\u2019exploitant du parc n\u2019avait pas d\u00e9pos\u00e9 la demande de destruction et qu\u2019un seul individu avait \u00e9t\u00e9 tu\u00e9. Pour le  juriste, <i>\u00ab<small class=\"fine d-inline\">\u00a0<\/small>cette \u00e9volution s\u00e9v\u00e8re de la jurisprudence est intervenue alors que le soutien politique de l\u2019\u00e9olien au nom de la protection de l\u2019environnement \u00e9tait en train de faiblir<small class=\"fine d-inline\">\u00a0<\/small>\u00bb<\/i>.<\/p>\n<p><i>\u00ab<small class=\"fine d-inline\">\u00a0<\/small>Mais la destruction des esp\u00e8ces, ce n\u2019est pas au kilo<small class=\"fine d-inline\">\u00a0<\/small>! C\u2019est un enjeu qualitatif. Il faut voir chaque aigle royal comme une petite Joconde<small class=\"fine d-inline\">\u00a0<\/small>\u00bb<\/i>, image C\u00e9dric Marteau, directeur g\u00e9n\u00e9ral de la Ligue pour la protection des oiseaux, <a target=\"_blank\" href=\"https:\/\/www.lpo.fr\/qui-sommes-nous\/espace-presse\/communiques\/cp-2025\/deux-parcs-eoliens-condamnes-pour-destruction-d-oiseaux-proteges-dans-l-herault\" class=\"spip_out\" rel=\"external\">plaignante dans l\u2019affaire de Bernagues<\/a>, o\u00f9 l\u2019oiseau mort \u00e9tait un m\u00e2le reproducteur d\u2019une esp\u00e8ce tr\u00e8s fragile, car avec tr\u00e8s peu de prog\u00e9niture au cours de sa vie.<\/p>\n<div class=\"spip_document_90164 spip_document spip_documents spip_document_image spip_documents_center spip_document_center spip_document_avec_legende\" data-legende-len=\"121\" data-legende-lenx=\"xx\">\n<figure class=\"spip_doc_inner\">\n      <picture><source type=\"image\/webp\" srcset=\"https:\/\/reporterre.net\/local\/cache-vignettes\/L1050xH700\/chrysaetos_la_canada_20120114_1_1_-22d5c.jpg@.webp?1744277462\"><img decoding=\"async\" src=\"https:\/\/reporterre.net\/IMG\/jpg\/chrysaetos_la_canada_20120114_1_1_.jpg\" width=\"1200\" height=\"800\" loading=\"lazy\" alt=\"\"\/><br \/>\n    <\/source><\/picture><figcaption class=\"spip_doc_legende\">\n<p>Des aigles royaux nichent \u00e0 proximit\u00e9 des \u00e9oliennes de Bernagues (H\u00e9rault).<br \/>\n<i>Wikimedia Commons \/ <span class=\"caps\">CC<\/span> <span class=\"caps\">BY<\/span> 3.0 \/ Juan Lacruz<br \/>\n<\/i><\/p>\n<\/figcaption><\/figure>\n<\/p><\/div>\n<p>Pour le responsable associatif, l\u2019enjeu est donc de faire cesser les atteintes\u00a0: <i>\u00ab<small class=\"fine d-inline\">\u00a0<\/small>Ce sont des projets qu\u2019on voit encore, comme sur le <a target=\"_blank\" href=\"https:\/\/reporterre.net\/A-Dunkerque-un-projet-eolien-offshore-menace-la-biodiversite\">parc \u00e9olien en mer de Dunkerque<\/a>, pr\u00e9vu au milieu du premier couloir migratoire d\u2019Europe.<small class=\"fine d-inline\">\u00a0<\/small>\u00bb<\/i> Sur ces secteurs, <i>\u00ab<small class=\"fine d-inline\">\u00a0<\/small>vous aurez beau mettre en place tous les m\u00e9canismes de r\u00e9duction des risques, ce ne sera jamais suffisant par rapport \u00e0 l\u2019impact<small class=\"fine d-inline\">\u00a0<\/small>\u00bb<\/i>, estime-t-il.<\/p>\n<h2 class=\"spip\">Offensive politique contre la protection des esp\u00e8ces<\/h2>\n<p><i>\u00ab<small class=\"fine d-inline\">\u00a0<\/small>Satisfait<small class=\"fine d-inline\">\u00a0<\/small>\u00bb<\/i> des jugements, Simon Popy esp\u00e8re surtout <i>\u00ab<small class=\"fine d-inline\">\u00a0<\/small>un changement d\u2019attitude<small class=\"fine d-inline\">\u00a0<\/small>\u00bb<\/i> des entreprises du renouvelable, <i>\u00ab<small class=\"fine d-inline\">\u00a0<\/small>pour qu\u2019elles arr\u00eatent de m\u00e9priser les <span class=\"caps\">ONG<\/span> environnementales<small class=\"fine d-inline\">\u00a0<\/small>\u00bb<\/i> sur ce sujet. Mais il craint le <i>\u00ab<small class=\"fine d-inline\">\u00a0<\/small>travail de sape<small class=\"fine d-inline\">\u00a0<\/small>\u00bb<\/i> men\u00e9 par les politiques du centre \u00e0 l\u2019extr\u00eame droite, qui attaquent le droit de protection des esp\u00e8ces lui-m\u00eame. En f\u00e9vrier, la loi d\u2019orientation agricole pr\u00e9voyait ainsi une <a target=\"_blank\" href=\"https:\/\/reporterre.net\/Destructions-d-especes-protegees-l-Etat-ouvre-la-porte-a-toutes-les-derives\">pr\u00e9somption de <i>\u00ab<small class=\"fine d-inline\">\u00a0<\/small>non-intentionnalit\u00e9<small class=\"fine d-inline\">\u00a0<\/small>\u00bb<\/i><\/a> de destruction des esp\u00e8ces prot\u00e9g\u00e9es, avant que cette partie ne soit <a target=\"_blank\" href=\"https:\/\/reporterre.net\/Le-Conseil-constitutionnel-censure-un-tiers-de-la-loi-d-orientation-agricole\">retoqu\u00e9e par le Conseil constitutionnel<\/a>.<\/p>\n<p>\u00c0 pr\u00e9sent, c\u2019est la <a target=\"_blank\" href=\"https:\/\/reporterre.net\/Simplification-a-l-Assemblee-l-Etat-s-acharne-dans-la-politique-de-la-tronconneuse-de\">loi de Simplification de la vie \u00e9conomique<\/a>, en cours d\u2019examen \u00e0 l\u2019Assembl\u00e9e nationale, qui pourrait encore plus faciliter l\u2019obtention d\u2019une d\u00e9rogation pour la destruction d\u2019esp\u00e8ces prot\u00e9g\u00e9es pour tous les projets d\u2019\u00e9nergies renouvelables. Et l\u2019incertitude demeure sur la mani\u00e8re dont la France va transposer les nouvelles <a target=\"_blank\" href=\"https:\/\/reporterre.net\/L-Europe-s-apprete-a-detricoter-ses-engagements-ecologiques\">directives europ\u00e9ennes sur la promotion des \u00e9nergies renouvelables<\/a>, qui pourraient entra\u00eener de nouveaux assouplissements dans la protection des esp\u00e8ces.<\/p>\n<aside class=\"boite_encarts\">\n<div class=\"encart encart_gris noprint\">\n<p><strong>Puisque vous \u00eates l\u00e0&#8230;<\/strong><\/p>\n<p>&#8230; nous avons un petit service \u00e0 vous demander.<br class=\"autobr\"\/><br \/>\nEntre la pr\u00e9sence d\u2019un climatosceptique \u00e0 la t\u00eate de la premi\u00e8re puissance mondiale, un gouvernement fran\u00e7ais qui flirte avec l\u2019extr\u00eame-droite, et les catastrophes climatiques qui s\u2019enchainent&#8230; Faire vivre l\u2019\u00e9cologie dans le d\u00e9bat public est un enjeu crucial.<\/p>\n<p>Personne ne modifie ce que nous publions. Nous n\u2019avons ni actionnaire, ni propri\u00e9taire milliardaire \u2014 seulement une \u00e9quipe d\u2019irr\u00e9ductibles journalistes, pleine de d\u00e9termination.<\/p>\n<p>Nous avons la conviction que l\u2019urgence \u00e9cologique est l\u2019enjeu majeur de notre \u00e9poque. Et comme plus de 2 millions de lectrices et lecteurs chaque mois, vous partagez sans doute cette conviction&#8230;<\/p>\n<p><strong>Depuis 12 ans, nous publions des articles de qualit\u00e9 sur l\u2019\u00e9cologie, en acc\u00e8s libre et sans publicit\u00e9, pour tous.<\/strong><br class=\"autobr\"\/><br \/>\nMais ce travail demande beaucoup de temps et de ressources.<\/p>\n<p>Alors, si vous en avez les moyens, sachez qu\u2019un don, m\u00eame d\u20191\u20ac, est un acte de soutien fort pour l\u2019\u00e9cologie et le journalisme ind\u00e9pendant.<br class=\"autobr\"\/><br \/>\n(Et \u00e7a vous prendra moins de temps que la lecture de ce texte).<\/p>\n<p><strong>Si vous le pouvez, choisissez un soutien mensuel. Merci.<\/strong><\/p>\n<p><a target=\"_blank\" href=\"https:\/\/reporterre.net\/dons\" class=\"bt_soutenir\">Je soutiens <i>Reporterre<\/i><\/a><\/p>\n<\/p><\/div>\n<div class=\"encart encart_vert noprint montre_1023\">\n<div class=\"infolettre-form-container noprint\">\n<p>Abonnez-vous \u00e0 la lettre d\u2019info de Reporterre<\/p>\n<\/div><\/div>\n<\/aside>\n<aside class=\"boite_apresarticle encart_note\">\n<h4>Apr\u00e8s cet article<\/h4>\n<p>      <a target=\"_blank\" href=\"https:\/\/reporterre.net\/Simplification-a-l-Assemblee-l-Etat-s-acharne-dans-la-politique-de-la-tronconneuse-de\" class=\"lien_article\">\n      <picture class=\"vignette_gauche\"><source type=\"image\/webp\" srcset=\"https:\/\/reporterre.net\/local\/cache-vignettes\/L450xH300\/afp__20250227__36yr48g__v1__highres__franceenvironmenttransporttrialjustice_1_-2-cb23d.jpg@.webp?1744098085\"><img decoding=\"async\" src=\"https:\/\/reporterre.net\/local\/cache-vignettes\/L450xH300\/afp__20250227__36yr48g__v1__highres__franceenvironmenttransporttrialjustice_1_-2-cb23d.jpg?1744098085\" width=\"450\" height=\"300\" alt=\"\" class=\"marge12\" loading=\"lazy\"\/><br \/>\n<\/source><\/picture>\n<p class=\"libelle\">\n<p>      Politique\n    <\/p>\n<p class=\"titre pol20\">Simplification \u00e0 l\u2019Assembl\u00e9e\u00a0: l\u2019\u00c9tat s\u2019acharne dans la \u00ab<small class=\"fine d-inline\">\u00a0<\/small>politique de la tron\u00e7onneuse de Trump<small class=\"fine d-inline\">\u00a0<\/small>\u00bb<\/p>\n<p>      <\/a><br \/>\n    <\/aside>\n<aside class=\"boite_complement texte\">\n<div class=\"encart_note\">\n<h4>Notes<\/h4>\n<div id=\"nb1\">\n<p><span class=\"spip_note_ref\">[<a target=\"_blank\" href=\"#nh1\" class=\"spip_note\" title=\"Notes 1\" rev=\"appendix\">1<\/a>]\u00a0<\/span>Ni Arnaud Gossement, ni son cabinet ne sont intervenus dans les deux affaires cit\u00e9es.<\/p>\n<\/div><\/div>\n<p>      <!-- zone_forum --><br \/>\n          <\/aside>\n<aside class=\"boite_lireaussi noprint\">\n<\/aside>\n<aside class=\"colonne\">\n<div class=\"article_info cache_1023 noprint\">\n<p>    <span class=\"date\">10 avril 2025  \u00e0 16h18<\/span><\/p>\n<p>    <span class=\"date_modif\">Mis \u00e0 jour le 10 avril 2025 \u00e0 17h46<\/span>      <\/p>\n<p class=\"duree_lecture\">\n        Dur\u00e9e de lecture : 5 minutes\n      <\/p>\n<\/p><\/div>\n<div class=\"bloc_infolettre\">\n<div class=\"infolettre-form-container noprint\">\n<p>Abonnez-vous \u00e0 la lettre d\u2019info de Reporterre<\/p>\n<\/div><\/div>\n<\/aside>\n<div id=\"galerie\">\n  <img decoding=\"async\" src=\"\" class=\"principale\" id=\"principale\"\/><\/p>\n<p id=\"legende\">legende<\/p>\n<\/div>\n<footer class=\"noprint\">\n<\/footer>\n<\/div>\n<p><br \/>\n<br \/><a href=\"https:\/\/reporterre.net\/Aigle-et-faucons-tues-par-des-eoliennes-EDF-et-Valeco-condamnes\" target=\"_blank\"\">Source link <\/a><\/p>\n","protected":false},"excerpt":{"rendered":"<p>10 avril 2025 \u00e0 16h18 Mis \u00e0 jour le 10 avril 2025 \u00e0 17h46 Dur\u00e9e de lecture : 5 minutes C\u2019est ce qu\u2019on appelle une soufflante\u00a0: en quelques jours, le&hellip; <\/p>\n","protected":false},"author":1,"featured_media":6103,"comment_status":"open","ping_status":"open","sticky":false,"template":"","format":"standard","meta":{"footnotes":""},"categories":[1],"tags":[],"class_list":["post-6102","post","type-post","status-publish","format-standard","has-post-thumbnail","hentry","category-non-classe"],"_links":{"self":[{"href":"https:\/\/monde25.info\/index.php\/wp-json\/wp\/v2\/posts\/6102","targetHints":{"allow":["GET"]}}],"collection":[{"href":"https:\/\/monde25.info\/index.php\/wp-json\/wp\/v2\/posts"}],"about":[{"href":"https:\/\/monde25.info\/index.php\/wp-json\/wp\/v2\/types\/post"}],"author":[{"embeddable":true,"href":"https:\/\/monde25.info\/index.php\/wp-json\/wp\/v2\/users\/1"}],"replies":[{"embeddable":true,"href":"https:\/\/monde25.info\/index.php\/wp-json\/wp\/v2\/comments?post=6102"}],"version-history":[{"count":0,"href":"https:\/\/monde25.info\/index.php\/wp-json\/wp\/v2\/posts\/6102\/revisions"}],"wp:featuredmedia":[{"embeddable":true,"href":"https:\/\/monde25.info\/index.php\/wp-json\/wp\/v2\/media\/6103"}],"wp:attachment":[{"href":"https:\/\/monde25.info\/index.php\/wp-json\/wp\/v2\/media?parent=6102"}],"wp:term":[{"taxonomy":"category","embeddable":true,"href":"https:\/\/monde25.info\/index.php\/wp-json\/wp\/v2\/categories?post=6102"},{"taxonomy":"post_tag","embeddable":true,"href":"https:\/\/monde25.info\/index.php\/wp-json\/wp\/v2\/tags?post=6102"}],"curies":[{"name":"wp","href":"https:\/\/api.w.org\/{rel}","templated":true}]}}