{"id":6113,"date":"2025-04-10T23:31:44","date_gmt":"2025-04-10T21:31:44","guid":{"rendered":"https:\/\/monde25.info\/index.php\/2025\/04\/10\/face-a-lausterite-la-culture-se-souleve\/"},"modified":"2025-04-10T23:31:44","modified_gmt":"2025-04-10T21:31:44","slug":"face-a-lausterite-la-culture-se-souleve","status":"publish","type":"post","link":"https:\/\/monde25.info\/index.php\/2025\/04\/10\/face-a-lausterite-la-culture-se-souleve\/","title":{"rendered":"Face \u00e0 l\u2019aust\u00e9rit\u00e9, la culture se soul\u00e8ve"},"content":{"rendered":"<p> <br \/>\n<\/p>\n<div>\n<p>Le budget 2025 sera <strong>l\u2019un des plus aust\u00e9ritaires jamais connus par la France depuis des d\u00e9cennies<\/strong>. En effet, par rapport \u00e0 l\u2019an dernier,<strong> l\u2019\u00c9tat va d\u00e9penser 30 milliards de moins dans le secteur public.\u00a0<\/strong>Pratiquement tous les domaines seront concern\u00e9s. <strong>Seules les enveloppes de la D\u00e9fense, de l\u2019Int\u00e9rieur et de la Justice conna\u00eetront une hausse,<\/strong>\u00a0<a target=\"_blank\" href=\"https:\/\/www.humanite.fr\/politique\/extreme-droite\/immigration-francois-bayrou-accredite-les-theses-de-lextreme-droite\">confirmant la drague<\/a> insistante de la Macronie envers l\u2019\u00e9lectorat de droite et d\u2019extr\u00eame droite.<\/p>\n<p>Pour d\u00e9fendre un<strong> mod\u00e8le de d\u00e9mocratie culturelle, l<\/strong><strong style=\"font-family: Verdana, BlinkMacSystemFont, -apple-system, 'Segoe UI', Roboto, Oxygen, Ubuntu, Cantarell, 'Open Sans', 'Helvetica Neue', sans-serif;\">es Soul\u00e8vements de la culture ont lanc\u00e9 une tribune.<\/strong><\/p>\n<p><iframe loading=\"lazy\" title=\"AUST\u00c9RIT\u00c9 PROGRAMM\u00c9E : TOUT COMPRENDRE AU BUDGET 2025 PR\u00c9SENT\u00c9 PAR LE GOUVERNEMENT\" width=\"1110\" height=\"624\" src=\"https:\/\/www.youtube.com\/embed\/UJRFl6x-VUI?feature=oembed\" frameborder=\"0\" allow=\"accelerometer; autoplay; clipboard-write; encrypted-media; gyroscope; picture-in-picture; web-share\" referrerpolicy=\"strict-origin-when-cross-origin\" allowfullscreen><\/iframe><\/p>\n<\/div>\n<div>\n<h2><strong>La dette, la d\u00e9fense, ou la culture\u00a0: des choix d\u00e9terminants\u00a0!<\/strong><\/h2>\n<p>Nos cultures sont des processus vivants, \u00e9volutifs, \u00e9mancipateurs. Nos cultures\u00a0 humaines ne sont pas \u00e0 n\u00e9gocier\u00a0: elles sont indispensables, qu\u2019il s\u2019agisse de <strong>comprendre le monde, de penser et d\u2019imaginer l\u2019utopie en donnant forme \u00e0 des r\u00eaves, de pleurer ou de rire, de nous distraire ou de construire notre avenir.<\/strong> Elles ne sont pas \u00e9litistes, elles forment la base et le sommet d\u2019un \u00eatre en vie.<\/p>\n<p>L\u2019\u00c9tat voudrait nous faire savoir que les priorit\u00e9s de l\u2019\u00e9poque sont l\u2019arm\u00e9e et la dette, que tout le reste passe apr\u00e8s. <strong>Au nom de l\u2019urgence, nous devrions oublier ce que la culture et l\u2019\u00e9ducation nous apportent, \u00e0 moyen terme.<\/strong> Mais non\u00a0: nous consentons \u00e0 des efforts pour autant qu\u2019ils n\u2019an\u00e9antissent pas tout le reste. Car ce reste est tout aussi essentiel\u00a0: la sant\u00e9, l\u2019\u00e9ducation, le travail social. <strong>La culture, \u00e0 son tour, est malmen\u00e9e, \u00e9cras\u00e9e, au point que les aides que redistribuaient les pouvoirs publics se sont taries.<\/strong> \u00ab\u00a0Redistribuait\u00a0\u00bb car ces aides proviennent, en derni\u00e8re analyse, de nos imp\u00f4ts.<\/p>\n<p><iframe loading=\"lazy\" title=\"Mobilisation nationale contre les coupes budg\u00e9taires touchant le monde de la culture\" width=\"1110\" height=\"624\" src=\"https:\/\/www.youtube.com\/embed\/rJEsuyxUX7w?feature=oembed\" frameborder=\"0\" allow=\"accelerometer; autoplay; clipboard-write; encrypted-media; gyroscope; picture-in-picture; web-share\" referrerpolicy=\"strict-origin-when-cross-origin\" allowfullscreen><\/iframe><\/p>\n<h2><strong>Nous, professionnels de la culture<\/strong><\/h2>\n<p>Nous ne sommes pas des robots incultes, nous savons r\u00e9pondre aux captchas et cliquer pour appara\u00eetre humains\u00a0! Et au-del\u00e0\u00a0: nous continuons \u00e0 penser\u00a0! Voil\u00e0 pourquoi <strong>nous ne voulons pas laisser l\u2019\u00c9tat d\u00e9truire ce qui participe \u00e0 notre humanit\u00e9<\/strong> et \u00e0 la construction de valeurs fondatrices d\u2019une soci\u00e9t\u00e9.<\/p>\n<p>Plus que jamais, <strong>les id\u00e9es d\u2019empathie, de joie, d\u2019avenir doivent \u00eatre convoqu\u00e9es toutes ensemble.<\/strong> Suppression de la part collective du Pass culture, baisse g\u00e9n\u00e9ralis\u00e9e des subventions, comme <strong>dans les Pays de la Loire voire suppression pure et simple du budget culturel (d\u00e9partement de l\u2019H\u00e9rault\u2026)<\/strong> : la liste n\u2019en finit plus des attaques actuelles contre la culture, ses acteurs et ses publics.<\/p>\n<p>La culture, c\u2019est la litt\u00e9rature, le cin\u00e9ma, le patrimoine, le spectacle vivant, les arts sous toutes leurs formes. <strong>Dans de nombreux cas, le public ne peut s\u2019offrir cette culture, et le r\u00f4le de l\u2019\u00c9tat et des collectivit\u00e9s publiques est d\u2019aider l\u2019ensemble des acteurs culturels, professionnels ou non, \u00e0 toucher tous les milieux sociaux.<\/strong> Toute relation \u00e9tablie par un individu \u00e0 l\u2019art est une op\u00e9ration fondatrice. L\u2019effet de l\u2019art est sans pareil. Nous sommes l\u00e0 pour qu\u2019advienne cette rencontre et nous ne capitulerons pas parce que c\u2019est par l\u2019art que nous respirons.<\/p>\n<figure id=\"attachment_716502\" aria-describedby=\"caption-attachment-716502\" style=\"width: 1024px\" class=\"wp-caption alignnone\"><img fetchpriority=\"high\" decoding=\"async\" class=\"wp-image-716502 size-medium\" src=\"https:\/\/mrmondialisation.org\/wp-content\/uploads\/2025\/04\/fatih-kilic-m1dm7zxvdms-unsplash-1024x660.jpg\" alt=\"\" width=\"1024\" height=\"660\" srcset=\"https:\/\/mrmondialisation.org\/wp-content\/uploads\/2025\/04\/fatih-kilic-m1dm7zxvdms-unsplash-1024x660.jpg 1024w, https:\/\/mrmondialisation.org\/wp-content\/uploads\/2025\/04\/fatih-kilic-m1dm7zxvdms-unsplash-1524x982.jpg 1524w, https:\/\/mrmondialisation.org\/wp-content\/uploads\/2025\/04\/fatih-kilic-m1dm7zxvdms-unsplash-768x495.jpg 768w, https:\/\/mrmondialisation.org\/wp-content\/uploads\/2025\/04\/fatih-kilic-m1dm7zxvdms-unsplash-1536x990.jpg 1536w, https:\/\/mrmondialisation.org\/wp-content\/uploads\/2025\/04\/fatih-kilic-m1dm7zxvdms-unsplash-696x448.jpg 696w, https:\/\/mrmondialisation.org\/wp-content\/uploads\/2025\/04\/fatih-kilic-m1dm7zxvdms-unsplash-1068x688.jpg 1068w, https:\/\/mrmondialisation.org\/wp-content\/uploads\/2025\/04\/fatih-kilic-m1dm7zxvdms-unsplash-652x420.jpg 652w, https:\/\/mrmondialisation.org\/wp-content\/uploads\/2025\/04\/fatih-kilic-m1dm7zxvdms-unsplash.jpg 1920w\" sizes=\"(max-width: 1024px) 100vw, 1024px\"\/><figcaption id=\"caption-attachment-716502\" class=\"wp-caption-text\">Fatih K\u0131l\u0131\u00e7 sur Unsplash<\/figcaption><\/figure>\n<p><strong>Nous appelons \u00e0 des soul\u00e8vements de la culture, \u00e0 d\u00e9velopper et f\u00e9d\u00e9rer l\u2019ensemble des initiatives pour la d\u00e9fense de ce qui nous est cher,<\/strong> de ce qui constitue la base d\u2019une soci\u00e9t\u00e9 libre et \u00e9mancip\u00e9e.<\/p>\n<div class=\"td-a-rec td-a-rec-id-content_inline_mob \"><span class=\"td-adspot-title\">&#8211; Information &#8211;<\/span><a target=\"_blank\" href=\"https:\/\/fr.tipeee.com\/mr-mondialisation\" class=\"tipeee-project-small\">Soutenir Mr Japanization sur Tipeee<\/a>\n<\/div>\n<p><strong>Nous ne d\u00e9fendons pas uniquement la culture, n<\/strong><strong>ous sommes l\u2019AVENIR qui se d\u00e9fend\u00a0!<\/strong><\/p>\n<p style=\"text-align: right;\"><strong><em>\u2013 Les Soul\u00e8vements de la culture<\/em><\/strong><br \/><strong><em><a target=\"_blank\" href=\"https:\/\/mrmondialisation.org\/austerite-culture-souleve\/mailto:soulevementsdelaculture@mailo.com\" target=\"_blank\" rel=\"noopener\">soulevementsdelaculture@mailo.<wbr\/>com<\/a><\/em><\/strong><\/p>\n<hr\/>\n<p>Photo de couverture : Flickr.<\/p>\n<\/div>\n<p><br \/>\n<br \/><a href=\"https:\/\/mrmondialisation.org\/austerite-culture-souleve\/\" target=\"_blank\"\">Source link <\/a><\/p>\n","protected":false},"excerpt":{"rendered":"<p>Le budget 2025 sera l\u2019un des plus aust\u00e9ritaires jamais connus par la France depuis des d\u00e9cennies. En effet, par rapport \u00e0 l\u2019an dernier, l\u2019\u00c9tat va d\u00e9penser 30 milliards de moins&hellip; <\/p>\n","protected":false},"author":1,"featured_media":6114,"comment_status":"open","ping_status":"open","sticky":false,"template":"","format":"standard","meta":{"footnotes":""},"categories":[1],"tags":[],"class_list":["post-6113","post","type-post","status-publish","format-standard","has-post-thumbnail","hentry","category-non-classe"],"_links":{"self":[{"href":"https:\/\/monde25.info\/index.php\/wp-json\/wp\/v2\/posts\/6113","targetHints":{"allow":["GET"]}}],"collection":[{"href":"https:\/\/monde25.info\/index.php\/wp-json\/wp\/v2\/posts"}],"about":[{"href":"https:\/\/monde25.info\/index.php\/wp-json\/wp\/v2\/types\/post"}],"author":[{"embeddable":true,"href":"https:\/\/monde25.info\/index.php\/wp-json\/wp\/v2\/users\/1"}],"replies":[{"embeddable":true,"href":"https:\/\/monde25.info\/index.php\/wp-json\/wp\/v2\/comments?post=6113"}],"version-history":[{"count":0,"href":"https:\/\/monde25.info\/index.php\/wp-json\/wp\/v2\/posts\/6113\/revisions"}],"wp:featuredmedia":[{"embeddable":true,"href":"https:\/\/monde25.info\/index.php\/wp-json\/wp\/v2\/media\/6114"}],"wp:attachment":[{"href":"https:\/\/monde25.info\/index.php\/wp-json\/wp\/v2\/media?parent=6113"}],"wp:term":[{"taxonomy":"category","embeddable":true,"href":"https:\/\/monde25.info\/index.php\/wp-json\/wp\/v2\/categories?post=6113"},{"taxonomy":"post_tag","embeddable":true,"href":"https:\/\/monde25.info\/index.php\/wp-json\/wp\/v2\/tags?post=6113"}],"curies":[{"name":"wp","href":"https:\/\/api.w.org\/{rel}","templated":true}]}}