{"id":6115,"date":"2025-04-11T00:04:48","date_gmt":"2025-04-10T22:04:48","guid":{"rendered":"https:\/\/monde25.info\/index.php\/2025\/04\/11\/israel-menace-dexpulser-970-pilotes-pour-avoir-proteste-contre-la-guerre-a-gaza\/"},"modified":"2025-04-11T00:04:48","modified_gmt":"2025-04-10T22:04:48","slug":"israel-menace-dexpulser-970-pilotes-pour-avoir-proteste-contre-la-guerre-a-gaza","status":"publish","type":"post","link":"https:\/\/monde25.info\/index.php\/2025\/04\/11\/israel-menace-dexpulser-970-pilotes-pour-avoir-proteste-contre-la-guerre-a-gaza\/","title":{"rendered":"Isra\u00ebl menace d\u2019expulser 970 pilotes pour avoir protest\u00e9 contre la guerre \u00e0 Gaza"},"content":{"rendered":"<p> <br \/>\n<\/p>\n<div>\n<p>par <strong>TRT Fran\u00e7ais<\/strong><\/p>\n<p><strong>Les chefs militaires isra\u00e9liens menacent de renvoyer le personnel a\u00e9rien qui ne retire pas leur signature d\u2019une lettre s\u2019opposant \u00e0 la guerre et affirmant que \u00ables combats \u00e0 Gaza servent des int\u00e9r\u00eats politiques et non des int\u00e9r\u00eats de s\u00e9curit\u00e9\u00bb.<\/strong><\/p>\n<p>Les commandants de l\u2019arm\u00e9e de l\u2019air isra\u00e9lienne ont menac\u00e9 mercredi d\u2019expulser environ 970 membres du personnel, dont des pilotes, des officiers et des soldats, s\u2019ils ne retirent pas leurs signatures d\u2019une lettre demandant la fin de la guerre \u00e0 Gaza, ont rapport\u00e9 les m\u00e9dias locaux.<\/p>\n<p>Le quotidien isra\u00e9lien <em>Haaretz<\/em> a rapport\u00e9 qu\u2019\u00ab<em>environ 970 membres du personnel a\u00e9rien, dont certains sont en service de r\u00e9serve actif, ont sign\u00e9 la lettre s\u2019opposant \u00e0 la guerre, mais n\u2019appelant pas au refus de servir<\/em>\u00bb.<\/p>\n<p>Ces derniers jours, de hauts responsables de l\u2019arm\u00e9e de l\u2019air ont t\u00e9l\u00e9phon\u00e9 personnellement aux r\u00e9servistes ayant sign\u00e9 la lettre, les exhortant \u00e0 revenir sur leur d\u00e9cision. Les commandants ont inform\u00e9 les r\u00e9servistes qu\u2019ils risquaient d\u2019\u00eatre licenci\u00e9s s\u2019ils refusaient d\u2019obtemp\u00e9rer, selon <em>Haaretz<\/em>.<\/p>\n<p>\u00c0 la suite de cette menace, seuls 25 signataires ont retir\u00e9 leur nom, tandis que huit autres ont demand\u00e9 \u00e0 ajouter leur signature.<\/p>\n<p>Les signataires de la lettre, dont des officiers sup\u00e9rieurs et des pilotes de l\u2019arm\u00e9e de l\u2019air, estiment que \u00ab<em>les combats \u00e0 Gaza servent des int\u00e9r\u00eats politiques et non des int\u00e9r\u00eats de s\u00e9curit\u00e9<\/em>\u00bb.<\/p>\n<p>Les membres de l\u2019opposition isra\u00e9lienne affirment depuis longtemps que la guerre contre Gaza a pour but de permettre au Premier ministre Benjamin Netanyahou de rester au pouvoir et n\u2019a rien \u00e0 voir avec la s\u00e9curit\u00e9 d\u2019Isra\u00ebl.<\/p>\n<p>source : <a target=\"_blank\" href=\"https:\/\/www.trt.global\/fran%C3%A7ais\/article\/080f3c3db6aa\" target=\"_blank\" rel=\"noopener\" title=\"\">TRT Fran\u00e7ais<\/a><\/p>\n<div class=\"sharedaddy sd-block sd-like jetpack-likes-widget-wrapper jetpack-likes-widget-unloaded\" id=\"like-post-wrapper-237719536-451761-67f82f4ce4588\" data-src=\"https:\/\/widgets.wp.com\/likes\/?ver=14.4.1#blog_id=237719536&amp;post_id=451761&amp;origin=reseauinternational.net&amp;obj_id=237719536-451761-67f82f4ce4588\" data-name=\"like-post-frame-237719536-451761-67f82f4ce4588\" data-title=\"Aimer ou rebloguer\">\n<h3 class=\"sd-title\">J\u2019aime \u00e7a\u00a0:<\/h3>\n<p><span class=\"button\"><span>J\u2019aime<\/span><\/span> <span class=\"loading\">chargement\u2026<\/span><\/p>\n<p><span class=\"sd-text-color\"\/><a target=\"_blank\" class=\"sd-link-color\"\/><\/div>\n<p><meta itemscope=\"\" itemprop=\"mainEntityOfPage\" itemtype=\"https:\/\/schema.org\/WebPage\" itemid=\"https:\/\/reseauinternational.net\/israel-menace-dexpulser-970-pilotes-pour-avoir-proteste-contre-la-guerre-a-gaza\/\"\/><meta itemprop=\"headline\" content=\"Isra\u00ebl menace d\u2019expulser 970 pilotes pour avoir protest\u00e9 contre la guerre \u00e0 Gaza\"\/><span style=\"display: none;\" itemprop=\"author\" itemscope=\"\" itemtype=\"https:\/\/schema.org\/Person\"><meta itemprop=\"name\" content=\"R\u00e9seau International\"\/><\/span><span style=\"display: none;\" itemprop=\"image\" itemscope=\"\" itemtype=\"https:\/\/schema.org\/ImageObject\"><meta itemprop=\"url\" content=\"https:\/\/i0.wp.com\/reseauinternational.net\/wp-content\/uploads\/2025\/04\/Sans-titre-20-8.png?fit=800%2C467&amp;quality=100&amp;ssl=1\"\/><meta itemprop=\"width\" content=\"800\"\/><meta itemprop=\"height\" content=\"467\"\/><\/span><span style=\"display: none;\" itemprop=\"publisher\" itemscope=\"\" itemtype=\"https:\/\/schema.org\/Organization\"><span style=\"display: none;\" itemprop=\"logo\" itemscope=\"\" itemtype=\"https:\/\/schema.org\/ImageObject\"><meta itemprop=\"url\" content=\"https:\/\/reseauinternational.net\/wp-content\/uploads\/2022\/06\/Capture-de\u0301cran-2022-06-14-a\u0300-16.51.07.png\"\/><\/span><meta itemprop=\"name\" content=\"R\u00e9seau International\"\/><\/span><meta itemprop=\"datePublished\" content=\"2025-04-10T08:23:26+00:00\"\/><meta itemprop=\"dateModified\" content=\"2025-04-10T08:24:44+00:00\"\/><\/div>\n<p><br \/>\n<br \/><a href=\"https:\/\/reseauinternational.net\/israel-menace-dexpulser-970-pilotes-pour-avoir-proteste-contre-la-guerre-a-gaza\/\" target=\"_blank\"\">Source link <\/a><\/p>\n","protected":false},"excerpt":{"rendered":"<p>par TRT Fran\u00e7ais Les chefs militaires isra\u00e9liens menacent de renvoyer le personnel a\u00e9rien qui ne retire pas leur signature d\u2019une lettre s\u2019opposant \u00e0 la guerre et affirmant que \u00ables combats&hellip; <\/p>\n","protected":false},"author":1,"featured_media":6116,"comment_status":"open","ping_status":"open","sticky":false,"template":"","format":"standard","meta":{"footnotes":""},"categories":[1],"tags":[],"class_list":["post-6115","post","type-post","status-publish","format-standard","has-post-thumbnail","hentry","category-non-classe"],"_links":{"self":[{"href":"https:\/\/monde25.info\/index.php\/wp-json\/wp\/v2\/posts\/6115","targetHints":{"allow":["GET"]}}],"collection":[{"href":"https:\/\/monde25.info\/index.php\/wp-json\/wp\/v2\/posts"}],"about":[{"href":"https:\/\/monde25.info\/index.php\/wp-json\/wp\/v2\/types\/post"}],"author":[{"embeddable":true,"href":"https:\/\/monde25.info\/index.php\/wp-json\/wp\/v2\/users\/1"}],"replies":[{"embeddable":true,"href":"https:\/\/monde25.info\/index.php\/wp-json\/wp\/v2\/comments?post=6115"}],"version-history":[{"count":0,"href":"https:\/\/monde25.info\/index.php\/wp-json\/wp\/v2\/posts\/6115\/revisions"}],"wp:featuredmedia":[{"embeddable":true,"href":"https:\/\/monde25.info\/index.php\/wp-json\/wp\/v2\/media\/6116"}],"wp:attachment":[{"href":"https:\/\/monde25.info\/index.php\/wp-json\/wp\/v2\/media?parent=6115"}],"wp:term":[{"taxonomy":"category","embeddable":true,"href":"https:\/\/monde25.info\/index.php\/wp-json\/wp\/v2\/categories?post=6115"},{"taxonomy":"post_tag","embeddable":true,"href":"https:\/\/monde25.info\/index.php\/wp-json\/wp\/v2\/tags?post=6115"}],"curies":[{"name":"wp","href":"https:\/\/api.w.org\/{rel}","templated":true}]}}