{"id":6117,"date":"2025-04-11T00:37:34","date_gmt":"2025-04-10T22:37:34","guid":{"rendered":"https:\/\/monde25.info\/index.php\/2025\/04\/11\/lambassadeur-de-france-a-moscou-convoque-apres-la-breve-detention-dune-fonctionnaire-russe-a-laeroport-de-paris\/"},"modified":"2025-04-11T00:37:34","modified_gmt":"2025-04-10T22:37:34","slug":"lambassadeur-de-france-a-moscou-convoque-apres-la-breve-detention-dune-fonctionnaire-russe-a-laeroport-de-paris","status":"publish","type":"post","link":"https:\/\/monde25.info\/index.php\/2025\/04\/11\/lambassadeur-de-france-a-moscou-convoque-apres-la-breve-detention-dune-fonctionnaire-russe-a-laeroport-de-paris\/","title":{"rendered":"L\u2019ambassadeur de France \u00e0 Moscou convoqu\u00e9 apr\u00e8s la br\u00e8ve d\u00e9tention d\u2019une fonctionnaire russe \u00e0 l\u2019a\u00e9roport de Paris"},"content":{"rendered":"<p> <br \/>\n<\/p>\n<div>\n<p><span data-ccp-props=\"{&quot;134233117&quot;:false,&quot;134233118&quot;:false,&quot;335559738&quot;:165,&quot;335559739&quot;:165}\">\u00a0<\/span><span data-contrast=\"none\">Voil\u00e0 qui complique un peu plus les relations entre Paris et Moscou. Dimanche, Nicolas de Rivi\u00e8re, fra\u00eechement nomm\u00e9 ambassadeur de France \u00e0 Moscou, a \u00e9t\u00e9 convoqu\u00e9 au minist\u00e8re russe des Affaires \u00e9trang\u00e8res, suite \u00e0 la d\u00e9tention, pendant une journ\u00e9e, d\u2019une employ\u00e9e de ce minist\u00e8re \u00e0 l\u2019a\u00e9roport Charles-de-Gaulle. Le Kremlin \u201ccondamne\u201d des \u201cagissements inadmissibles, qui aggravent davantage des relations bilat\u00e9rales d\u00e9j\u00e0 ab\u00eem\u00e9es\u201d. Les Affaires \u00e9trang\u00e8res russes d\u00e9noncent \u00e9galement le refus de la France d\u2019octroyer un visa \u00e0 un autre de ses employ\u00e9s qui devait assister \u00e0 des \u00e9v\u00e9nements organis\u00e9s par l\u2019Unesco.<\/span><span data-ccp-props=\"{&quot;134233117&quot;:false,&quot;134233118&quot;:false,&quot;335559738&quot;:165,&quot;335559739&quot;:165}\">\u00a0<\/span><\/p>\n<p><span data-contrast=\"none\">Selon Maria Zakharova, porte-parole du minist\u00e8re russe des Affaires \u00e9trang\u00e8res, un membre de la d\u00e9l\u00e9gation officielle russe a \u00e9t\u00e9 interpell\u00e9 par les gardes-fronti\u00e8res fran\u00e7ais, sans fournir d&rsquo;explication, le 6 avril dernier \u00e0 l&rsquo;a\u00e9roport Charles-de-Gaulle de Paris. Un t\u00e9l\u00e9phone et un ordinateur portable lui ont \u00e9t\u00e9 confisqu\u00e9s. \u201cL&rsquo;ambassade de Russie en France a imm\u00e9diatement d\u00e9p\u00each\u00e9 un agent consulaire \u00e0 l&rsquo;a\u00e9roport, qui a d\u00fb attendre pr\u00e8s de sept heures avant de pouvoir rencontrer son coll\u00e8gue\u201d, a ajout\u00e9 mercredi la m\u00eame porte-parole.<\/span><span data-ccp-props=\"{&quot;134233117&quot;:false,&quot;134233118&quot;:false,&quot;335559738&quot;:165,&quot;335559739&quot;:150}\">\u00a0<\/span><\/p>\n<p><span data-contrast=\"none\"><strong>Cette situation ne sera pas \u201csans cons\u00e9quences\u00a0\u00bb<\/strong><\/span><span data-ccp-props=\"{&quot;134233117&quot;:false,&quot;134233118&quot;:false,&quot;335559738&quot;:240,&quot;335559739&quot;:240}\"><strong>\u00a0<\/strong><\/span><\/p>\n<p><span data-ccp-props=\"{&quot;134233117&quot;:false,&quot;134233118&quot;:false,&quot;335559738&quot;:165,&quot;335559739&quot;:165}\">\u00a0<\/span><span data-contrast=\"none\">\u00ab\u00a0Apr\u00e8s les d\u00e9marches entreprises, notre coll\u00e8gue a finalement \u00e9t\u00e9 autoris\u00e9e \u00e0 entrer dans le pays, mais elle a d\u00fb passer une journ\u00e9e dans la zone frontali\u00e8re de l&rsquo;a\u00e9roport\u00a0\u00bb, poursuit-elle, soulignant que l\u2019employ\u00e9e russe a pass\u00e9 pr\u00e8s de 24 heures \u00e0 l\u2019a\u00e9roport.\u00a0<\/span><span data-ccp-props=\"{&quot;134233117&quot;:false,&quot;134233118&quot;:false,&quot;335559738&quot;:165,&quot;335559739&quot;:165}\">\u00a0<\/span><\/p>\n<p><span data-contrast=\"none\">L\u2019ambassadeur de France \u00e0 Moscou, Nicolas de Rivi\u00e8re, a \u00e9t\u00e9 convoqu\u00e9 le m\u00eame jour au minist\u00e8re des Affaires \u00e9trang\u00e8res, pour lui \u201cnotifier\u201d la \u00ab\u00a0vive protestation\u00a0\u00bb de Moscou. \u00ab\u00a0Nous n&rsquo;avons pas l&rsquo;intention de laisser cette situation sans cons\u00e9quences\u00a0\u00bb, a \u00e9galement averti Maria Zakharova, apr\u00e8s ce nouvel incident diplomatique.<\/span><span data-ccp-props=\"{&quot;134233117&quot;:false,&quot;134233118&quot;:false,&quot;335559738&quot;:165,&quot;335559739&quot;:165}\">\u00a0<\/span><\/p>\n<p><span data-ccp-props=\"{&quot;134233117&quot;:false,&quot;134233118&quot;:false,&quot;335559738&quot;:165,&quot;335559739&quot;:165}\">\u00a0<\/span><span data-contrast=\"none\">Mercredi encore, la porte-parole annon\u00e7ait que \u201cla semaine derni\u00e8re, Alexandre Alimov, directeur du d\u00e9partement de la coop\u00e9ration humanitaire multilat\u00e9rale et des relations culturelles du minist\u00e8re russe des Affaires \u00e9trang\u00e8res, n&rsquo;a pas re\u00e7u \u00e0 temps son visa fran\u00e7ais pour les \u00e9v\u00e9nements de l&rsquo;UNESCO\u201d. De ce fait, \u201cla rotation du personnel diplomatique et de soutien de la D\u00e9l\u00e9gation permanente de la F\u00e9d\u00e9ration de Russie aupr\u00e8s de l&rsquo;UNESCO a \u00e9t\u00e9 compromise\u201d, a-t-elle d\u00e9plor\u00e9.<\/span><span data-ccp-props=\"{&quot;134233117&quot;:false,&quot;134233118&quot;:false,&quot;335559738&quot;:165,&quot;335559739&quot;:165}\">\u00a0<\/span><\/p>\n<p><span data-ccp-props=\"{&quot;134233117&quot;:false,&quot;134233118&quot;:false,&quot;335559738&quot;:165,&quot;335559739&quot;:165}\">\u00a0<\/span><span data-contrast=\"none\">Moscou, rappelle Maria Zakharova, a soulign\u00e9 \u00e0 plusieurs reprises \u201cles violations syst\u00e9matiques par la France de ses obligations au regard du droit international en tant que pays h\u00f4te de l&rsquo;UNESCO et d&rsquo;autres organisations internationales\u201d. \u201cLa partie fran\u00e7aise a abus\u00e9 de son statut en refusant r\u00e9guli\u00e8rement des visas aux membres des d\u00e9l\u00e9gations officielles russes sans fournir d&rsquo;explication coh\u00e9rente, ou en retardant la d\u00e9livrance des visas, emp\u00eachant ainsi les responsables russes de participer \u00e0 des \u00e9v\u00e9nements\u201d, a-t-elle ajout\u00e9.<\/span><span data-ccp-props=\"{&quot;134233117&quot;:false,&quot;134233118&quot;:false,&quot;335559738&quot;:165,&quot;335559739&quot;:150}\">\u00a0<\/span><\/p>\n<p><span data-contrast=\"none\"><strong>\u201cDes relations bilat\u00e9rales ab\u00eem\u00e9es\u201d<\/strong><\/span><span data-ccp-props=\"{&quot;134233117&quot;:false,&quot;134233118&quot;:false,&quot;335559738&quot;:240,&quot;335559739&quot;:240}\"><strong>\u00a0<\/strong><\/span><\/p>\n<p><span data-contrast=\"none\">La nouvelle de la br\u00e8ve d\u00e9tention de l\u2019employ\u00e9e russe a fait r\u00e9agir le porte-parole de la pr\u00e9sidence russe, Dmitri Peskov. \u00ab\u00a0Nous condamnons de tels agissements de la France et les consid\u00e9rons comme inadmissibles (&#8230;). Cela aggrave encore davantage nos relations bilat\u00e9rales d\u00e9j\u00e0 ab\u00eem\u00e9es\u00a0\u00bb, a-t-il d\u00e9nonc\u00e9.\u00a0<\/span><span data-ccp-props=\"{&quot;134233117&quot;:false,&quot;134233118&quot;:false,&quot;335559738&quot;:165,&quot;335559739&quot;:165}\">\u00a0<\/span><\/p>\n<p><span data-ccp-props=\"{&quot;134233117&quot;:false,&quot;134233118&quot;:false,&quot;335559738&quot;:165,&quot;335559739&quot;:165}\">\u00a0<\/span><span data-contrast=\"none\">Celles-ci se sont fortement d\u00e9grad\u00e9es depuis l&rsquo;invasion de l&rsquo;Ukraine en f\u00e9vrier 2022. Emmanuel Macron a vite adopt\u00e9 une position pro-ukrainienne, soutenant des sanctions \u00e9conomiques contre la Russie, \u00ab\u00a0menace existentielle pour les Europ\u00e9ens\u00a0\u00bb, tout en intensifiant son soutien militaire et financier \u00e0 Kiev.\u00a0<\/span><span data-ccp-props=\"{&quot;134233117&quot;:false,&quot;134233118&quot;:false,&quot;335559738&quot;:165,&quot;335559739&quot;:165}\">\u00a0<\/span><\/p>\n<p><span data-ccp-props=\"{&quot;134233117&quot;:false,&quot;134233118&quot;:false,&quot;335559738&quot;:165,&quot;335559739&quot;:165}\">\u00a0<\/span><span data-contrast=\"none\">Paris a expuls\u00e9 41 diplomates russes qui se livraient, selon elle, \u00e0 des activit\u00e9s d&rsquo;espionnage sous couvert de l&rsquo;ambassade russe tandis que Moscou avait r\u00e9pliqu\u00e9 en d\u00e9clarant dans la foul\u00e9e 34 diplomates fran\u00e7ais person\u00e6 non grat\u00e6 sur son territoire.<\/span><span data-ccp-props=\"{&quot;134233117&quot;:false,&quot;134233118&quot;:false,&quot;335559738&quot;:165,&quot;335559739&quot;:165}\">\u00a0<\/span><\/p>\n<p><span data-contrast=\"none\">La d\u00e9cision d\u2019autoriser l\u2019usage des missiles SCALP EG contre des cibles russes a suscit\u00e9 une vive r\u00e9action de Moscou, qui a protest\u00e9 contre ce qu&rsquo;elle consid\u00e8re comme une escalade directe. Les d\u00e9clarations du pr\u00e9sident fran\u00e7ais, selon lesquelles une victoire russe en Ukraine serait \u201cun d\u00e9sastre pour l&rsquo;Europe\u201d ou celles appelant \u00e0 l\u2019envoi de troupes occidentales sur le front a d\u00e9t\u00e9rior\u00e9 davantage les relations diplomatiques entre les deux pays.\u00a0<\/span><span data-ccp-props=\"{&quot;134233117&quot;:false,&quot;134233118&quot;:false,&quot;335559738&quot;:165,&quot;335559739&quot;:165}\">\u00a0<\/span><\/p>\n<p><span data-contrast=\"none\">En mars 2025, pendant que l\u2019administration Trump intensifiait les pourparlers pour aboutir \u00e0 une tr\u00eave entre Kiev et Moscou, Emmanuel Macron a accus\u00e9 le Kremlin de maintenir une \u00ab\u00a0volont\u00e9 de guerre\u00a0\u00bb. De son c\u00f4t\u00e9, la Russie est accus\u00e9e d\u2019avoir men\u00e9 une s\u00e9rie d&rsquo;actes de d\u00e9stabilisation et de d\u00e9sinformation sur le territoire fran\u00e7ais.<\/span><span data-ccp-props=\"{&quot;134233117&quot;:false,&quot;134233118&quot;:false,&quot;335559738&quot;:165,&quot;335559739&quot;:165}\">\u00a0<\/span><\/p>\n<p><span data-ccp-props=\"{&quot;134233117&quot;:false,&quot;134233118&quot;:false,&quot;335559738&quot;:165,&quot;335559739&quot;:165}\">\u00a0<\/span><\/p>\n<p><span data-ccp-props=\"{&quot;134233117&quot;:false,&quot;134233118&quot;:false,&quot;335559738&quot;:165,&quot;335559739&quot;:165}\">\u00a0<\/span><\/p>\n<p><span data-ccp-props=\"{}\">\u00a0<\/span><\/p>\n<\/div>\n<p><script>(function(d, s, id) {  var js, fjs = d.getElementsByTagName(s)[0];  if (d.getElementById(id)) return;  js = d.createElement(s); js.id = id;  js.src = \"\/\/connect.facebook.net\/fr_FR\/sdk.js#xfbml=1&version=v2.3\";  fjs.parentNode.insertBefore(js, fjs);}(document, \"script\", \"facebook-jssdk\"));<\/script><br \/>\n<br \/><br \/>\n<br \/><a href=\"https:\/\/www.francesoir.fr\/politique-monde\/l-ambassadeur-de-france-moscou-convoque-apres-la-breve-detention-d-une\" target=\"_blank\"\">Source link <\/a><\/p>\n","protected":false},"excerpt":{"rendered":"<p>\u00a0Voil\u00e0 qui complique un peu plus les relations entre Paris et Moscou. Dimanche, Nicolas de Rivi\u00e8re, fra\u00eechement nomm\u00e9 ambassadeur de France \u00e0 Moscou, a \u00e9t\u00e9 convoqu\u00e9 au minist\u00e8re russe des&hellip; <\/p>\n","protected":false},"author":1,"featured_media":6118,"comment_status":"open","ping_status":"open","sticky":false,"template":"","format":"standard","meta":{"footnotes":""},"categories":[1],"tags":[],"class_list":["post-6117","post","type-post","status-publish","format-standard","has-post-thumbnail","hentry","category-non-classe"],"_links":{"self":[{"href":"https:\/\/monde25.info\/index.php\/wp-json\/wp\/v2\/posts\/6117","targetHints":{"allow":["GET"]}}],"collection":[{"href":"https:\/\/monde25.info\/index.php\/wp-json\/wp\/v2\/posts"}],"about":[{"href":"https:\/\/monde25.info\/index.php\/wp-json\/wp\/v2\/types\/post"}],"author":[{"embeddable":true,"href":"https:\/\/monde25.info\/index.php\/wp-json\/wp\/v2\/users\/1"}],"replies":[{"embeddable":true,"href":"https:\/\/monde25.info\/index.php\/wp-json\/wp\/v2\/comments?post=6117"}],"version-history":[{"count":0,"href":"https:\/\/monde25.info\/index.php\/wp-json\/wp\/v2\/posts\/6117\/revisions"}],"wp:featuredmedia":[{"embeddable":true,"href":"https:\/\/monde25.info\/index.php\/wp-json\/wp\/v2\/media\/6118"}],"wp:attachment":[{"href":"https:\/\/monde25.info\/index.php\/wp-json\/wp\/v2\/media?parent=6117"}],"wp:term":[{"taxonomy":"category","embeddable":true,"href":"https:\/\/monde25.info\/index.php\/wp-json\/wp\/v2\/categories?post=6117"},{"taxonomy":"post_tag","embeddable":true,"href":"https:\/\/monde25.info\/index.php\/wp-json\/wp\/v2\/tags?post=6117"}],"curies":[{"name":"wp","href":"https:\/\/api.w.org\/{rel}","templated":true}]}}