{"id":6125,"date":"2025-04-11T03:23:32","date_gmt":"2025-04-11T01:23:32","guid":{"rendered":"https:\/\/monde25.info\/index.php\/2025\/04\/11\/quelle-sera-la-prochaine-etape-apres-le-retrait-des-etats-unis-de-la-plateforme-logistique-polonaise-de-rzeszow-pour-lukraine\/"},"modified":"2025-04-11T03:23:32","modified_gmt":"2025-04-11T01:23:32","slug":"quelle-sera-la-prochaine-etape-apres-le-retrait-des-etats-unis-de-la-plateforme-logistique-polonaise-de-rzeszow-pour-lukraine","status":"publish","type":"post","link":"https:\/\/monde25.info\/index.php\/2025\/04\/11\/quelle-sera-la-prochaine-etape-apres-le-retrait-des-etats-unis-de-la-plateforme-logistique-polonaise-de-rzeszow-pour-lukraine\/","title":{"rendered":"Quelle sera la prochaine \u00e9tape apr\u00e8s le retrait des \u00c9tats-Unis de la plateforme logistique polonaise de Rzeszow pour l\u2019Ukraine ?"},"content":{"rendered":"<p> <br \/>\n<\/p>\n<div>\n<p>Par Andrew KORYBKO pour <a target=\"_blank\" href=\"https:\/\/korybko-substack-com.translate.goog\/p\/what-comes-next-after-the-us-withdrawal?_x_tr_sl=auto&amp;_x_tr_tl=fr&amp;_x_tr_hl=fr&amp;_x_tr_hist=true\" data-type=\"link\" data-id=\"https:\/\/korybko-substack-com.translate.goog\/p\/what-comes-next-after-the-us-withdrawal?_x_tr_sl=auto&amp;_x_tr_tl=fr&amp;_x_tr_hl=fr&amp;_x_tr_hist=true\"><strong>Substack<\/strong><\/a><\/p>\n<div class=\"wp-block-image\">\n<figure class=\"aligncenter size-large is-resized\"><img fetchpriority=\"high\" decoding=\"async\" width=\"440\" height=\"330\" src=\"https:\/\/lesmoutonsenrages.fr\/wp-content\/uploads\/2025\/04\/image-29-440x330.png\" alt=\"\" class=\"wp-image-166228\" style=\"width:357px;height:auto\" srcset=\"https:\/\/lesmoutonsenrages.fr\/wp-content\/uploads\/2025\/04\/image-29-440x330.png 440w, https:\/\/lesmoutonsenrages.fr\/wp-content\/uploads\/2025\/04\/image-29-250x188.png 250w, https:\/\/lesmoutonsenrages.fr\/wp-content\/uploads\/2025\/04\/image-29-768x576.png 768w, https:\/\/lesmoutonsenrages.fr\/wp-content\/uploads\/2025\/04\/image-29-150x113.png 150w, https:\/\/lesmoutonsenrages.fr\/wp-content\/uploads\/2025\/04\/image-29.png 800w\" sizes=\"(max-width: 440px) 100vw, 440px\"\/><\/figure>\n<\/div>\n<p><strong>Il s\u2019agit de symboliser la r\u00e9duction de l\u2019aide militaire am\u00e9ricaine \u00e0 Kiev, et non de constituer la premi\u00e8re \u00e9tape vers un retrait complet de la Pologne ou de l\u2019Europe centrale et orientale dans son ensemble.<\/strong><\/p>\n<p>Le Pentagone <a target=\"_blank\" href=\"https:\/\/www.europeafrica.army.mil\/ArticleViewPressRelease\/Article\/4147621\/press-release-usareur-af-repositions-troops-in-poland\/\">a annonc\u00e9 <\/a>lundi que les forces am\u00e9ricaines se retireraient de la plateforme logistique polonaise de Rzesz\u00f3w pour l\u2019Ukraine et se repositionneraient ailleurs dans le pays, selon un plan (jusqu\u2019ici tenu secret). Le lendemain, <a target=\"_blank\" href=\"https:\/\/www.nbcnews.com\/news\/rcna199603\">NBC News <\/a>a rapport\u00e9 que Trump pourrait bient\u00f4t retirer la moiti\u00e9 des 20\u00a0000 soldats am\u00e9ricains que Biden a envoy\u00e9s en Europe centrale et orientale (ECO) depuis 2022. Selon leurs sources, l\u2019essentiel proviendrait de Pologne et de Roumanie, les deux plus grands pays du flanc oriental de l\u2019OTAN.<\/p>\n<p><span id=\"more-166227\"\/><\/p>\n<p><a target=\"_blank\" href=\"https:\/\/tass.com\/world\/1940349\">Le pr\u00e9sident <\/a>polonais , <a target=\"_blank\" href=\"https:\/\/tvpworld.com\/86061876\/us-troop-redeploy-from-ukraine-hub-not-a-withdrawal-from-poland-says-pm-\">le Premier ministre <\/a>et <a target=\"_blank\" href=\"https:\/\/tvpworld.com\/86060035\/poland-confirms-us-troops-to-relocate-to-different-parts-of-the-country\">le ministre de la D\u00e9fense <\/a>ont tous \u00e9t\u00e9 prompts \u00e0 affirmer que le repositionnement de lundi n\u2019\u00e9quivaut pas \u00e0 un retrait des forces am\u00e9ricaines de Pologne, ni ne pr\u00e9sage un retrait des forces am\u00e9ricaines de Pologne, mais les sp\u00e9culations continuent de circuler sur les plans de Trump compte tenu de la \u00ab <a target=\"_blank\" href=\"https:\/\/korybko.substack.com\/p\/russia-and-the-us-diplomatic-choreography\">Nouvelle <\/a><a target=\"_blank\" href=\"https:\/\/korybko.substack.com\/p\/korybko-to-newsweek-a-russian-us\">D\u00e9tente \u00bb <\/a><a target=\"_blank\" href=\"https:\/\/korybko.substack.com\/p\/heres-what-comes-next-after-putin\">naissante entre <\/a><a target=\"_blank\" href=\"https:\/\/korybko.substack.com\/p\/why-might-russia-repair-its-ties\">la Russie <\/a>et <a target=\"_blank\" href=\"https:\/\/korybko.substack.com\/p\/vances-munich-speech-vindicated-putins\">les \u00c9tats-Unis <\/a>. Poutine a demand\u00e9 fin 2021 que les \u00c9tats-Unis retirent leurs forces d\u2019Europe centrale et orientale afin de r\u00e9tablir le respect par Washington de l\u2019Acte fondateur OTAN-Russie de 1997, dont les nombreuses violations ont aggrav\u00e9 le dilemme s\u00e9curitaire russo-am\u00e9ricain. <a target=\"_blank\" href=\"https:\/\/korybko.substack.com\/p\/why-might-russia-repair-its-ties\"\/><a target=\"_blank\" href=\"https:\/\/korybko.substack.com\/p\/vances-munich-speech-vindicated-putins\"\/><a target=\"_blank\" href=\"https:\/\/korybko.substack.com\/p\/russia-and-the-us-diplomatic-choreography\"\/> <a target=\"_blank\" href=\"https:\/\/korybko.substack.com\/p\/korybko-to-newsweek-a-russian-us\"\/><\/p>\n<p>Le refus de Biden d\u2019aborder ce sujet a contribu\u00e9 \u00e0 rendre in\u00e9vitable la nouvelle phase du <a target=\"_blank\" href=\"https:\/\/thealtworld.com\/andrew_korybko\/heres-what-i-learned-from-analyzing-the-new-cold-war-every-day-for-three-years-straight\">conflit ukrainien, <\/a><a target=\"_blank\" href=\"https:\/\/korybko.substack.com\/p\/putin-reminded-everyone-that-russia\">qui dure depuis plus de dix ans, en convainquant Poutine que ce qui allait bient\u00f4t \u00eatre connu sous le nom d\u2019 <\/a><a target=\"_blank\" href=\"https:\/\/korybko.substack.com\/p\/20-constructive-critiques-about-russias\">op\u00e9ration <\/a><a target=\"_blank\" href=\"https:\/\/korybko.substack.com\/p\/korybko-to-azerbaijani-media-all\">sp\u00e9ciale <\/a>\u00e9tait le seul moyen de r\u00e9tablir l\u2019\u00e9quilibre strat\u00e9gique de plus en plus d\u00e9s\u00e9quilibr\u00e9 entre la Russie et les \u00c9tats-Unis. Contrairement \u00e0 Biden, Trump semble ouvert \u00e0 une acceptation, au moins partielle, de la demande de Poutine, qui pourrait s\u2019inscrire parmi les nombreux compromis pragmatiques qu\u2019ils n\u00e9gocient pour normaliser leurs relations et mettre fin \u00e0 la guerre par procuration. <a target=\"_blank\" href=\"https:\/\/thealtworld.com\/andrew_korybko\/heres-what-i-learned-from-analyzing-the-new-cold-war-every-day-for-three-years-straight\"\/><a target=\"_blank\" href=\"https:\/\/korybko.substack.com\/p\/korybko-to-azerbaijani-media-all\"\/> <a target=\"_blank\" href=\"https:\/\/korybko.substack.com\/p\/20-constructive-critiques-about-russias\"\/><\/p>\n<p>Fin f\u00e9vrier, on estimait qu\u2019il <a target=\"_blank\" href=\"https:\/\/korybko.substack.com\/p\/trump-is-unlikely-to-pull-all-us\">\u00e9tait peu probable que Trump retire toutes les troupes am\u00e9ricaines d\u2019Europe centrale ou abandonne l\u2019article 5 de l\u2019OTAN <\/a>. Cependant, il en retirera probablement une partie pour la red\u00e9ployer en Asie afin de contenir plus efficacement la Chine dans le cadre du pivot oriental pr\u00e9vu par son administration. <a target=\"_blank\" href=\"https:\/\/korybko.substack.com\/p\/Currently,%20a%20total%20of%20about%2010,000%20troops%20of%20the%20US%20armed%20forces%20are%20stationed%20in%20Poland,%20primarily%20as%20part%20of%20a%20rotational%20presence.\">Environ 10\u00a0000 soldats am\u00e9ricains sont actuellement <\/a>en Pologne, contre <a target=\"_blank\" href=\"https:\/\/thedefensepost.com\/2022\/02\/06\/us-troops-poland-2\/#:~:text=Poland%2C%20a%20former%20Communist%20bloc%20country%20which%20borders%20Ukraine%20and%20joined%20NATO%20in%201999%2C%20already%20hosts%20around%204%2C500%20US%20troops%20on%20rotation.\">environ 4\u00a0500 <\/a>avant l\u2019op\u00e9ration sp\u00e9ciale. Certains pourraient donc \u00eatre r\u00e9duits, mais rester en Pologne plus nombreux qu\u2019avant 2022.<\/p>\n<p>Le pr\u00e9sident conservateur polonais sortant souhaite d\u00e9ployer le plus grand nombre possible de troupes am\u00e9ricaines, y compris le <a target=\"_blank\" href=\"https:\/\/www.politico.eu\/article\/poland-united-states-germany-merz-duda-trump-soldiers-nato-troops-defense-ukraine-war-russia\/\">red\u00e9ploiement de certaines troupes depuis l\u2019Allemagne <\/a>, tandis que son Premier ministre lib\u00e9ral actuel envisage <a target=\"_blank\" href=\"https:\/\/korybko.substack.com\/p\/frances-next-quarterly-nuclear-drills\">de <\/a>s\u2019appuyer sur la France pour contrebalancer les \u00c9tats-Unis ou de se tourner carr\u00e9ment vers la premi\u00e8re. L\u2019issue de l\u2019\u00e9lection pr\u00e9sidentielle du mois prochain jouera un r\u00f4le d\u00e9terminant dans la politique polonaise \u00e0 cet \u00e9gard et pourrait \u00eatre influenc\u00e9e par les perceptions (justifi\u00e9es ou non) d\u2019un abandon am\u00e9ricain de la Pologne.<\/p>\n<p>Toute r\u00e9duction des troupes am\u00e9ricaines en Pologne, ou la conviction de l\u2019opinion publique que cela est in\u00e9vitable, pourrait jouer en faveur du candidat lib\u00e9ral pro-europ\u00e9en, tandis qu\u2019une confirmation explicite de l\u2019engagement des \u00c9tats-Unis \u00e0 maintenir \u2013 et a fortiori \u00e0 accro\u00eetre \u2013 le niveau actuel pourrait favoriser les candidats conservateurs et populistes pro-am\u00e9ricains. Cependant, m\u00eame si le prochain pr\u00e9sident polonais est un lib\u00e9ral, les \u00c9tats-Unis pourraient encore compter sur le pays comme <a target=\"_blank\" href=\"https:\/\/korybko.substack.com\/p\/poland-is-once-again-poised-to-become\">bastion r\u00e9gional d\u2019influence militaire et politique <\/a>si l\u2019administration Trump joue ses cartes.<\/p>\n<p>Pour y parvenir, les \u00c9tats-Unis devraient y maintenir davantage de troupes qu\u2019avant 2022, m\u00eame en cas de retrait partiel, s\u2019assurer que ce niveau reste sup\u00e9rieur \u00e0 celui de tout autre pays d\u2019Europe centrale et orientale, et transf\u00e9rer certaines technologies militaires pour une production conjointe. Le premier imp\u00e9ratif rassurerait psychologiquement la population politiquement russophobe quant \u00e0 son incapacit\u00e9 \u00e0 se laisser abandonner\u00a0; le deuxi\u00e8me concerne leur <a target=\"_blank\" href=\"https:\/\/korybko.substack.com\/p\/europes-reported-plan-to-replace\">prestige r\u00e9gional<\/a>\u00a0; et le troisi\u00e8me permettrait de maintenir l\u2019Europe centrale et orientale au sein de l\u2019\u00e9cosyst\u00e8me militaro-industriel am\u00e9ricain <a target=\"_blank\" href=\"https:\/\/korybko.substack.com\/p\/the-eus-military-industrial-plans\">face \u00e0 la concurrence de l\u2019UE <\/a>.<\/p>\n<p>Cela pourrait suffire \u00e0 contrecarrer les \u00e9ventuels projets des lib\u00e9raux de se tourner vers la France au d\u00e9triment de l\u2019influence am\u00e9ricaine ou \u00e0 maintenir la position pr\u00e9dominante des \u00c9tats-Unis en Pologne, si un pr\u00e9sident lib\u00e9ral collabore avec son Premier ministre partageant ses vues pour s\u2019appuyer sur la France pour \u00e9quilibrer un peu les \u00c9tats-Unis. M\u00eame si l\u2019administration Trump laisse passer cette opportunit\u00e9 par manque de vision ou si un gouvernement polonais totalement lib\u00e9ral cherche \u00e0 s\u2019en prendre aux \u00c9tats-Unis pour des raisons id\u00e9ologiques, on ne s\u2019attend pas \u00e0 ce que les \u00c9tats-Unis abandonnent compl\u00e8tement la Pologne.<\/p>\n<p>La grande majorit\u00e9 des \u00e9quipements militaires polonais sont am\u00e9ricains, ce qui permettra au moins de maintenir l\u2019approvisionnement en pi\u00e8ces d\u00e9tach\u00e9es et ouvrira probablement la voie \u00e0 <a target=\"_blank\" href=\"https:\/\/www.politico.eu\/article\/era-donald-trump-poland-spend-stay-friends-washington\/\">de nouveaux contrats d\u2019armement <\/a>. Les forces am\u00e9ricaines sont actuellement bas\u00e9es dans <a target=\"_blank\" href=\"https:\/\/www.gov.pl\/web\/national-defence\/increasing-the-us-military-presence-in-poland\">pr\u00e8s d\u2019une douzaine de bases <\/a>\u00e0 travers le pays, et le r\u00f4le de conseil que jouent certaines d\u2019entre elles contribue \u00e0 fa\u00e7onner les perspectives, les strat\u00e9gies et les tactiques de la Pologne dans le cadre de son renforcement militaire actuel. Il n\u2019y a donc aucune raison pour que les \u00c9tats-Unis c\u00e8dent volontairement une telle influence sur ce qui est aujourd\u2019hui <a target=\"_blank\" href=\"https:\/\/notesfrompoland.com\/2024\/07\/16\/poland-has-natos-third-largest-military-new-figures-show\/\">la troisi\u00e8me force militaire de l\u2019OTAN <\/a>.<\/p>\n<p>Ainsi, le sc\u00e9nario le plus radical d\u2019un basculement polonais vers la France, men\u00e9 par les lib\u00e9raux, serait limit\u00e9 par l\u2019impossibilit\u00e9 de remplacer prochainement les \u00e9quipements militaires am\u00e9ricains par des \u00e9quipements fran\u00e7ais, le plus loin possible \u00e9tant l\u2019accueil de chasseurs Rafale \u00e9quip\u00e9s de missiles nucl\u00e9aires. La Pologne pourrait \u00e9galement inviter des troupes fran\u00e7aises sur son territoire, notamment \u00e0 des fins de conseil, et peut-\u00eatre m\u00eame signer quelques contrats d\u2019armement. Elle ne demandera cependant pas le d\u00e9part des forces am\u00e9ricaines, soucieuse de pr\u00e9server leur potentiel de \u00ab\u00a0pi\u00e8ge\u00a0\u00bb.<\/p>\n<p>Compte tenu de l\u2019interaction de ces int\u00e9r\u00eats, on peut conclure que le retrait am\u00e9ricain du site logistique polonais de Rzesz\u00f3w destin\u00e9 \u00e0 l\u2019Ukraine vise \u00e0 symboliser la r\u00e9duction de l\u2019aide militaire am\u00e9ricaine \u00e0 Kiev, et non \u00e0 constituer la premi\u00e8re \u00e9tape vers un retrait complet de Pologne ou d\u2019Europe centrale et orientale dans son ensemble. Si certaines r\u00e9ductions r\u00e9gionales des troupes am\u00e9ricaines sont envisageables, parmi les nombreux compromis pragmatiques que Trump pourrait accepter avec Poutine pour normaliser les relations et mettre fin \u00e0 la guerre par procuration, un retrait complet n\u2019est pas attendu.<\/p>\n<p>Andrew KORYBKO <\/p>\n<\/p><\/div>\n<p><br \/>\n<br \/><a href=\"https:\/\/lesmoutonsenrages.fr\/2025\/04\/10\/quelle-sera-la-prochaine-etape-apres-le-retrait-des-etats-unis-de-la-plateforme-logistique-polonaise-de-rzeszow-pour-lukraine\/\" target=\"_blank\"\">Source link <\/a><\/p>\n","protected":false},"excerpt":{"rendered":"<p>Par Andrew KORYBKO pour Substack Il s\u2019agit de symboliser la r\u00e9duction de l\u2019aide militaire am\u00e9ricaine \u00e0 Kiev, et non de constituer la premi\u00e8re \u00e9tape vers un retrait complet de la&hellip; <\/p>\n","protected":false},"author":1,"featured_media":6126,"comment_status":"open","ping_status":"open","sticky":false,"template":"","format":"standard","meta":{"footnotes":""},"categories":[1],"tags":[],"class_list":["post-6125","post","type-post","status-publish","format-standard","has-post-thumbnail","hentry","category-non-classe"],"_links":{"self":[{"href":"https:\/\/monde25.info\/index.php\/wp-json\/wp\/v2\/posts\/6125","targetHints":{"allow":["GET"]}}],"collection":[{"href":"https:\/\/monde25.info\/index.php\/wp-json\/wp\/v2\/posts"}],"about":[{"href":"https:\/\/monde25.info\/index.php\/wp-json\/wp\/v2\/types\/post"}],"author":[{"embeddable":true,"href":"https:\/\/monde25.info\/index.php\/wp-json\/wp\/v2\/users\/1"}],"replies":[{"embeddable":true,"href":"https:\/\/monde25.info\/index.php\/wp-json\/wp\/v2\/comments?post=6125"}],"version-history":[{"count":0,"href":"https:\/\/monde25.info\/index.php\/wp-json\/wp\/v2\/posts\/6125\/revisions"}],"wp:featuredmedia":[{"embeddable":true,"href":"https:\/\/monde25.info\/index.php\/wp-json\/wp\/v2\/media\/6126"}],"wp:attachment":[{"href":"https:\/\/monde25.info\/index.php\/wp-json\/wp\/v2\/media?parent=6125"}],"wp:term":[{"taxonomy":"category","embeddable":true,"href":"https:\/\/monde25.info\/index.php\/wp-json\/wp\/v2\/categories?post=6125"},{"taxonomy":"post_tag","embeddable":true,"href":"https:\/\/monde25.info\/index.php\/wp-json\/wp\/v2\/tags?post=6125"}],"curies":[{"name":"wp","href":"https:\/\/api.w.org\/{rel}","templated":true}]}}