{"id":6129,"date":"2025-04-11T05:38:48","date_gmt":"2025-04-11T03:38:48","guid":{"rendered":"https:\/\/monde25.info\/index.php\/2025\/04\/11\/une-eau-qui-sent-loeuf-pourri-gardanne-toujours-polluee-par-les-boues-rouges\/"},"modified":"2025-04-11T05:38:48","modified_gmt":"2025-04-11T03:38:48","slug":"une-eau-qui-sent-loeuf-pourri-gardanne-toujours-polluee-par-les-boues-rouges","status":"publish","type":"post","link":"https:\/\/monde25.info\/index.php\/2025\/04\/11\/une-eau-qui-sent-loeuf-pourri-gardanne-toujours-polluee-par-les-boues-rouges\/","title":{"rendered":"Une eau qui \u00ab\u00a0sent l&#039;\u0153uf pourri\u00a0\u00bb\u00a0: Gardanne, toujours pollu\u00e9e par les boues rouges"},"content":{"rendered":"<p> <br \/>\n<br \/><img loading=\"lazy\" decoding=\"async\" src=\"https:\/\/reporterre.net\/local\/cache-vignettes\/L700xH467\/micallef_alteo-gardanne_15-70b27.jpg?1744272664\" class=\"spip_logo\" width=\"700\" height=\"467\" alt=\"\" \/><\/p>\n<p>L&rsquo;usine d&rsquo;alumine de Gardanne, connue pour ses rejets de boues rouges en M\u00e9diterran\u00e9e pendant 50 ans, est en partie responsable d&rsquo;une pollution des eaux souterraines, aux m\u00e9taux lourds et aux hydrocarbures, r\u00e9v\u00e8le Reporterre. <br class=\"autobr\" \/><br \/>\nGardanne (Bouches-du-Rh\u00f4ne), reportage <br class=\"autobr\" \/><br \/>\nEntre Aix-en-Provence et Marseille, l&rsquo;usine Alteo est tristement c\u00e9l\u00e8bre pour ses boues rouges toxiques\u00a0: au moins 35\u00a0millions de tonnes d\u00e9vers\u00e9es entre 1966 et 2015 au fond de la M\u00e9diterran\u00e9e au large des Calanques. Depuis un\u00a0(\u2026)<\/p>\n<p>                    <a target=\"_blank\" href=\"https:\/\/reporterre.net\/Une-eau-qui-sent-l-oeuf-pourri-Gardanne-toujours-polluee-par-les-boues-rouges?utm_source=RSS&amp;utm_medium=RSS\">Lire la suite<\/a><\/p>\n<p>                    &#8211;<br \/>\n                        <a target=\"_blank\" href=\"https:\/\/reporterre.net\/Enquete\" rel=\"directory\">Enqu\u00eate<\/a><\/p>\n<p>                    \/<br \/>\n                        <a target=\"_blank\" href=\"https:\/\/reporterre.net\/Mines-et-Gaz-de-schiste\" rel=\"tag\">Mines et m\u00e9taux<\/a><br \/>\n                    ,<br \/>\n                        <a target=\"_blank\" href=\"https:\/\/reporterre.net\/Pollutions\" rel=\"tag\">Pollutions<\/a><br \/>\n<br \/><br \/>\n<br \/><a href=\"https:\/\/reporterre.net\/Une-eau-qui-sent-l-oeuf-pourri-Gardanne-toujours-polluee-par-les-boues-rouges\" target=\"_blank\"\">Source link <\/a><\/p>\n","protected":false},"excerpt":{"rendered":"<p>L&rsquo;usine d&rsquo;alumine de Gardanne, connue pour ses rejets de boues rouges en M\u00e9diterran\u00e9e pendant 50 ans, est en partie responsable d&rsquo;une pollution des eaux souterraines, aux m\u00e9taux lourds et aux&hellip; <\/p>\n","protected":false},"author":1,"featured_media":0,"comment_status":"open","ping_status":"open","sticky":false,"template":"","format":"standard","meta":{"footnotes":""},"categories":[1],"tags":[],"class_list":["post-6129","post","type-post","status-publish","format-standard","hentry","category-non-classe"],"_links":{"self":[{"href":"https:\/\/monde25.info\/index.php\/wp-json\/wp\/v2\/posts\/6129","targetHints":{"allow":["GET"]}}],"collection":[{"href":"https:\/\/monde25.info\/index.php\/wp-json\/wp\/v2\/posts"}],"about":[{"href":"https:\/\/monde25.info\/index.php\/wp-json\/wp\/v2\/types\/post"}],"author":[{"embeddable":true,"href":"https:\/\/monde25.info\/index.php\/wp-json\/wp\/v2\/users\/1"}],"replies":[{"embeddable":true,"href":"https:\/\/monde25.info\/index.php\/wp-json\/wp\/v2\/comments?post=6129"}],"version-history":[{"count":0,"href":"https:\/\/monde25.info\/index.php\/wp-json\/wp\/v2\/posts\/6129\/revisions"}],"wp:attachment":[{"href":"https:\/\/monde25.info\/index.php\/wp-json\/wp\/v2\/media?parent=6129"}],"wp:term":[{"taxonomy":"category","embeddable":true,"href":"https:\/\/monde25.info\/index.php\/wp-json\/wp\/v2\/categories?post=6129"},{"taxonomy":"post_tag","embeddable":true,"href":"https:\/\/monde25.info\/index.php\/wp-json\/wp\/v2\/tags?post=6129"}],"curies":[{"name":"wp","href":"https:\/\/api.w.org\/{rel}","templated":true}]}}