{"id":613,"date":"2024-11-21T18:07:55","date_gmt":"2024-11-21T17:07:55","guid":{"rendered":"https:\/\/monde25.info\/index.php\/2024\/11\/21\/boralex-mise-en-demeure-dans-les-alpes-de-haute-provence\/"},"modified":"2024-11-21T18:07:55","modified_gmt":"2024-11-21T17:07:55","slug":"boralex-mise-en-demeure-dans-les-alpes-de-haute-provence","status":"publish","type":"post","link":"https:\/\/monde25.info\/index.php\/2024\/11\/21\/boralex-mise-en-demeure-dans-les-alpes-de-haute-provence\/","title":{"rendered":"Boralex mise en demeure dans les Alpes-de-Haute-Provence"},"content":{"rendered":"<p> <br \/>\n<\/p>\n<div style=\"position:relative;\">\n        <picture><source type=\"image\/webp\" srcset=\"https:\/\/reporterre.net\/local\/cache-gd2\/e6\/e4284f7050d92ee34920a4050337e6.jpg@.webp?1732206044\"><img loading=\"lazy\" decoding=\"async\" src=\"https:\/\/reporterre.net\/local\/cache-gd2\/e6\/e4284f7050d92ee34920a4050337e6.jpg?1732206044\" width=\"720\" height=\"480\" alt=\"Parc photovolta\u00efque\u00a0: Boralex mise en demeure dans les Alpes-de-Haute-Provence\" class=\"image_logo voir_logo\"\/><\/p>\n<p><\/source><\/picture>\n<p class=\"legende_logo\">Des militants bloquant un chantier de parc photovolta\u00efque \u00e0 Cruis (Alpes-de-Haute-Provence), le 30 mars 2023.  <span class=\"copyright_logo\">&#8211; \u00a9 Collectif Elzeard, Lure en r\u00e9sistance<\/span><\/p>\n<p class=\"legende_logo_480\">Des militants bloquant un chantier de parc photovolta\u00efque \u00e0 Cruis (Alpes-de-Haute-Provence), le 30 mars 2023.  <span class=\"copyright_logo\">&#8211; \u00a9 Collectif Elzeard, Lure en r\u00e9sistance<\/span><\/p>\n<\/p><\/div>\n<div>\n        <span class=\"date\">21 novembre 2024  \u00e0 17h22<\/span><\/p>\n<p class=\"duree_lecture\">\n        Dur\u00e9e de lecture : 2 minutes\n      <\/p>\n<\/p><\/div>\n<div>\n<p>Nouveau rebondissement dans la lutte contre la centrale solaire de Cruis, sur la montagne de Lure, dans les Alpes-de-Haute-Provence\u00a0: l\u2019entreprise canadienne Boralex, qui exploite le parc photovolta\u00efque, vient d\u2019\u00eatre mise en demeure de r\u00e9gulariser sa situation administrative, r\u00e9v\u00e8le l\u2019association d\u2019opposants Amilure dans <a target=\"_blank\" href=\"https:\/\/amilure.org\/projets-enr\/2024\/11\/cruis-boralex-sous-pression\/\" class=\"spip_out\" rel=\"external\">un communiqu\u00e9.<\/a><\/p>\n<p>Le 31\u00a0mai dernier, la cour administrative d\u2019appel de Marseille <a target=\"_blank\" href=\"https:\/\/reporterre.net\/Boralex-a-perdu-fin-du-parc-photovoltaique-sur-la-montagne-de-Lure\">avait annul\u00e9 la d\u00e9rogation<\/a> au droit environnemental dont b\u00e9n\u00e9ficiait l\u2019entreprise pour d\u00e9truire des esp\u00e8ces et habitats prot\u00e9g\u00e9s. Ignorant cette d\u00e9cision, Boralex avait poursuivi les travaux et mis la centrale photovolta\u00efque en fonctionnement. Aujourd\u2019hui, <a target=\"_blank\" href=\"https:\/\/amilure.org\/wp-content\/uploads\/2024\/11\/ap_med_boralex_publie_raa_27.09_2024.pdf\" class=\"spip_out\" rel=\"external\">la pr\u00e9fecture oblige l\u2019op\u00e9rateur<\/a> d\u2019effectuer une \u00e9tude approfondie d\u00e9montrant l\u2019absence de solution alternative dans la r\u00e9gion, ou \u00e0 d\u00e9manteler la centrale et \u00e0 la remise en \u00e9tat du site. Dans l\u2019attente de la r\u00e9gularisation administrative, les travaux, op\u00e9rations ou activit\u00e9s <i>\u00ab<small class=\"fine d-inline\">\u00a0<\/small>dont la r\u00e9alisation comporte un risque caract\u00e9ris\u00e9 pour les esp\u00e8ces prot\u00e9g\u00e9es<small class=\"fine d-inline\">\u00a0<\/small>\u00bb<\/i> sont suspendus.<\/p>\n<p>\u00c0 premi\u00e8re vue, ce nouvel arr\u00eat\u00e9 semble \u00eatre une victoire, mais d\u2019autres membres de l\u2019opposition, notamment <a target=\"_blank\" href=\"https:\/\/www.facebook.com\/people\/Elzeard-Lure-en-r%C3%A9sistance\/100086009183873\/\" class=\"spip_out\" rel=\"external\">le collectif Elzeard<\/a>, en font une lecture bien plus inqui\u00e9tante. Selon eux, le texte pose probl\u00e8me en raison d\u2019un passage pr\u00e9cisant que <i>\u00ab<small class=\"fine d-inline\">\u00a0<\/small>l\u2019exploitant pourra poursuivre d\u00e8s la notification du pr\u00e9sent arr\u00eat\u00e9, sous sa responsabilit\u00e9, les travaux qui ne sont pas susceptibles d\u2019engendrer de risque suffisamment caract\u00e9ris\u00e9 d\u2019atteintes aux esp\u00e8ces prot\u00e9g\u00e9es pr\u00e9sentes sur la zone du projet<small class=\"fine d-inline\">\u00a0<\/small>\u00bb<\/i>.  Ils d\u00e9noncent <i>\u00ab<small class=\"fine d-inline\">\u00a0<\/small>un cadeau de plus fait \u00e0 l\u2019industriel<small class=\"fine d-inline\">\u00a0<\/small>\u00bb<\/i>. <i>\u00ab<small class=\"fine d-inline\">\u00a0<\/small>Il est \u00e9vident que l\u2019industriel d\u00e9clarera que ses travaux ne sont pas susceptibles d\u2019engendrer ces risques<small class=\"fine d-inline\">\u00a0<\/small>\u00bb<\/i>, affirment-ils dans leur communiqu\u00e9.<\/p>\n<p>Cette lutte dure depuis plusieurs ann\u00e9es dans la montagne de Lure. Les militants ont <a target=\"_blank\" href=\"https:\/\/reporterre.net\/Alpes-du-Sud-les-defenseurs-de-la-foret-bloquent-un-chantier-de-parc-photovoltaique\">bloqu\u00e9 \u00e0 plusieurs reprises le chantier<\/a> qui a ras\u00e9 plusieurs hectares de for\u00eat. <a target=\"_blank\" href=\"https:\/\/reporterre.net\/En-Haute-Provence-des-femmes-protegent-la-foret-de-leurs-corps\">Des militantes<\/a> ont fait barrage aux engins de chantier avec leur corps, s\u2019exposant \u00e0 de lourdes peines judiciaires. Plusieurs opposants ont m\u00eame \u00e9t\u00e9 bless\u00e9s par des <a target=\"_blank\" href=\"https:\/\/reporterre.net\/3-militants-blesses-lors-d-une-action-contre-le-photovoltaisme-en-Haute-Provence\">b\u00fbcherons et des vigiles<\/a>, certains \u00e0 <a target=\"_blank\" href=\"https:\/\/reporterre.net\/Les-vigiles-d-un-parc-solaire-ont-blesse-des-opposants-a-coups-de-barres-de-fer\">coups de barres de fer.<\/a><\/p>\n<aside class=\"boite_encarts\">\n<div class=\"encart encart_gris noprint\">\n<p><strong>Il est de retour.<\/strong><\/p>\n<p>Dans quelques semaines, Donald Trump se r\u00e9-installera \u00e0 la Maison Blanche.<\/p>\n<p>Un milliardaire, pour qui le r\u00e9chauffement climatique est \u00ab<small class=\"fine d-inline\">\u00a0<\/small>un canular<small class=\"fine d-inline\">\u00a0<\/small>\u00bb, sera \u00e0 la t\u00eate de la plus grande puissance mondiale.<\/p>\n<p>Dans une d\u00e9cennie cruciale pour l\u2019\u00e9cologie, nous ne pouvons pas nous permettre de perdre plus de temps.<\/p>\n<p>La soci\u00e9t\u00e9 civile doit continuer de se soulever, de se mobiliser et de faire pression sur les puissants.<\/p>\n<p>Mais pour agir, il faut savoir.<\/p>\n<p><strong>Depuis 11 ans, nous publions des articles de qualit\u00e9 sur l\u2019\u00e9cologie, en acc\u00e8s libre et sans publicit\u00e9, pour tous.<\/strong><\/p>\n<p>Nous avons la conviction que l\u2019urgence \u00e9cologique est l\u2019enjeu majeur de notre \u00e9poque.<br class=\"autobr\"\/><br \/>\n Et comme plus de 2 millions de lectrices et lecteurs chaque mois, vous partagez sans doute cette conviction&#8230;<\/p>\n<p>Alors si vous en avez les moyens, sachez qu\u2019un don, m\u00eame d\u20191\u20ac, est un acte de soutien fort pour l\u2019\u00e9cologie et le journalisme ind\u00e9pendant.<br class=\"autobr\"\/><br \/>\n (Et \u00e7a vous prendra moins de temps que la lecture de ce texte).<\/p>\n<p><strong>Si vous le pouvez, choisissez un soutien mensuel. Merci.<\/strong><\/p>\n<p><a target=\"_blank\" href=\"https:\/\/reporterre.net\/dons\" class=\"bt_soutenir\">Je soutiens <i>Reporterre<\/i><\/a><\/p>\n<\/p><\/div>\n<div class=\"encart encart_vert noprint montre_1023\">\n<div class=\"infolettre-form-container noprint\">\n<p>Abonnez-vous \u00e0 la lettre d\u2019info de Reporterre<\/p>\n<\/div><\/div>\n<\/aside>\n<aside class=\"boite_apresarticle encart_note\">\n<h4>Apr\u00e8s cet article<\/h4>\n<p>      <a target=\"_blank\" href=\"https:\/\/reporterre.net\/Les-vigiles-d-un-parc-solaire-ont-blesse-des-opposants-a-coups-de-barres-de-fer\" class=\"lien_article\">\n      <picture class=\"vignette_gauche\"><source type=\"image\/webp\" srcset=\"https:\/\/reporterre.net\/local\/cache-gd2\/3c\/5eb563688d63a0dad7aa7a7ef9ce16.jpg@.webp?1730134820\"><img decoding=\"async\" src=\"https:\/\/reporterre.net\/local\/cache-gd2\/3c\/5eb563688d63a0dad7aa7a7ef9ce16.jpg?1730134820\" width=\"450\" height=\"300\" alt=\"\" class=\"marge12\" loading=\"lazy\"\/><br \/>\n<\/source><\/picture>\n<p class=\"libelle\">\n<p>      Luttes\n    <\/p>\n<p class=\"titre pol20\">Les vigiles d\u2019un parc solaire ont bless\u00e9 des opposants \u00e0 coups de barres de fer<\/p>\n<p>      <\/a><br \/>\n    <\/aside>\n<aside class=\"boite_complement texte\">\n<p>      <!-- zone_forum --><br \/>\n          <\/aside>\n<aside class=\"boite_lireaussi noprint\">\n<\/aside>\n<aside class=\"colonne\">\n<div class=\"article_info cache_1023 noprint\">\n        <span class=\"date\">21 novembre 2024  \u00e0 17h22<\/span><\/p>\n<p class=\"duree_lecture\">\n        Dur\u00e9e de lecture : 2 minutes\n      <\/p>\n<\/p><\/div>\n<div class=\"bloc_infolettre\">\n<div class=\"infolettre-form-container noprint\">\n<p>Abonnez-vous \u00e0 la lettre d\u2019info de Reporterre<\/p>\n<\/div><\/div>\n<\/aside>\n<div id=\"galerie\">\n  <img decoding=\"async\" src=\"\" class=\"principale\" id=\"principale\"\/><\/p>\n<p id=\"legende\">legende<\/p>\n<\/div>\n<footer class=\"noprint\">\n<\/footer>\n<\/div>\n<p><br \/>\n<br \/><a href=\"https:\/\/reporterre.net\/Parc-photovoltaique-Boralex-mise-en-demeure-dans-les-Alpes-de-Haute-Provence\" target=\"_blank\"\">Source link <\/a><\/p>\n","protected":false},"excerpt":{"rendered":"<p>Des militants bloquant un chantier de parc photovolta\u00efque \u00e0 Cruis (Alpes-de-Haute-Provence), le 30 mars 2023. &#8211; \u00a9 Collectif Elzeard, Lure en r\u00e9sistance Des militants bloquant un chantier de parc photovolta\u00efque&hellip; <\/p>\n","protected":false},"author":1,"featured_media":614,"comment_status":"open","ping_status":"open","sticky":false,"template":"","format":"standard","meta":{"footnotes":""},"categories":[1],"tags":[],"class_list":["post-613","post","type-post","status-publish","format-standard","has-post-thumbnail","hentry","category-non-classe"],"_links":{"self":[{"href":"https:\/\/monde25.info\/index.php\/wp-json\/wp\/v2\/posts\/613","targetHints":{"allow":["GET"]}}],"collection":[{"href":"https:\/\/monde25.info\/index.php\/wp-json\/wp\/v2\/posts"}],"about":[{"href":"https:\/\/monde25.info\/index.php\/wp-json\/wp\/v2\/types\/post"}],"author":[{"embeddable":true,"href":"https:\/\/monde25.info\/index.php\/wp-json\/wp\/v2\/users\/1"}],"replies":[{"embeddable":true,"href":"https:\/\/monde25.info\/index.php\/wp-json\/wp\/v2\/comments?post=613"}],"version-history":[{"count":0,"href":"https:\/\/monde25.info\/index.php\/wp-json\/wp\/v2\/posts\/613\/revisions"}],"wp:featuredmedia":[{"embeddable":true,"href":"https:\/\/monde25.info\/index.php\/wp-json\/wp\/v2\/media\/614"}],"wp:attachment":[{"href":"https:\/\/monde25.info\/index.php\/wp-json\/wp\/v2\/media?parent=613"}],"wp:term":[{"taxonomy":"category","embeddable":true,"href":"https:\/\/monde25.info\/index.php\/wp-json\/wp\/v2\/categories?post=613"},{"taxonomy":"post_tag","embeddable":true,"href":"https:\/\/monde25.info\/index.php\/wp-json\/wp\/v2\/tags?post=613"}],"curies":[{"name":"wp","href":"https:\/\/api.w.org\/{rel}","templated":true}]}}