{"id":6132,"date":"2025-04-11T06:46:54","date_gmt":"2025-04-11T04:46:54","guid":{"rendered":"https:\/\/monde25.info\/index.php\/2025\/04\/11\/en-dordogne-des-canards-en-liberte-que-la-grippe-aviaire-ne-saurait-toucher\/"},"modified":"2025-04-11T06:46:54","modified_gmt":"2025-04-11T04:46:54","slug":"en-dordogne-des-canards-en-liberte-que-la-grippe-aviaire-ne-saurait-toucher","status":"publish","type":"post","link":"https:\/\/monde25.info\/index.php\/2025\/04\/11\/en-dordogne-des-canards-en-liberte-que-la-grippe-aviaire-ne-saurait-toucher\/","title":{"rendered":"En Dordogne, des canards en libert\u00e9 que la grippe aviaire ne saurait toucher"},"content":{"rendered":"<p> <br \/>\n<\/p>\n<div>\n<p><strong>\u00c0 Saint-Avit-de-Vialard, en Dordogne, une poign\u00e9e d\u2019\u00e9leveurs de canards d\u00e9fient les r\u00e8gles sanitaires en refusant de confiner leurs b\u00eates malgr\u00e9 l\u2019\u00e9pizootie de grippe aviaire. Depuis un an, ils participent \u00e0 une exp\u00e9rimentation nationale supervis\u00e9e par la Conf\u00e9d\u00e9ration Paysanne, avec l&rsquo;aval du minist\u00e8re de l\u2019Agriculture. Objectif : d\u00e9montrer que les \u00e9levages autonomes et \u00e0 taille humaine ne sont ni vecteurs ni victimes de l\u2019\u00e9pid\u00e9mie.<\/strong><\/p>\n<p>\u00c0 l\u2019heure o\u00f9 l\u2019agro-industrie clo\u00eetre ses volailles derri\u00e8re des murs de t\u00f4le pour contrer la grippe aviaire, certains irr\u00e9ductibles du P\u00e9rigord choisissent de laisser leurs canards gambader en plein air. Jean-Fran\u00e7ois Roudier et Ludovic Dubos, install\u00e9s \u00e0 Saint-Avit-de-Vialard, n\u2019ont jamais enferm\u00e9 leurs animaux, pas m\u00eame lors des pics d\u2019alerte. Et jusqu\u2019ici, aucun cas de contamination. \u00ab\u202fNous, \u00e7a n\u2019a rien chang\u00e9 parce qu\u2019on a toujours pratiqu\u00e9 la d\u00e9sob\u00e9issance\u2026 notre \u00e9levage n\u2019a jamais \u00e9t\u00e9 contamin\u00e9.<em> <\/em>Notre but c&rsquo;est de d\u00e9montrer que nos m\u00e9thodes d&rsquo;\u00e9levage ne posent pas des probl\u00e8mes sanitaires<em> <\/em>\u00bb, insiste Roudier aupr\u00e8s de <em>France 3 R\u00e9gions<\/em>. Une insoumission qui, contre toute attente, semble plus efficace que les protocoles impos\u00e9s.<\/p>\n<p>Ce choix n\u2019est pas simplement id\u00e9ologique : il s\u2019inscrit dans une exp\u00e9rimentation lanc\u00e9e en 2023 par la Conf\u00e9d\u00e9ration Paysanne, avec l&rsquo;aval du minist\u00e8re de l&rsquo;Agriculture. 144 fermes, dont deux en Dordogne, testent un mod\u00e8le d\u2019\u00e9levage semi-libertaire et autarcique. Les animaux y naissent, vivent et meurent sans jamais quitter l\u2019exploitation. Une strat\u00e9gie qui limite drastiquement les risques de transmission, \u00e0 rebours des circuits fragment\u00e9s de l\u2019\u00e9levage intensif. \u00ab On n\u2019a pas d\u2019intervenants ext\u00e9rieurs, les animaux ne bougent plus \u00bb, rappelle l\u2019\u00e9leveur. <em>France 3 R\u00e9gions<\/em>, qui a enqu\u00eat\u00e9 sur le sujet, souligne que m\u00eame l\u2019hiver dernier, quand le parc voisin du Bournat a d\u00fb abattre 80 volatiles, la ferme de Saint-Avit est rest\u00e9e \u00e9pargn\u00e9e.<\/p>\n<p>Ce mod\u00e8le questionne les fondements m\u00eames de l\u2019\u00e9levage industriel. Faible densit\u00e9, autonomie sanitaire, bien-\u00eatre animal : et si la solution \u00e9tait la meilleure \u00e9tait la plus simple ? Les r\u00e9sultats finaux de l\u2019exp\u00e9rimentation sont attendus fin 2025. La r\u00e9sistance qui s\u2019organise en campagne est pleine de panache, et finalement, elle pourrait gagner des points face \u00e0 l&rsquo;industrie.<\/p>\n<\/div>\n<p><script>(function(d, s, id) {  var js, fjs = d.getElementsByTagName(s)[0];  if (d.getElementById(id)) return;  js = d.createElement(s); js.id = id;  js.src = \"\/\/connect.facebook.net\/fr_FR\/sdk.js#xfbml=1&version=v2.3\";  fjs.parentNode.insertBefore(js, fjs);}(document, \"script\", \"facebook-jssdk\"));<\/script><br \/>\n<br \/><br \/>\n<br \/><a href=\"https:\/\/www.francesoir.fr\/societe-environnement\/en-dordogne-des-canards-en-liberte-que-la-grippe-aviaire-ne-saurait-toucher\" target=\"_blank\"\">Source link <\/a><\/p>\n","protected":false},"excerpt":{"rendered":"<p>\u00c0 Saint-Avit-de-Vialard, en Dordogne, une poign\u00e9e d\u2019\u00e9leveurs de canards d\u00e9fient les r\u00e8gles sanitaires en refusant de confiner leurs b\u00eates malgr\u00e9 l\u2019\u00e9pizootie de grippe aviaire. Depuis un an, ils participent \u00e0&hellip; <\/p>\n","protected":false},"author":1,"featured_media":6133,"comment_status":"open","ping_status":"open","sticky":false,"template":"","format":"standard","meta":{"footnotes":""},"categories":[1],"tags":[],"class_list":["post-6132","post","type-post","status-publish","format-standard","has-post-thumbnail","hentry","category-non-classe"],"_links":{"self":[{"href":"https:\/\/monde25.info\/index.php\/wp-json\/wp\/v2\/posts\/6132","targetHints":{"allow":["GET"]}}],"collection":[{"href":"https:\/\/monde25.info\/index.php\/wp-json\/wp\/v2\/posts"}],"about":[{"href":"https:\/\/monde25.info\/index.php\/wp-json\/wp\/v2\/types\/post"}],"author":[{"embeddable":true,"href":"https:\/\/monde25.info\/index.php\/wp-json\/wp\/v2\/users\/1"}],"replies":[{"embeddable":true,"href":"https:\/\/monde25.info\/index.php\/wp-json\/wp\/v2\/comments?post=6132"}],"version-history":[{"count":0,"href":"https:\/\/monde25.info\/index.php\/wp-json\/wp\/v2\/posts\/6132\/revisions"}],"wp:featuredmedia":[{"embeddable":true,"href":"https:\/\/monde25.info\/index.php\/wp-json\/wp\/v2\/media\/6133"}],"wp:attachment":[{"href":"https:\/\/monde25.info\/index.php\/wp-json\/wp\/v2\/media?parent=6132"}],"wp:term":[{"taxonomy":"category","embeddable":true,"href":"https:\/\/monde25.info\/index.php\/wp-json\/wp\/v2\/categories?post=6132"},{"taxonomy":"post_tag","embeddable":true,"href":"https:\/\/monde25.info\/index.php\/wp-json\/wp\/v2\/tags?post=6132"}],"curies":[{"name":"wp","href":"https:\/\/api.w.org\/{rel}","templated":true}]}}