{"id":615,"date":"2024-11-21T18:41:00","date_gmt":"2024-11-21T17:41:00","guid":{"rendered":"https:\/\/monde25.info\/index.php\/2024\/11\/21\/lagriculture-souffre-du-capitalisme-pas-des-normes-ecolos\/"},"modified":"2024-11-21T18:41:00","modified_gmt":"2024-11-21T17:41:00","slug":"lagriculture-souffre-du-capitalisme-pas-des-normes-ecolos","status":"publish","type":"post","link":"https:\/\/monde25.info\/index.php\/2024\/11\/21\/lagriculture-souffre-du-capitalisme-pas-des-normes-ecolos\/","title":{"rendered":"L\u2019agriculture souffre du capitalisme, pas des normes \u00e9colos"},"content":{"rendered":"<p> <br \/>\n<\/p>\n<div>\n<h4><b>D\u00e9j\u00e0 vive en janvier 2024, la col\u00e8re agricole se r\u00e9veille \u00e0 nouveau partout en France. Si le poids des normes \u00e9cologiques est largement point\u00e9 par les syndicats de l\u2019agriculture industrielle comme responsable des maux, d\u2019autres, comme la Conf\u00e9d\u00e9ration Paysanne, s\u2019interrogent plut\u00f4t sur notre mod\u00e8le \u00e9conomique. D\u00e9cryptage.<\/b><\/h4>\n<p>Le constat social dans lequel est plong\u00e9e la majorit\u00e9 des agriculteurs est sans appel. Tandis que les effectifs ne cessent de se r\u00e9duire, il leur est demand\u00e9 de<strong> travailler toujours plus en \u00e9tant moins r\u00e9mun\u00e9r\u00e9.<\/strong><\/p>\n<p>Derri\u00e8re cette r\u00e9alit\u00e9 se cache une seule et m\u00eame<strong> logique d\u2019aust\u00e9rit\u00e9 destin\u00e9e \u00e0 enrichir une minorit\u00e9, <a target=\"_blank\" href=\"https:\/\/mrmondialisation.org\/crise-du-productivisme-agricole-la-fin-dune-ere\/\">celle du capitalisme n\u00e9olib\u00e9ral.<\/a><\/strong><\/p>\n<h2><strong>Une col\u00e8re l\u00e9gitime<\/strong><\/h2>\n<p>Le courroux des agriculteurs ne date pas d\u2019hier. <strong>En janvier dernier, une grande r\u00e9volte avait m\u00eame \u00e9clat\u00e9 dans toute la France.<\/strong> Depuis plusieurs ann\u00e9es, bon nombre d\u2019entre eux alertent sur <strong>la d\u00e9gradation des conditions de leur m\u00e9tier. <\/strong>\u00a0Il est travaill\u00e9 en moyenne<strong> <a target=\"_blank\" href=\"https:\/\/www.rtl.fr\/actu\/debats-societe\/salaires-temps-de-travail-accidents-les-chiffres-pour-comprendre-le-metier-d-agriculteur-7900003896\">55 h par semaine<\/a> dans le secteur, contre <a target=\"_blank\" href=\"https:\/\/dares.travail-emploi.gouv.fr\/donnees\/la-duree-individuelle-du-travail#:~:text=En%202022%2C%20l%27ensemble%20des,cours%20d%27une%20semaine%20habituelle.\">37,1<\/a> pour l\u2019ensemble de la population.<\/strong><\/p>\n<p><iframe loading=\"lazy\" title=\"5 Signes que la R\u00c9VOLTE GRONDE ! \ud83d\ude21\ud83d\udd25 (Agriculteurs, Gilets Jaunes, Martinique, Palestine...)\" width=\"1110\" height=\"624\" src=\"https:\/\/www.youtube.com\/embed\/f__t4_J0vlU?feature=oembed\" frameborder=\"0\" allow=\"accelerometer; autoplay; clipboard-write; encrypted-media; gyroscope; picture-in-picture; web-share\" referrerpolicy=\"strict-origin-when-cross-origin\" allowfullscreen><\/iframe><\/p>\n<p>Il s\u2019agit \u00e9galement d\u2019un <strong>emploi physiquement p\u00e9nible, avec de nombreuses heures pass\u00e9es \u00e0 l\u2019ext\u00e9rieur, et ce peu importe la m\u00e9t\u00e9o.<\/strong> 32 % des agriculteurs ont par ailleurs <strong><a target=\"_blank\" href=\"https:\/\/www.lefigaro.fr\/social\/2018\/11\/15\/20011-20181115ARTFIG00271-une-personne-sur-quatre-a-ete-blessee-au-travail-au-cours-de-sa-carriere.php\">\u00e9t\u00e9 bless\u00e9s<\/a> durant l\u2019exercice de leur profession.<\/strong> Un taux inf\u00e9rieur aux branches de la construction (42 %) ou du transport (34 %), mais nettement sup\u00e9rieur \u00e0 celui de la moyenne des Fran\u00e7ais (25 %).<\/p>\n<h2><strong>Un m\u00e9tier frapp\u00e9 de plein fouet par la pr\u00e9carit\u00e9<\/strong><\/h2>\n<p>Il est aussi souvent \u00e9voqu\u00e9 la situation de <strong>forte pr\u00e9carit\u00e9 du m\u00e9tier,<\/strong> et celle-ci existe bel et bien,<strong> mais pas pour tout le monde.<\/strong> Il demeure en effet des diff\u00e9rences de revenus criantes entre <strong>les paysans les plus d\u00e9favoris\u00e9s et les tr\u00e8s grands exploitants.<\/strong><\/p>\n<p>Il convient d\u2019abord de noter que, comme dans <a target=\"_blank\" href=\"https:\/\/mrmondialisation.org\/inegalite-travail-femmes-hommes\/\">le reste de la soci\u00e9t\u00e9<\/a>,<strong> les femmes sont <a target=\"_blank\" href=\"https:\/\/www.oxfamfrance.org\/rapports\/agriculture-les-inegalites-sont-dans-le-pre\/\">moins bien loties<\/a> que leurs homologues masculins.<\/strong> Nous l\u2019exposions r\u00e9cemment dans un article : <a target=\"_blank\" href=\"https:\/\/mrmondialisation.org\/le-sexisme-toujours-aussi-present-dans-le-milieu-agricole\/\">Le sexisme est toujours aussi pr\u00e9sent dans le milieu agricole.<\/a> En outre, selon les statistiques \u00e9tablies par l\u2019INSEE \u00e0 partir de donn\u00e9es r\u00e9colt\u00e9es en 2018 (la conjoncture s\u2019est sans doute largement empir\u00e9e depuis), <strong>18,1 % des agriculteurs vivaient sous le seuil de pauvret\u00e9 (soit 1063 \u20ac par mois \u00e0 l\u2019\u00e9poque).<\/strong><\/p>\n<p><iframe loading=\"lazy\" title=\"Agriculture : in\u00e9galit\u00e9s et urgence climatique, comment aller vers des mod\u00e8les plus durables ?\" width=\"1110\" height=\"624\" src=\"https:\/\/www.youtube.com\/embed\/P_LWXxrkbaQ?feature=oembed\" frameborder=\"0\" allow=\"accelerometer; autoplay; clipboard-write; encrypted-media; gyroscope; picture-in-picture; web-share\" referrerpolicy=\"strict-origin-when-cross-origin\" allowfullscreen><\/iframe><\/p>\n<h2><strong>Une profession aux in\u00e9galit\u00e9s abyssales<\/strong><\/h2>\n<p>En r\u00e9alit\u00e9, <strong>la plupart des paysans tirent les ressources de leur foyer d\u2019autres sources que leur m\u00e9tier.<\/strong> C\u2019est ainsi souvent le salaire du conjoint qui exerce dans un domaine diff\u00e9rent qui permet de maintenir la famille \u00e0 flot.<strong> Parmi les partenaires actifs, sept sur dix travaillent en effet \u00e0 l\u2019ext\u00e9rieur de la ferme.<\/strong> Pour un revenu moyen du m\u00e9nage \u00e0 52 400 \u20ac annuels, seuls 17 700 proviennent r\u00e9ellement de l\u2019agriculture.<\/p>\n<p>En outre, si les 10 % des paysans les plus pr\u00e9caires engrangent uniquement 9830 \u20ac annuels (819 \u20ac par mois), les 10 % les plus ais\u00e9s \u00e9mergent, quant \u00e0 eux, \u00e0 46 520 \u20ac par an (3876 \u20ac mensuels). <strong>L\u2019\u00e9cart entre les deux tranches est donc consid\u00e9rable puisque la seconde gagne 4,7 fois plus que la premi\u00e8re.<\/strong> Le multiple peut m\u00eame monter jusqu\u2019\u00e0 7,2 <strong>si l\u2019on compare les 10 % d\u2019\u00e9leveurs de bovins les plus pauvres aux 10 % des grands cultivateurs les plus riches.<\/strong> Des chiffres qui soulignent aussi l\u2019importante disparit\u00e9 de revenus en fonctions des secteurs d\u2019activit\u00e9s.<\/p>\n<h2><strong>Les marges titanesques des industriels<\/strong><\/h2>\n<p>Ces in\u00e9galit\u00e9s sont par ailleurs \u00e0 mettre en perspective avec<strong> les marges colossales effectu\u00e9es par une minorit\u00e9 de profiteurs dans le secteur.<\/strong> On pense par exemple \u00e0 de <strong>nombreux <a target=\"_blank\" href=\"https:\/\/basta.media\/enquete-Salaires-dirigeants-cooperatives-triskalia-coop-de-France-inegalites-agriculteurs-adherents\">dirigeants de coop\u00e9ratives agricoles<\/a> qui s\u2019octroient des salaires tr\u00e8s importants, allant jusqu\u2019\u00e0 80 000 \u20ac mensuels.<\/strong><\/p>\n<div class=\"td-a-rec td-a-rec-id-content_inlineright  tdi_1 td_block_template_1\">\n<span class=\"td-adspot-title\">&#8211; Pour une information libre ! &#8211;<\/span><a target=\"_blank\" href=\"https:\/\/fr.tipeee.com\/mr-mondialisation\" class=\"tipeee-project-small\">Soutenir Mr Japanization sur Tipeee<\/a>\n<\/div>\n<p>Mais l\u2019ind\u00e9cence de la situation est aussi largement visible dans les domaines de <strong>l\u2019agroalimentaire et de la grande distribution.<\/strong> Ceux-l\u00e0 sont d\u2019ailleurs en grande partie <strong>responsables de l\u2019inflation<\/strong> subie depuis plusieurs mois par les citoyens.<\/p>\n<p><iframe loading=\"lazy\" title=\"\ud83d\uded2 EXPLOSION DES PRIX ALIMENTAIRES : COMMENT CONTRER LES MARGES ABUSIVES #IG01\" width=\"1110\" height=\"624\" src=\"https:\/\/www.youtube.com\/embed\/Mkz15U6qVTo?feature=oembed\" frameborder=\"0\" allow=\"accelerometer; autoplay; clipboard-write; encrypted-media; gyroscope; picture-in-picture; web-share\" referrerpolicy=\"strict-origin-when-cross-origin\" allowfullscreen><\/iframe><\/p>\n<p>C\u2019est en effet <a target=\"_blank\" href=\"https:\/\/www.60millions-mag.com\/2023\/07\/31\/la-course-aux-profits-premiere-cause-de-l-inflation-21854\">par opportunisme<\/a>, <strong>afin de g\u00e9n\u00e9rer des superprofits, qu\u2019ils ont d\u00e9cid\u00e9 de faire exploser la valeur des marchandises.<\/strong> Ainsi, entre fin 2021 et d\u00e9but 2023, les taux de marges des industries agroalimentaires sont pass\u00e9s de 24 \u00e0 48 %, soit une hausse de 71 % en un an et demi.<\/p>\n<p>Les distributeurs n\u2019h\u00e9sitent d\u2019ailleurs pas \u00e0 rejeter la faute sur leurs partenaires commerciaux. Et pourtant, eux aussi engrangent des b\u00e9n\u00e9fices colossaux, comme il a pu \u00eatre constat\u00e9 sur de nombreux produits. Entre 2021 et 2022, <a target=\"_blank\" href=\"https:\/\/www.foodwatch.org\/fr\/actualites\/2023\/inflation-alimentaire-les-marges-indecentes-de-l-industrie-et-de-la-grande-distribution-dans-le-viseur\">on a par exemple observ\u00e9<\/a> un <strong>rel\u00e8vement des prix de 57 % sur les p\u00e2tes et 12,7 % sur le panier de l\u00e9gumes.<\/strong> Les grosses soci\u00e9t\u00e9s ont, en outre, bien profit\u00e9 du c\u00f4t\u00e9 du bio puisque<strong> les fruits et l\u00e9gumes issus de ce type de culture ont vu leurs tarifs augmenter de <a target=\"_blank\" href=\"https:\/\/www.quechoisir.org\/nos-combats-grande-distribution-contre-ses-marges-excessives-n109182\/\">75 % de plus<\/a>\u00a0que celui des conventionnels.<\/strong><\/p>\n<p>Pour faire face \u00e0 ce constat, <strong>le MODEF et la conf\u00e9d\u00e9ration paysanne, deux syndicats militant pour une agriculture \u00e0 taille humaine, r\u00e9clament <a target=\"_blank\" href=\"https:\/\/www.humanite.fr\/social-et-economie\/agriculteurs\/agriculteurs-en-colere-le-revenu-des-paysans-au-coeur-des-revendications\">la mise en place de prix planchers<\/a> impos\u00e9s aux industriels,<\/strong> afin d\u2019interdire l\u2019achat de marchandises en dessous de leur co\u00fbt de production.<\/p>\n<figure id=\"attachment_634588\" aria-describedby=\"caption-attachment-634588\" style=\"width: 1024px\" class=\"wp-caption alignnone\"><img loading=\"lazy\" decoding=\"async\" class=\"size-full wp-image-634588\" src=\"https:\/\/mrmondialisation.org\/wp-content\/uploads\/2024\/01\/occupation-de-la-direction-departementale-de-la-drome-par-la-confederation-paysanne-02.jpg\" alt=\"\" width=\"1024\" height=\"768\" srcset=\"https:\/\/mrmondialisation.org\/wp-content\/uploads\/2024\/01\/occupation-de-la-direction-departementale-de-la-drome-par-la-confederation-paysanne-02.jpg 1024w, https:\/\/mrmondialisation.org\/wp-content\/uploads\/2024\/01\/occupation-de-la-direction-departementale-de-la-drome-par-la-confederation-paysanne-02-768x576.jpg 768w, https:\/\/mrmondialisation.org\/wp-content\/uploads\/2024\/01\/occupation-de-la-direction-departementale-de-la-drome-par-la-confederation-paysanne-02-696x522.jpg 696w, https:\/\/mrmondialisation.org\/wp-content\/uploads\/2024\/01\/occupation-de-la-direction-departementale-de-la-drome-par-la-confederation-paysanne-02-560x420.jpg 560w, https:\/\/mrmondialisation.org\/wp-content\/uploads\/2024\/01\/occupation-de-la-direction-departementale-de-la-drome-par-la-confederation-paysanne-02-80x60.jpg 80w, https:\/\/mrmondialisation.org\/wp-content\/uploads\/2024\/01\/occupation-de-la-direction-departementale-de-la-drome-par-la-confederation-paysanne-02-265x198.jpg 265w\" sizes=\"auto, (max-width: 1024px) 100vw, 1024px\"\/><figcaption id=\"caption-attachment-634588\" class=\"wp-caption-text\">Occupation de la Direction D\u00e9partementale des Territoires de la Dr\u00f4me par la Conf\u00e9d\u00e9ration Paysanne. <a target=\"_blank\" href=\"https:\/\/commons.wikimedia.org\/wiki\/File:Occupation_de_la_Direction_D%C3%A9partementale_de_la_Dr%C3%B4me_par_la_Conf%C3%A9d%C3%A9ration_Paysanne_02.jpg\">Wikimedia<\/a><\/figcaption><\/figure>\n<h2><strong>Les orientations d\u00e9l\u00e9t\u00e8res de la FNSEA<\/strong><\/h2>\n<p>Dans un ballet qui rappelle curieusement celui orchestr\u00e9 par l\u2019extr\u00eame droite sur le carburant (<a target=\"_blank\" href=\"https:\/\/mrmondialisation.org\/smic-chomage-retraite-le-visage-antisocial-des-droites-identitaires\/\">qui pr\u00e9f\u00e8re<\/a> r\u00e9duire les imp\u00f4ts, et donc les services publics, plut\u00f4t que s\u2019attaquer au portefeuille des plus riches), <strong>la FNSEA et les Jeunes Agriculteurs, les deux syndicats de l\u2019agriculture industrielle, ont largement point\u00e9 du doigt les taxes et\u2026 les normes \u00e9cologiques.<\/strong><\/p>\n<p>Des solutions simplistes qui ont l\u2019avantage de s\u00e9duire beaucoup de d\u00e9sesp\u00e9r\u00e9s, mais qui ne remettent surtout pas en question<strong> le comportement des grandes entreprises qui accaparent le travail des petits agriculteurs.<\/strong> Et si <a target=\"_blank\" href=\"https:\/\/www.humanite.fr\/social-et-economie\/agriculteurs\/a-la-tete-de-la-fnsea-qui-est-arnaud-rousseau-le-businessman-qui-voulait-passer-pour-un-paysan\">Arnaud Rousseau<\/a>, <strong>le patron de la FNSEA, n\u2019est autre que le dirigeant du g\u00e9ant de l\u2019agroalimentaire Avril, il ne faut sans doute y voir qu\u2019un pur hasard.<\/strong><\/p>\n<h2><strong>Avec l\u2019appui du gouvernement\u00a0?<\/strong><\/h2>\n<p>Apr\u00e8s les <a target=\"_blank\" href=\"https:\/\/www.liberation.fr\/economie\/social\/degradation-de-batiments-publics-par-les-agriculteurs-gerald-darmanin-en-flagrant-deni-20240126_Y4EJYM3HQRCGPO7MJ3ZQ4TWF7Q\/\">d\u00e9gradations et blocages<\/a> men\u00e9s par certains manifestants en janvier dernier, beaucoup avaient pu \u00eatre \u00e9tonn\u00e9s par<strong> l\u2019in\u00e9dit laisser-faire de l\u2019\u00c9tat.<\/strong> En effet, au cours des grands mouvements sociaux survenus depuis l\u2019arriv\u00e9e au pouvoir d\u2019Emmanuel Macron, que ce soit <a target=\"_blank\" href=\"https:\/\/www.amnesty.fr\/liberte-d-expression\/actualites\/gilets-jaunes-un-bilan-inquietant\">les Gilets Jaunes<\/a>, les <a target=\"_blank\" href=\"https:\/\/www.socialter.fr\/article\/repression-police-militants-ecologistes-soulevements\">soul\u00e8vements \u00e9cologistes<\/a> ou <a target=\"_blank\" href=\"https:\/\/basta.media\/reforme-des-retraites-manifestations-greves-gardes-a-vue-tribunal-craintes-des-licenciements-la-repression-vise-aussi-les-syndicalistes\">les protestations<\/a> contre diverses r\u00e9formes, notamment <a target=\"_blank\" href=\"https:\/\/reporterre.net\/Retraites-le-gouvernement-ressort-la-matraque\">celle des retraites<\/a>,<strong> le ma\u00eetre mot a toujours \u00e9t\u00e9 une violente r\u00e9pression.<\/strong><\/p>\n<p>Dans une <a target=\"_blank\" href=\"https:\/\/www.huffingtonpost.fr\/politique\/article\/colere-des-agriculteurs-gerald-darmanin-indigne-la-gauche-avec-ses-propos-sur-les-crs_228903.html\">interview lunaire<\/a>, \u00e0 l\u2019\u00e9poque, l\u2019ex-ministre de l\u2019Int\u00e9rieur G\u00e9rald Darmanin s\u2019\u00e9tait m\u00eame montr\u00e9 plein de compassion envers les agriculteurs, <strong>assurant qu\u2019on \u00ab <em>ne r\u00e9pond pas \u00e0 la souffrance en envoyant les CRS\u00a0<\/em>\u00bb.<\/strong> R\u00e9futant un deux poids deux mesures, il a argu\u00e9 que \u00ab\u00a0<em>les agriculteurs travaillent et quand ils ont envie de d\u00e9montrer qu\u2019ils ont des revendications, il faut les entendre\u00a0<\/em>\u00bb. <strong>Ainsi, la r\u00e9pression polici\u00e8re n\u2019est plus soumise \u00e0 l\u2019\u00c9tat de droit mais \u00e0 l\u2019opinion du minist\u00e8re de l\u2019Int\u00e9rieur.\u00a0<\/strong><\/p>\n<p><iframe loading=\"lazy\" title=\"Les agriculteurs font-ils peur \u00e0 Darmanin ?\" width=\"1110\" height=\"624\" src=\"https:\/\/www.youtube.com\/embed\/oUGxJ7zR-Fk?feature=oembed\" frameborder=\"0\" allow=\"accelerometer; autoplay; clipboard-write; encrypted-media; gyroscope; picture-in-picture; web-share\" referrerpolicy=\"strict-origin-when-cross-origin\" allowfullscreen><\/iframe><\/p>\n<p>Il \u00e9tait ais\u00e9 de comprendre par l\u00e0 que selon G\u00e9rald Darmanin, les Gilets Jaunes, les \u00e9cologistes ou les manifestants contre la r\u00e9forme des retraites ne travaillent pas et que de ce fait il ne faudrait pas les \u00e9couter. Un discours qui semblait faire \u00e9cho \u00e0 ce qu\u2019affirme <strong>la frange la plus \u00e0 droite des agriculteurs indign\u00e9s, \u00e0 l\u2019image de <a target=\"_blank\" href=\"https:\/\/reporterre.net\/Serge-Bousquet-Cassagne-l-agriculteur-qui-fait-sa-loi-dans-le-Lot-et-Garonne\">Serge Bousquet-Cassagne<\/a>, id\u00e9ologiquement proche du RN<\/strong>. <a target=\"_blank\" href=\"https:\/\/twitter.com\/Tdcmvi\/status\/1750234064651456679\/video\/1\">Interrog\u00e9 par CNEWS<\/a>, il refusait avec v\u00e9h\u00e9mence d\u2019\u00eatre compar\u00e9 aux <strong>Gilets Jaunes qu\u2019il assimilait, de mani\u00e8re \u00e0 peine voil\u00e9e, \u00e0 des personnes oisives.<\/strong><\/p>\n<p>En fin de compte,<strong> si l\u2019ex\u00e9cutif se montre aussi cl\u00e9ment avec le mouvement des agriculteurs, c\u2019est sans aucun doute parce qu\u2019il sait que la FNSEA orientera toujours la col\u00e8re vers des revendications <a target=\"_blank\" href=\"https:\/\/www.frustrationmagazine.fr\/agriculteurs-fnsea\/\">parfaitement compatibles<\/a> avec le macronisme.<\/strong><\/p>\n<p>Apr\u00e8s <a target=\"_blank\" href=\"https:\/\/www.humanite.fr\/social-et-economie\/agriculture\/colere-paysanne-gabriel-attal-annonce-des-mesures-pas-cheres-qui-ne-convainquent-pas-les-syndicats\">les annonces de Gabriel Attal<\/a> l\u2019hiver dernier, le gouvernement esp\u00e9rait d\u2019ailleurs que les syndicats fassent cesser les r\u00e9voltes. Mais en <strong>s\u2019\u00e9tant content\u00e9 d\u2019insignifiantes mesures de simplification administratives, sans r\u00e9pondre \u00e0 la d\u00e9tresse financi\u00e8re et sociale des paysans, il n\u2019a pas r\u00e9ussi \u00e0 convaincre. Ce n\u2019est donc pas une surprise que la col\u00e8re resurgisse pr\u00e8s d\u2019un an plus tard.<\/strong><\/p>\n<h2><strong>L\u2019agriculture ne doit pas se niveler par le bas<\/strong><\/h2>\n<p>De leur c\u00f4t\u00e9, les paysans continuent \u00e0 juste titre \u00e0 <strong>pointer du doigt la mise en concurrence avec leurs homologues \u00e9trangers<\/strong> qui ont la possibilit\u00e9 de produire avec des <strong>normes moins exigeantes et donc pour moins cher.<\/strong><\/p>\n<p>Or, <strong>en pr\u00f4nant la fin de ces normes pour s\u2019aligner sur les paysans ext\u00e9rieurs \u00e0 l\u2019hexagone, les syndicats de l\u2019agriculture industrielle prennent le probl\u00e8me \u00e0 l\u2019envers <\/strong>et organisent un nivellement par le bas.<\/p>\n<p>En effet, en s\u2019abaissant au niveau de la concurrence, <strong>la qualit\u00e9 de l\u2019alimentation est d\u00e9grad\u00e9e de mani\u00e8re consid\u00e9rable, <a target=\"_blank\" href=\"https:\/\/mrmondialisation.org\/degradation-des-sols-le-fleau-grandit-dans-lindifference\/\">les sols et<\/a> <a target=\"_blank\" href=\"https:\/\/mrmondialisation.org\/la-biodiversite-un-enjeu-vital-trop-souvent-oublie\/\">la biodiversit\u00e9<\/a> sont d\u00e9truits et les <a target=\"_blank\" href=\"https:\/\/mrmondialisation.org\/8-chiffres-eau-avenir-bien-commun-danger\/\">r\u00e9serves d\u2019eau<\/a> sont pollu\u00e9es et ass\u00e9ch\u00e9es.<\/strong> Sur le long terme, l\u2019esp\u00e8ce humaine continue d\u2019\u00eatre mise en p\u00e9ril, mais aussi la profession qui ne pourra plus \u00eatre assur\u00e9e dans de telles conditions.<\/p>\n<p><iframe loading=\"lazy\" title=\"Les sols \u00e0 l&#039;agonie, peut-on encore les sauver ? Lydia et Claude Bourguignon [EN DIRECT]\" width=\"1110\" height=\"624\" src=\"https:\/\/www.youtube.com\/embed\/OWnT1bkHQto?feature=oembed\" frameborder=\"0\" allow=\"accelerometer; autoplay; clipboard-write; encrypted-media; gyroscope; picture-in-picture; web-share\" referrerpolicy=\"strict-origin-when-cross-origin\" allowfullscreen><\/iframe><\/p>\n<p>Notre mani\u00e8re de produire repr\u00e9sente \u00e9galement <strong>un enjeu de sant\u00e9 important, \u00e0 la fois pour les agriculteurs eux-m\u00eames, mais aussi pour les consommateurs.<\/strong> L\u2019impact des <a target=\"_blank\" href=\"https:\/\/mrmondialisation.org\/glyphosate-pas-inoffensif\/\">produits phytosanitaires<\/a>, d\u2019un exc\u00e8s d\u2019<a target=\"_blank\" href=\"https:\/\/mrmondialisation.org\/agriculture-capitalisme-ecologie-revolte\/about:AkikiKonodoh1\">antibiotiques<\/a> ou encore des <a target=\"_blank\" href=\"https:\/\/www.liberation.fr\/evenement\/1999\/07\/27\/viande-a-hauts-risques-aux-etats-unis-des-produits-plus-dangereux-que-les-hormones-sont-deja-utilise_279743\/\">hormones<\/a> sur notre organisme n\u2019est en effet plus \u00e0 d\u00e9montrer.<\/p>\n<p>Enfin, <strong>courir constamment apr\u00e8s la \u00ab comp\u00e9titivit\u00e9 \u00bb signifie, en outre, abaisser au maximum les co\u00fbts et les salaires.<\/strong> Or cette \u00ab\u00a0mise \u00e0 niveau\u00a0\u00bb se fait n\u00e9cessairement au prix d\u2019un appauvrissement et d\u2019une d\u00e9gradation des conditions de travail. Prendre cette direction est d\u2019autant plus dangereux que <strong>la concurrence ira toujours plus loin pour vendre moins cher.<\/strong><\/p>\n<h2><strong>Mettre fin au libre-\u00e9change<\/strong><\/h2>\n<p>On l\u2019aura compris, <strong>les normes \u00e9cologiques et sociales servent avant tout \u00e0 nous prot\u00e9ger et \u00e0 pr\u00e9server les agriculteurs ;<\/strong> les d\u00e9tricoter pour s\u2019aligner sur la concurrence demeure un projet absurde qui ne profiterait qu\u2019aux plus riches.<\/p>\n<p>Dans ces conditions, la solution consiste plut\u00f4t \u00e0 <strong>refuser la comp\u00e9tition, ou tout au moins \u00e0 la r\u00e9guler.<\/strong> Ainsi, lorsque les lois fran\u00e7aises interdisent de produire une marchandise d\u2019une certaine mani\u00e8re, <strong>toutes les denr\u00e9es fabriqu\u00e9es de cette fa\u00e7on hors de France devraient de m\u00eame \u00eatre proscrites sur le territoire.<\/strong> Les agriculteurs l\u2019ont bien saisi puisque en janvier dernier plusieurs camions \u00e9trangers avaient <a target=\"_blank\" href=\"https:\/\/www.francebleu.fr\/infos\/economie-social\/des-agriculteurs-vident-les-cargaisons-de-camions-etrangers-et-les-deversent-par-terre-a-nimes-6303058\">\u00e9t\u00e9 stopp\u00e9s<\/a> par les manifestants.<\/p>\n<p><iframe loading=\"lazy\" title=\"#66 - \u00c9tat strat\u00e8ge : vers un protectionnisme \u00e9cologique ? Ga\u00ebl Giraud\" width=\"1110\" height=\"624\" src=\"https:\/\/www.youtube.com\/embed\/wIC7P6GT2WU?feature=oembed\" frameborder=\"0\" allow=\"accelerometer; autoplay; clipboard-write; encrypted-media; gyroscope; picture-in-picture; web-share\" referrerpolicy=\"strict-origin-when-cross-origin\" allowfullscreen><\/iframe><\/p>\n<p>De plus,<strong> les accords de libre-\u00e9change qui permettent \u00e0 des articles d\u2019arriver sur le march\u00e9 fran\u00e7ais sans aucun droit de douane posent \u00e9galement de gros probl\u00e8mes.<\/strong> L\u2019an pass\u00e9, l\u2019UE continuait d\u2019ailleurs d\u2019<a target=\"_blank\" href=\"https:\/\/reporterre.net\/Ca-nous-a-aneanti-le-libre-echange-tue-l-agriculture-francaise\">\u0153uvrer dans ce sens<\/a> en <strong>signant des alliances avec la <a target=\"_blank\" href=\"https:\/\/mrmondialisation.org\/accord-ue-nouvelle-zelande\/\">Nouvelle-Z\u00e9lande<\/a>, <a target=\"_blank\" href=\"https:\/\/www.humanite.fr\/en-debat\/agriculture\/la-face-cachee-de-laccord-de-libre-echange-chili-europe-783070\">le Chili<\/a>, ou encore <a target=\"_blank\" href=\"https:\/\/www.rtbf.be\/article\/des-produits-kenyans-en-acces-libre-de-droits-et-sans-quotas-sur-le-marche-europeen-lue-et-le-kenya-signent-un-accord-commercial-11302791\">le Kenya<\/a>.<\/strong> \u00c0 l\u2019inverse, <a target=\"_blank\" href=\"https:\/\/www.francetvinfo.fr\/economie\/crise\/blocus-des-agriculteurs\/colere-des-agriculteurs-la-confederation-paysanne-demande-une-interdiction-du-prix-d-achat-des-produits-agricoles-en-dessous-du-prix-de-revient_6321894.html\">la Conf\u00e9d\u00e9ration Paysanne assure<\/a> que les agriculteurs fran\u00e7ais ont \u00ab\u00a0<em>besoin d\u2019une forme de protectionnisme<\/em>\u00a0\u00bb pour prot\u00e9ger les produits locaux face \u00e0 la concurrence d\u00e9r\u00e9gul\u00e9e issue de l\u2019\u00e9tranger.<\/p>\n<p>Aujourd\u2019hui, la mise en place d\u2019un <strong>trait\u00e9 de libre-\u00e9change avec le Mercosur<\/strong> (alliance de six pays sud-am\u00e9ricains dont le Br\u00e9sil) <strong>fait particuli\u00e8rement pol\u00e9mique<\/strong>. Elle pourrait mettre <a target=\"_blank\" href=\"https:\/\/reporterre.net\/Accord-UE-Mercosur-5-points-pour-comprendre-la-colere-des-agriculteurs\" target=\"_blank\" rel=\"noopener\">en grande difficult\u00e9<\/a> de nombreuses fili\u00e8res agricoles fran\u00e7aises.<\/p>\n<hr\/>\n<p><a target=\"_blank\" href=\"https:\/\/fr.tipeee.com\/mr-mondialisation\"><strong>Gratuit, sans subvention et ind\u00e9pendant depuis 10 ans, nous avons besoin de vous pour continuer ce travail en 2024. Sens-toi libre d\u2019activer un abonnement volontaire sur ce lien en offrant un th\u00e9 \u00e0 l\u2019\u00e9quipe. Merci infiniment.<\/strong><\/a><\/p>\n<hr\/>\n<p>Tant socialement qu\u2019<a target=\"_blank\" href=\"https:\/\/mrmondialisation.org\/colere-agriculteurs-haut-conseil-climat\/\">\u00e9cologiquement,<\/a> il para\u00eet aussi n\u00e9cessaire de <strong>rediriger notre production vers une consommation locale,<\/strong> surtout lorsque l\u2019on sait que <a target=\"_blank\" href=\"https:\/\/mrmondialisation.org\/5-secteurs-ou-notre-dependance-nous-met-gravement-en-danger\/\">50 % de ce qui est mang\u00e9 par les Fran\u00e7ais provient de l\u2019\u00e9tranger<\/a>.<\/p>\n<p>Pour ce faire, les denr\u00e9es fabriqu\u00e9es dans l\u2019hexagone doivent logiquement devenir moins ch\u00e8res que celles faites \u00e0 l\u2019ext\u00e9rieur. \u00c9videmment, il ne s\u2019agit pas de diminuer leurs prix (bien au contraire), mais plut\u00f4t d\u2019<strong>augmenter les droits de douane des marchandises venues depuis l\u2019autre c\u00f4t\u00e9 des fronti\u00e8res.<\/strong><\/p>\n<h2><strong>L\u2019agriculture menac\u00e9e de d\u00e9localisation\u00a0?<\/strong><\/h2>\n<p>Si l\u2019on poursuit dans la voie de pr\u00e9carisation des agriculteurs et que l\u2019on continue de <a target=\"_blank\" href=\"https:\/\/mrmondialisation.org\/energie-de-demain-la-face-cachee-de-la-methanisation\/\">soumettre le secteur de l\u2019alimentation \u00e0 un march\u00e9 compl\u00e8tement fou,<\/a> <strong>notre agriculture risque tout simplement de subir le m\u00eame sort que notre industrie : la d\u00e9localisation.<\/strong><\/p>\n<p>Et c\u2019est bien le chemin que nous prenons doucement, puisque <strong>les campagnes sont <a target=\"_blank\" href=\"https:\/\/www.frustrationmagazine.fr\/capitalisme-campagnes\/\">en train de dispara\u00eetre<\/a>, et que les paysans sont de moins en moins nombreux.<\/strong> Si <a target=\"_blank\" href=\"https:\/\/www.ccomptes.fr\/fr\/publications\/la-politique-dinstallation-des-nouveaux-agriculteurs-et-de-transmission-des#:~:text=Au%20nombre%20de%20plus%20de,de%20moins%20qu%27en%201980.\">on en comptait<\/a> 2,5 millions dans l\u2019hexagone en 1955, ils ne sont plus que 496 000 de nos jours. <strong>Depuis 1980, la France a \u00e9galement perdu pas moins de 800 000 exploitations.<\/strong><\/p>\n<p>Ces derni\u00e8res sont d\u2019ailleurs de plus en plus grandes, \u00e0 l\u2019image des machines qui ressemblent \u00e0 des engins de guerre et qui obligent les agriculteurs \u00e0 emprunter massivement. <strong>L\u2019endettement moyen est ainsi pass\u00e9 de <a target=\"_blank\" href=\"https:\/\/www.viande.info\/eleveur-situation-financiere-sante-endettement-suicide\">5000 \u20ac en 1980<\/a> \u00e0 plus de <a target=\"_blank\" href=\"https:\/\/elucid.media\/environnement\/fnsea-groupe-avril-symbole-collusion-agriculture-industrie-syndicalisme\">200 000 \u20ac aujourd\u2019hui<\/a>.<\/strong> Dans certaines fili\u00e8res, ces cr\u00e9ances peuvent m\u00eame atteindre le demi-million d\u2019euros ais\u00e9ment.<\/p>\n<p><iframe loading=\"lazy\" title=\"ENQU\u00caTE : Les Firmes s&#039;emparent de la terre | @terre-de-liens\" width=\"1110\" height=\"624\" src=\"https:\/\/www.youtube.com\/embed\/AgnIIaUMfJQ?feature=oembed\" frameborder=\"0\" allow=\"accelerometer; autoplay; clipboard-write; encrypted-media; gyroscope; picture-in-picture; web-share\" referrerpolicy=\"strict-origin-when-cross-origin\" allowfullscreen><\/iframe><\/p>\n<p>Ces chiffres sont d\u2019autant plus inqui\u00e9tants que les professionnels du secteur <a target=\"_blank\" href=\"https:\/\/www.latribune.fr\/economie\/france\/en-france-le-nombre-des-agriculteurs-se-reduit-et-la-moyenne-d-age-s-eleve-952768.html\">vieillissent d\u2019ann\u00e9e en ann\u00e9e\u00a0<\/a>; l\u2019\u00e2ge moyen dans le domaine est de 51,4 ans et \u00e0 peine 20 % d\u2019entre eux ont moins de 40 ans. Pire, un tiers de paysans <a target=\"_blank\" href=\"https:\/\/www.ladepeche.fr\/2024\/01\/25\/infographies-colere-des-agriculteurs-leurs-revenus-leur-nombre-en-declin-les-inegalites-decouvrez-le-portrait-edifiant-de-la-profession-11717158.php#:~:text=La%20population%20agricole%20en%20d\u00e9clin%20en%20France&amp;text=En\">partira \u00e0 la retraite d\u2019ici dix ans<\/a>.<\/p>\n<p>Avec la charge colossale de travail que repr\u00e9sente le m\u00e9tier et les conditions de plus en plus difficiles, <strong>il est l\u00e9gitime de craindre que les effectifs continuent de s\u2019effondrer et que les produits alimentaires soient de plus en plus import\u00e9e.<\/strong><\/p>\n<h2><strong>Le 100 % bio est possible<\/strong><\/h2>\n<p>Or, si l\u2019on veut obtenir des aliments de qualit\u00e9 et \u00e9cologiquement soutenables, il faudra, au contraire, <strong>largement augmenter les effectifs, ce qui n\u2019est fondamentalement pas impossible, \u00e0 condition de rendre le m\u00e9tier et le milieu rural plus attractifs.<\/strong><\/p>\n<p>Contrairement \u00e0 ce qu\u2019affirment sans cesse les partisans de l\u2019agriculture intensive, <strong><a target=\"_blank\" href=\"https:\/\/www.lemonde.fr\/planete\/article\/2017\/11\/14\/une-agriculture-100-biologique-pourrait-nourrir-la-planete-en-2050_5214822_3244.html\">une \u00e9tude r\u00e9cente<\/a> assurait d\u2019ailleurs qu\u2019il serait parfaitement envisageable de nourrir l\u2019int\u00e9gralit\u00e9 de l\u2019humanit\u00e9 avec une production 100 % biologique,<\/strong> \u00e0 condition de r\u00e9duire le gaspillage et notre part de consommation de prot\u00e9ines carn\u00e9es.<\/p>\n<p><iframe loading=\"lazy\" title=\"FACE AU D\u00c9SASTRE DE L&#039;AGRO BUSINESS, UNE AUTRE VOIE EST POSSIBLE, AVEC BENOIT LE BAUBE, MARA\u00ceCHER\" width=\"1110\" height=\"624\" src=\"https:\/\/www.youtube.com\/embed\/A8c3ULVnePs?feature=oembed\" frameborder=\"0\" allow=\"accelerometer; autoplay; clipboard-write; encrypted-media; gyroscope; picture-in-picture; web-share\" referrerpolicy=\"strict-origin-when-cross-origin\" allowfullscreen><\/iframe><\/p>\n<p>\u00c9videmment, dans cette optique, il faudrait aussi sans doute que les m\u00e9nages consacrent une plus grande portion de leur budget \u00e0 l\u2019alimentation pour pouvoir r\u00e9mun\u00e9rer les exploitants correctement. Un objectif qui ne pourrait \u00eatre atteint sans une <strong>augmentation g\u00e9n\u00e9rale des salaires dans le pays et une diminution des contraintes financi\u00e8res dans d\u2019autres secteurs,<\/strong> comme <a target=\"_blank\" href=\"https:\/\/twitter.com\/CIJ_ICJ\/status\/1750206328293728687\">le logement,\u00a0<\/a>les transports, l\u2019\u00e9nergie.<\/p>\n<p>Pour le moment, il ne s\u2019agit cependant pas du tout de la direction adopt\u00e9e par la France, puisque <strong>rien n\u2019est fait pour favoriser le bio, ni par le gouvernement (dont l\u2019une des premi\u00e8res mesures fut de <a target=\"_blank\" href=\"https:\/\/www.lemonde.fr\/economie\/article\/2017\/09\/22\/l-etat-supprime-les-aides-au-maintien-de-l-agriculture-bio_5189584_3234.html\">supprimer des aides<\/a> \u00e0 ce secteur)<\/strong> ni par une bonne partie de ceux qui pr\u00e9tendent d\u00e9fendre l\u2019agriculture.<\/p>\n<p style=\"text-align: right;\"><strong><em>\u2013 Simon Verdi\u00e8re<\/em><\/strong><\/p>\n<hr\/>\n<p>Photo de couverture : <a target=\"_blank\" href=\"https:\/\/www.flickr.com\/photos\/iip-photo-archive\/48600778616\/in\/photolist-2dWJZFN-MNRYJD-EDQFTi-2f3DBCn-2f3DB72-MMcDQu-fALasJ-2gWNsy2-xJzQLp-21ucDKM-2h3FGfU-DmusZC-fAw9ZX-mXga2R-2k5cZF1-ECYxXB-JjLVe4-zQq5WU-2bemSRY-2kVze1P-2iMD47L-nCGX6u-jAQ9nH-2j8srKY-gVpqm6-2mH9ZaG-2j6yEh5-ajKYUU-dGAZQv-qGymhH-gKVFBW-9kqsHg-9kCSS8-2j6wvFZ-n9YdrK-bu2Z7H-jWV1pX-jWUxrk-tyxqMj-9wAgsC-2md7jv6-NtdP2s-2j6wvgR-nRVZPF-bmeGwy-2hNLXoT-b4NbvV-EPfPz8-RXxvRL-wXVRP\">Flickr<\/a><\/p>\n<div class=\"td-a-rec td-a-rec-id-content_bottom  tdi_2 td_block_template_1\">\n<span class=\"td-adspot-title\">&#8211; Cet article gratuit et ind\u00e9pendant existe gr\u00e2ce \u00e0 vous &#8211;<\/span><\/p>\n<div class=\"td-all-devices\">\n    <a target=\"_blank\" href=\"https:\/\/mrmondialisation.org\/donation\/\" title=\"Faire_un_don\"><img decoding=\"async\" class=\"donationArticle\" src=\"https:\/\/mrmondialisation.org\/wp-content\/uploads\/2022\/12\/220405-flikalicious-final.jpg\" alt=\"Donation\"\/><\/a>\n<\/div>\n<\/div><\/div>\n<p><script async src=\"\/\/platform.twitter.com\/widgets.js\" charset=\"utf-8\"><\/script><br \/>\n<br \/><br \/>\n<br \/><a href=\"https:\/\/mrmondialisation.org\/agriculture-capitalisme-ecologie-revolte\/\" target=\"_blank\"\">Source link <\/a><\/p>\n","protected":false},"excerpt":{"rendered":"<p>D\u00e9j\u00e0 vive en janvier 2024, la col\u00e8re agricole se r\u00e9veille \u00e0 nouveau partout en France. Si le poids des normes \u00e9cologiques est largement point\u00e9 par les syndicats de l\u2019agriculture industrielle&hellip; <\/p>\n","protected":false},"author":1,"featured_media":616,"comment_status":"open","ping_status":"open","sticky":false,"template":"","format":"standard","meta":{"footnotes":""},"categories":[1],"tags":[],"class_list":["post-615","post","type-post","status-publish","format-standard","has-post-thumbnail","hentry","category-non-classe"],"_links":{"self":[{"href":"https:\/\/monde25.info\/index.php\/wp-json\/wp\/v2\/posts\/615","targetHints":{"allow":["GET"]}}],"collection":[{"href":"https:\/\/monde25.info\/index.php\/wp-json\/wp\/v2\/posts"}],"about":[{"href":"https:\/\/monde25.info\/index.php\/wp-json\/wp\/v2\/types\/post"}],"author":[{"embeddable":true,"href":"https:\/\/monde25.info\/index.php\/wp-json\/wp\/v2\/users\/1"}],"replies":[{"embeddable":true,"href":"https:\/\/monde25.info\/index.php\/wp-json\/wp\/v2\/comments?post=615"}],"version-history":[{"count":0,"href":"https:\/\/monde25.info\/index.php\/wp-json\/wp\/v2\/posts\/615\/revisions"}],"wp:featuredmedia":[{"embeddable":true,"href":"https:\/\/monde25.info\/index.php\/wp-json\/wp\/v2\/media\/616"}],"wp:attachment":[{"href":"https:\/\/monde25.info\/index.php\/wp-json\/wp\/v2\/media?parent=615"}],"wp:term":[{"taxonomy":"category","embeddable":true,"href":"https:\/\/monde25.info\/index.php\/wp-json\/wp\/v2\/categories?post=615"},{"taxonomy":"post_tag","embeddable":true,"href":"https:\/\/monde25.info\/index.php\/wp-json\/wp\/v2\/tags?post=615"}],"curies":[{"name":"wp","href":"https:\/\/api.w.org\/{rel}","templated":true}]}}