{"id":6170,"date":"2025-04-11T18:57:24","date_gmt":"2025-04-11T16:57:24","guid":{"rendered":"https:\/\/monde25.info\/index.php\/2025\/04\/11\/reflexion-autocritique-aux-militants-de-la-cause-palestinienne\/"},"modified":"2025-04-11T18:57:24","modified_gmt":"2025-04-11T16:57:24","slug":"reflexion-autocritique-aux-militants-de-la-cause-palestinienne","status":"publish","type":"post","link":"https:\/\/monde25.info\/index.php\/2025\/04\/11\/reflexion-autocritique-aux-militants-de-la-cause-palestinienne\/","title":{"rendered":"R\u00e9flexion autocritique aux militants de la cause palestinienne"},"content":{"rendered":"<p> <br \/>\n<\/p>\n<div id=\"\">\n<p>Apr\u00e8s l\u2019accord de cessez-le-feu arrach\u00e9 mi-janvier par l\u2019in\u00e9branlable r\u00e9sistance de Gaza \u00e0 ses bourreaux am\u00e9ricano-isra\u00e9liens, ont fleuri un peu partout des titres c\u00e9l\u00e9brant la \u2018victoire\u2019 de la r\u00e9sistance contre l\u2019agresseur sioniste. Et, m\u00eame pr\u00e9caire, c\u2019en \u00e9tait une, particuli\u00e8rement pour ceux qui n\u2019ont d\u2019autre lieu de vie pour leur famille, encag\u00e9s depuis pr\u00e8s de 18 ans, sans que le monde ne prenne les mesures politiques pour sanctionner le r\u00e9gime d\u2019apartheid n\u00e9o-nazi sioniste. L\u2019on a pu se r\u00e9jouir avec eux de ce calme relatif revenu apr\u00e8s le d\u00e9ferlement de violences et de barbaries g\u00e9nocidaires depuis le 08 octobre 2023.<\/p>\n<p>Mais depuis, qu\u2019en est-il r\u00e9ellement\u00a0? De quelle \u2018victoire\u2019 est-il question\u00a0? Dans quelques ann\u00e9es, les historiens qui se pencheront sur cet \u00e9pouvantable \u00e9pisode d\u2019une Nakba palestinienne sans fin, utiliseront-ils la m\u00eame s\u00e9mantique de \u2018victoire\u2019 pour qualifier cette tr\u00eave fragile, viol\u00e9e \u00e0 maintes reprises par la soldatesque sioniste, avant d\u2019\u00eatre trahie quelques semaines plus tard, comme il fallait s\u2019y attendre, et en plein mois de ramadan, de surcro\u00eet\u00a0? Une fois le c\u00f4t\u00e9 \u00e9motionnel pass\u00e9, examinons cette \u2018victoire\u2019 avec quelque recul.<\/p>\n<p>Certes, toute \u2018victoire\u2019 contre un r\u00e9gime d\u2019occupation est horriblement sanglante. Pour ce que nous en savons, l\u2019histoire sombre de l\u2019humanit\u00e9 en t\u00e9moigne\u00a0:\u00a0l\u2019addition pay\u00e9e par les colonis\u00e9s pour se lib\u00e9rer de leur occupant est \u00e9pouvantable. Et dans le cas pr\u00e9sent, document\u00e9 comme jamais, la r\u00e9alit\u00e9 est accablante\u00a0:\u00a0des centaines de milliers de victimes palestiniennes dont une majorit\u00e9 de femmes et d\u2019enfants y ont d\u00e9j\u00e0 laiss\u00e9 leurs vies. Un rapport alarmant du minist\u00e8re de la Sant\u00e9 palestinien, <a target=\"_blank\" href=\"https:\/\/oumma.com\/gaza-plus-de-38-000-enfants-palestiniens-sont-devenus-orphelins\/\" class=\"spip_out\" rel=\"external\">d\u00e9nombre plus de 38.000 orphelins<\/a>.  Pr\u00e8s de 90% des b\u00e2timents de la bande de Gaza ont \u00e9t\u00e9 impact\u00e9s par les bombardements isra\u00e9liens, quand ils n\u2019ont pas \u00e9t\u00e9 r\u00e9duits en gravats. Le fragile tissu \u00e9conomique, d\u00e9j\u00e0 priv\u00e9 de quantit\u00e9 de produits interdits par \u2018Isra\u00ebl\u2019, est en ruine. Le ch\u00f4mage a explos\u00e9. Les terres agricoles sont contamin\u00e9es par l\u2019usage massif (et interdit) d\u2019uranium appauvri des bombardements. L\u2019\u00e9tat de d\u00e9vastation g\u00e9n\u00e9ralis\u00e9e de ce \u2018camp concentrationnaire\u2019 que je d\u00e9non\u00e7ais d\u00e9j\u00e0 il y a pr\u00e8s de 20 ans (<i>La D\u00e9mocratie Mensonge<\/i> &#8211; 2008  &#8211; Ed. M.\u00a0Pietteur) malgr\u00e9 les protestations de certains militants jugeant inad\u00e9quat l\u2019usage de tels mots, pourtant devenu depuis \u2018d\u2019extermination\u2019, confirme l\u2019impossibilit\u00e9 d\u2019y vivre d\u00e9cemment.<\/p>\n<p>Voici le t\u00e9moignage d\u2019un fr\u00e8re palestinien en provenance de Gaza, lors du cessez-le-feu\u00a0:\u00a0\u00ab\u00a0Le Cessez-le feu est entr\u00e9 en vigueur le 19 janvier 2025 et rien n\u2019a chang\u00e9 pour les Palestiniens de Gaza. Les drones sillonnent le ciel de Gaza nuit et jour, on ne sort pas dans la rue apr\u00e8s 19h, il fait froid la nuit dans les maisons \u00e9ventr\u00e9es.<\/p>\n<p>La situation humanitaire et sanitaire reste dramatique. Il n\u2019y a rien. Ni h\u00f4pitaux, ni centres m\u00e9dicaux, ni m\u00e9decins, ni m\u00e9dicaments. Si les citoyens ne meurent plus sous les bombardements, ils continuent de mourir de manque de soin et d\u2019eau potable. L\u2019aide humanitaire internationale ne peut faire face \u00e0 la demande.<\/p>\n<p>Le retour massif de 500\u00a0000 Palestiniens d\u00e9plac\u00e9s jusqu\u2019\u00e0 pr\u00e9sent pose de graves probl\u00e8mes logistiques. Les camions d\u2019aide n\u2019entrent qu\u2019au compte-gouttes dans le nord de la bande de Gaza. C\u2019est toujours la p\u00e9nurie pour beaucoup de produits alimentaires comme la viande, les l\u00e9gumes et les fruits. <i> <i>(A ce jour, plus aucun camion n\u2019entre, tous les passages sont ferm\u00e9s et les bombardements massifs ont repris-ndlr)<\/i> <\/i><\/p>\n<p>Les personnes d\u00e9plac\u00e9es qui reviennent et cherchent leurs maisons n\u2019ont souvent plus rien et sont sous le choc de ce qu\u2019elles voient, choc qui sera tr\u00e8s long \u00e0 gu\u00e9rir. Les services municipaux essaient de r\u00e9parer les routes mais c\u2019est tr\u00e8s difficile parce que les r\u00e9seaux d\u2019eau, d\u2019\u00e9lectricit\u00e9, les canalisations, tout est d\u00e9truit, sans parler du manque de moyens. Les voitures ne peuvent pas rouler sur les routes d\u00e9fonc\u00e9es, il y a des tonnes de gravats \u00e0 d\u00e9blayer.\u00a0\u00bb\u00a0&#8211;\u00a0Ziad Medoukh &#8211;<\/p>\n<p>Ainsi, la bande de Gaza est, au sens premier du terme, rendue inhabitable\u00a0; le Liban est, depuis la d\u00e9capitation des hauts dirigeants du Hezbollah, envahi par le m\u00eame r\u00e9gime terroriste isra\u00e9lien sans r\u00e9sistance ferme de son nouveau gouvernement, et il est m\u00eame \u00e9voqu\u00e9 une guerre possible entre l\u2019arm\u00e9e libanaise et le Hezbollah\u00a0; la Syrie est \u00e9clat\u00e9e et dirig\u00e9e par un groupe d\u00e9sign\u00e9 comme \u2018terroriste\u2019 \u00e0 qui les occidentaux d\u00e9roulent le tapis rouge\u00a0; l\u2019Iran est menac\u00e9 de toutes parts et <a target=\"_blank\" href=\"https:\/\/avia-pro.fr\/news\/izrail-i-ssha-gotovyatsya-atakovat-iran-letom\" class=\"spip_out\" rel=\"external\">redoute une intervention prochaine \u00e0 grande \u00e9chelle<\/a> contre le pays\u00a0; le Y\u00e9men est r\u00e9guli\u00e8rement bombard\u00e9 par la coalition des Etats-unis, de la Grande-Bretagne et toujours le m\u00eame  \u2018Isra\u00ebl\u2019. Et, cerise sur le g\u00e2teau, le nouveau locataire de la Maison Blanche, pr\u00e9sent\u00e9 comme \u2018homme de paix\u2019 par les plus niais, a accept\u00e9 la livraison de milliers de bombes d\u2019environ 1 tonne chacune, alors qu\u2019il avait d\u00e9cr\u00e9t\u00e9 l\u2019arr\u00eat de toute aide ext\u00e9rieure pendant 90 jours\u00a0; a bombard\u00e9 le Y\u00e9men \u00e0 pr\u00e8s de 100 reprises\u00a0; menace ouvertement les installations nucl\u00e9aires civiles de l\u2019Iran\u00a0et n\u2019a aucun probl\u00e8me \u00e0 soutenir l\u2019organisation de la famine contre plus de 2 millions de Palestiniens. Et, dans la foul\u00e9e, il presse la Jordanie, l\u2019Egypte et d\u2019autres nations arabes \u00e0 se pr\u00e9parer \u00e0 l\u2019accueil de Palestiniens qu\u2019il veut contraindre \u00e0 l\u2019exil pour nettoyer la terre&#8230; <a target=\"_blank\" href=\"https:\/\/qudsnen.co\/to-clean-out-gaza-trump-calls-on-arab-nations-to-accept-more-palestinian-refugees\/\" class=\"spip_out\" rel=\"external\">au profit de projets am\u00e9ricano-isra\u00e9liens<\/a>\u00a0!<\/p>\n<p>Des voix palestiniennes elles-m\u00eames commencent \u00e0 se demander comment vivre dans un tel champ de ruines\u00a0? Comment les jeunes pourront-ils reprendre leurs \u00e9tudes quand la plupart des \u00e9tablissements scolaires n\u2019existent plus\u00a0? Comment les gens pourront-ils se soigner quand la majorit\u00e9 des h\u00f4pitaux ont \u00e9t\u00e9 d\u00e9truits\u00a0? Comment la population exsangue pourra-t-elle se relever d\u2019une telle \u00e9puration ethnique\u00a0? Apr\u00e8s les communiqu\u00e9s triomphants, la r\u00e9alit\u00e9, comme toujours, reprend ses droits et, des citoyens qui ont tout perdu, demandent\u00a0:\u00a0et maintenant, que fait-on\u00a0? Comme l\u2019\u00e9crit Rami Abu Jamous, le fondateur de Gaza-Press\u00a0:\u00a0\u00ab\u00a0Nous sommes dans une p\u00e9riode de non-vie. Et je crois que le prix de la lib\u00e9ration des prisonniers palestiniens \u00e9tait tr\u00e8s \u00e9lev\u00e9. Chacun consid\u00e8re qu\u2019il a gagn\u00e9. Mais moi je peux vous dire que le grand perdant, <a target=\"_blank\" href=\"https:\/\/orientxxi.info\/dossiers-et-series\/et-ce-fut-une-fete,7958\" class=\"spip_out\" rel=\"external\">c\u2019est la population de Gaza, et la Palestine en g\u00e9n\u00e9ral\u00a0<\/a>\u00a0\u00bb.<\/p>\n<p>Le travail d\u2019autocritique est toujours difficile. Mais nous ne pouvons nous en d\u00e9lester. Voil\u00e0 des d\u00e9cennies que nous militons, \u00e9crivons, informons, avertissons, remuons autour de nous pour mettre en garde et pr\u00e9venir de ce qui risquait de se produire \u00e0 l\u2019encontre des Palestiniens, et nous ne sommes pas parvenus \u00e0 transformer l\u2019essai. Malheureusement, le pire est advenu. Et se poursuit chaque jour sous nos yeux incr\u00e9dules, qui ne peuvent que pleurer de voir nos promesses de soutenir nos fr\u00e8res et s\u0153urs palestiniens r\u00e9duites \u00e0 n\u00e9ant, n\u2019\u00eatre pas prises en compte par les autorit\u00e9s de nos Etats qui continuent \u00e0 entretenir des relations avec un r\u00e9gime g\u00e9nocidaire, sans sourciller. S\u2019autorisant m\u00eame aujourd\u2019hui \u00e0 arr\u00eater des citoyens pour simple prise de position en faveur de la Palestine et de son peuple r\u00e9sistant dans l\u2019agonie.<\/p>\n<p>Face \u00e0 la perspective d\u2019une situation toujours plus grave en Palestine\u00a0\u2013\u00a0et qui s\u2019\u00e9tend maintenant \u00e0 tout le Levant\u00a0\u2013\u00a0ne faudrait-il pas commencer \u00e0 s\u2019interroger sur nos m\u00e9thodes\u00a0? Ne faudrait-il pas, plus qu\u2019auparavant, alerter et expliquer que, loin d\u2019une \u2018victoire\u2019 acquise, cette tr\u00eave n\u2019\u00e9tait qu\u2019une occasion pour le r\u00e9gime terroriste isra\u00e9lien de se r\u00e9organiser et de se r\u00e9armer gr\u00e2ce \u00e0 la nouvelle administration Trump, avant de nouvelles interventions\u00a0? A lire les d\u00e9clarations de Benyamin Netanyahu et ses appuis, n\u2019est-il pas urgent de redoubler de prudence, d\u2019anticiper et de <a target=\"_blank\" href=\"https:\/\/qudsnen.co\/netanyahu-announces-intention-to-violate-ceasefire-deal-blocks-return-of-displaced-gazans-to-the-north\/\" class=\"spip_out\" rel=\"external\">consid\u00e9rer s\u2019il n\u2019est pas d\u2019autres formes d\u2019actions<\/a>\u00a0?). Ne faut-il pas envisager de changer de braquet\u00a0? \u2019\u2019On fait ce qu\u2019on peut\u2019\u2019, me dira-t-on. Mais, la question n\u2019est-elle pas plut\u00f4t\u00a0: vu la gravit\u00e9 des faits, le fait-on bien\u00a0? Les formes sont-elles encore les bonnes\u00a0? Le nombre de victimes n\u2019est-il pas assez lourd que pour comprendre qu\u2019en fait nos responsables politico-m\u00e9diatiques s\u2019en fichent et s\u2019en tiennent \u00e0 suivre les directives \u00e9tasuniennes\u00a0? Qu\u2019attendons-nous pour examiner d\u2019autres formes de r\u00e9sistance et de lutte contre les tenants d\u2019une h\u00e9g\u00e9monie aussi sourde que criminelle\u00a0? Les initiatives citoyennes des Palestiniens ne nous donnent-elles pas l\u2019exemple\u00a0? Ne nous \u00e9clairent-elles pas assez sur toutes les mani\u00e8res dont nous pouvons r\u00e9sister au rouleau compresseur de la propagande adverse\u00a0?<\/p>\n<p>Soyons modestes et r\u00e9alistes\u00a0:\u00a0la seule r\u00e9elle \u2018victoire\u2019 dont il soit question et qui puisse s\u2019entendre est bien celle de la r\u00e9sistance hors norme des factions gazaouies et de la population de Gaza qui sont rest\u00e9es debout, dignes et solidaires, encaissant toutes les veuleries et les crimes odieux de tous ceux qui se sont lanc\u00e9s \u00e0 l\u2019assaut de l\u2019enclave, de pr\u00e8s et de loin, en d\u2019autres termes, l\u00e0-bas et ici. Depuis bient\u00f4t 18 ans, rien ne les a fait plier. Ni les menaces, ni la douleur, ni le chagrin, ni les assauts r\u00e9p\u00e9t\u00e9s, ni les meurtres massifs, enfants compris, ni les tortures, ni les mutil\u00e9s \u00e0 vie, ni les bombardements incessants de jour comme de nuit, ni les pires privations de moyens de subsistance \u00e9l\u00e9mentaires comme les soins, le pain et jusqu\u2019\u00e0 l\u2019eau. S\u2019il est donc une \u2018victoire\u2019 c\u2019est celle de la dignit\u00e9 des uns contre l\u2019absolue barbarie des autres, dont celle de nos gouvernements.<\/p>\n<p>Le r\u00e9gime terroriste isra\u00e9lien a \u00e9chou\u00e9 \u00e0 \u00e9radiquer le Hamas, comme il l\u2019a r\u00e9p\u00e9t\u00e9 en boucle, et l\u2019image de cet abject r\u00e9gime colonial et de ses dirigeants racistes est d\u00e9sormais vomie largement \u00e0 travers le monde entier, mais cela ne l\u2019emp\u00eache pas de violer comme \u00e0 son habitude tout accord, y compris le dernier cessez-le-feu, <a target=\"_blank\" href=\"https:\/\/french.palinfo.com\/actualites\/2025\/01\/26\/322863\" class=\"spip_out\" rel=\"external\">sachant les appuis sur lesquels compter<\/a>. Et sans que personne n\u2019y mette un terme, poursuivant aussi dor\u00e9navant ses lourdes interventions arm\u00e9es en Cisjordanie, soutenu par le feu-vert de l\u2019administration Trump en plus de la complicit\u00e9 sordide de l\u2019Autorit\u00e9 palestinienne et son tra\u00eetre pr\u00e9sident zombie Mahmud Abbas.<\/p>\n<p>Dans nos pays nantis, \u00e0 de rares exceptions, le citoyen lambda ignore totalement ce que vivre en pays occup\u00e9 repr\u00e9sente. Il n\u2019en a qu\u2019une vague id\u00e9e. Les \u00e9v\u00e8nements dramatiques qu\u2019endure la population continuellement agress\u00e9e dans son quotidien lui \u00e9chappent compl\u00e8tement. Ainsi, il semble ignorer qu\u2019en Palestine c\u2019est une guerre coloniale qui s\u2019y d\u00e9roule depuis pr\u00e8s de 78 ans, avec l\u2019objectif d\u2019en \u00e9radiquer le peuple comme ce fut le cas pour les Am\u00e9rindiens, et non un \u00ab\u00a0conflit\u00a0\u00bb pour le partage d\u2019une terre, comme nombre de m\u00e9dias et d\u2019intervenants en parlent quand ils abordent le sujet. D\u2019autant que la propagande sioniste a recycl\u00e9 le r\u00e9cit et lui rab\u00e2che les oreilles, expliquant qu\u2019il s\u2019agit de r\u00e9cup\u00e9rer une \u2018terre promise\u2019&#8230; par Dieu\u00a0! Et sans parler de l\u2019indiff\u00e9rence de ceux qui ne veulent pas savoir et se replient sur leur petit confort. Mais si par hasard, ce citoyen a entendu parler de \u00ab\u00a0conflit\u00a0\u00bb, de \u00ab\u00a0tensions\u00a0\u00bb voire d\u2019\u00ab\u00a0affrontements\u00a0\u00bb qui opposent la r\u00e9sistance palestinienne \u00e0 l\u2019occupant isra\u00e9lien, il ne peut comprendre ce que cela signifie au jour le jour, tout simplement parce qu\u2019il n\u2019a pas grandi dans une telle r\u00e9alit\u00e9. Il a eu la chance de na\u00eetre dans un pays pacifi\u00e9&#8230; bien souvent sur le dos d\u2019autres pays dont les populations y ont laiss\u00e9 leurs vies. Mais cela aussi, il l\u2019ignore, maintenu dans les r\u00e9cits fallacieux de nos gouvernements et leurs nervis qui n\u2019ont de cesse de vanter les \u2018bienfaits\u2019 de la colonisation.<\/p>\n<p>Les m\u00e9dias dominants occidentaux font leur travail de d\u00e9sinformation prenant soin de pr\u00e9senter les Palestiniens comme des sauvages qui ne veulent rien entendre, et les Isra\u00e9liens comme ayant \u00ab\u00a0droit de se d\u00e9fendre\u00a0\u00bb face \u00e0 ces \u2018terroristes\u2019, alors qu\u2019ils en sont les agresseurs et assassins. L\u2019inversion accusatoire dans toute sa splendeur est la signature m\u00eame du r\u00e9gime terroriste isra\u00e9lien. C\u2019est la marque de fabrique du sionisme. Il n\u2019est qu\u2019\u00e0 \u00e9couter ceux qui d\u00e9filent sur les plateaux et nous racontent leur habituelle salade. Et h\u00e9las, les m\u00e9dias alternatifs ne sont pas encore suffisamment suivis ni entendus que pour corriger les malversations et la propagande de ces m\u00e9dias toxiques qui s\u2019acharnent \u00e0 \u00e9touffer les voix de la v\u00e9rit\u00e9. Ainsi malgr\u00e9 leur lot de victimes innombrables, les Palestiniens sont-ils ramen\u00e9s \u00e0 de simples statistiques, anonymes, ayant permis de maintenir la qualification de ces faits criminels sionistes comme appartenant \u00e0 un \u00ab\u00a0conflit de basse intensit\u00e9\u00a0\u00bb, pour reprendre la terminologie onusienne. Cela parle bien d\u2019un vague \u00ab\u00a0conflit\u00a0\u00bb mais, sauf exception, cela ne dit rien <a target=\"_blank\" href=\"https:\/\/admin.canalblog.com\/1293809\/write\/34459591\" class=\"spip_out\" rel=\"external\">ou si peu de ses victimes<\/a>.<\/p>\n<p>D\u00e8s lors, et pour commencer, la multitude d\u2019associations soutenant la cause palestinienne de par le monde ne devraient-elles pas s\u2019unir pour exiger que soit revu l\u2019amalgame complice ayant d\u00e9cr\u00e9t\u00e9 que l\u2019antisionisme est une forme renouvel\u00e9e de l\u2019antis\u00e9mitisme, au risque de poursuites p\u00e9nales\u00a0? Faire \u0153uvre de clart\u00e9 concernant cette imposture s\u00e9mantique devrait \u00eatre la premi\u00e8re \u00e9tape dans une reprise en mains des militants doubl\u00e9s de juristes pour la cause juste de la d\u00e9colonisation de la Palestine. Et permettre alors les \u00e9tapes suivantes \u00e0 savoir\u00a0:\u00a0\u00e9tablir une nette distinction entre juda\u00efsme et sionisme, et donc entre antis\u00e9mitisme et antisionisme. Ce qui autoriserait ensuite l\u2019\u00e9tablissement de r\u00e8gles claires au niveau du Droit et des relations internationales entre Etats qui auront \u00e0 se positionner pour savoir s\u2019ils soutiennent un r\u00e9gime sioniste raciste ou non. Et agir en cons\u00e9quences. Le flou qui s\u2019est immisc\u00e9 dans cette question est voulu et entretenu, et nous ne pouvons l\u2019ignorer. Il faut non seulement le combattre, mais au vu du g\u00e9nocide qu\u2019il permet, nous devons en exiger la cessation et une clarification imm\u00e9diate. Il faut sans rel\u00e2che revenir aux fondamentaux et syst\u00e9matiquement rappeler que c\u2019est bien \u2018Isra\u00ebl\u2019 l\u2019occupant et la Palestine l\u2019occup\u00e9e. C\u2019est donc cette derni\u00e8re qui selon la R\u00e9solution 2621 XXV, du 12.10.1970 des Nations-Unies affirmant \u00ab\u00a0le droit inh\u00e9rent des peuples coloniaux de lutter par tous les moyens n\u00e9cessaires contre les puissances coloniales qui r\u00e9priment leur aspiration \u00e0 la libert\u00e9 et \u00e0 l\u2019ind\u00e9pendance\u00a0\u00bb, a tous les droits de se d\u00e9fendre \u2019\u2019par tous les moyens n\u00e9cessaires\u2019\u2019, et non l\u2019inverse.<\/p>\n<p>A ceux qui soutiennent les r\u00e9sistants palestiniens, Ahed Tamimi a eu ces mots clairs et sans ambigu\u00eft\u00e9\u00a0:\u00a0\u00ab\u00a0Nous ne sommes pas des victimes, mais des combattants pour la libert\u00e9. Notre lutte est politique, elle n\u2019est pas religieuse.\u00a0\u00bb<\/p>\n<p>Elle avait 17 ans, au moment de ces mots&#8230; Bel exemple de ce qu\u2019avoir une \u2018culture politique\u2019 signifie. Et qui devrait nous encourager \u00e0 passer \u00e0 la vitesse sup\u00e9rieure, \u00e0 savoir\u00a0:\u00a0de l\u2019\u00e9tape des manifestations mondiales actuelles, \u00e0 celle d\u2019un large et puissant mouvement international organis\u00e9 de d\u00e9sob\u00e9issance civile, jusqu\u2019\u00e0 ce que nos responsables politiques comprennent notre d\u00e9termination solidaire avec les Palestiniens. Il y a quantit\u00e9 de pistes \u00e0 explorer et de choses \u00e0 faire\u00a0: bloquer les axes et les ports d\u2019o\u00f9 partent les armes pour le r\u00e9gime g\u00e9nocidaire isra\u00e9lien, organiser des gr\u00e8ves \u00e0 plusieurs nivaux, exiger que le personnel diplomatique de ce r\u00e9gime terroriste soit expuls\u00e9, cesser toute collaboration \u00e0 tous niveaux avec ce r\u00e9gime colonial, tant sur le plan \u00e9conomique que culturel et autre..<\/p>\n<p><i>Indignez-vous\u00a0\u00bb<\/i>, nous exhortait St\u00e9phane Hessel&#8230; \u00ab\u00a0Levez-vous\u00a0!\u00a0\u00bb, nous exhortent les r\u00e9sistants palestiniens.<\/p>\n<p><strong>Daniel Vanhove &#8211;<\/strong><br class=\"autobr\"\/><br \/>\n08.04.25<\/p>\n<\/div>\n<p><script async defer>(function(d, s, id) {\nvar js, fjs = d.getElementsByTagName(s)[0];\nif (d.getElementById(id)) return;\njs = d.createElement(s); js.id = id;\njs.src=\"https:\/\/connect.facebook.net\/fr_FR\/sdk.js#xfbml=1&version=v3.0\";\nfjs.parentNode.insertBefore(js, fjs);\n}(document, 'script', 'facebook-jssdk'));<\/script><br \/>\n<br \/><br \/>\n<br \/><a href=\"https:\/\/www.legrandsoir.info\/reflexion-autocritique-aux-militants-de-la-cause-palestinienne.html\" target=\"_blank\"\">Source link <\/a><\/p>\n","protected":false},"excerpt":{"rendered":"<p>Apr\u00e8s l\u2019accord de cessez-le-feu arrach\u00e9 mi-janvier par l\u2019in\u00e9branlable r\u00e9sistance de Gaza \u00e0 ses bourreaux am\u00e9ricano-isra\u00e9liens, ont fleuri un peu partout des titres c\u00e9l\u00e9brant la \u2018victoire\u2019 de la r\u00e9sistance contre l\u2019agresseur&hellip; <\/p>\n","protected":false},"author":1,"featured_media":6171,"comment_status":"open","ping_status":"open","sticky":false,"template":"","format":"standard","meta":{"footnotes":""},"categories":[1],"tags":[],"class_list":["post-6170","post","type-post","status-publish","format-standard","has-post-thumbnail","hentry","category-non-classe"],"_links":{"self":[{"href":"https:\/\/monde25.info\/index.php\/wp-json\/wp\/v2\/posts\/6170","targetHints":{"allow":["GET"]}}],"collection":[{"href":"https:\/\/monde25.info\/index.php\/wp-json\/wp\/v2\/posts"}],"about":[{"href":"https:\/\/monde25.info\/index.php\/wp-json\/wp\/v2\/types\/post"}],"author":[{"embeddable":true,"href":"https:\/\/monde25.info\/index.php\/wp-json\/wp\/v2\/users\/1"}],"replies":[{"embeddable":true,"href":"https:\/\/monde25.info\/index.php\/wp-json\/wp\/v2\/comments?post=6170"}],"version-history":[{"count":0,"href":"https:\/\/monde25.info\/index.php\/wp-json\/wp\/v2\/posts\/6170\/revisions"}],"wp:featuredmedia":[{"embeddable":true,"href":"https:\/\/monde25.info\/index.php\/wp-json\/wp\/v2\/media\/6171"}],"wp:attachment":[{"href":"https:\/\/monde25.info\/index.php\/wp-json\/wp\/v2\/media?parent=6170"}],"wp:term":[{"taxonomy":"category","embeddable":true,"href":"https:\/\/monde25.info\/index.php\/wp-json\/wp\/v2\/categories?post=6170"},{"taxonomy":"post_tag","embeddable":true,"href":"https:\/\/monde25.info\/index.php\/wp-json\/wp\/v2\/tags?post=6170"}],"curies":[{"name":"wp","href":"https:\/\/api.w.org\/{rel}","templated":true}]}}