{"id":6184,"date":"2025-04-11T23:58:35","date_gmt":"2025-04-11T21:58:35","guid":{"rendered":"https:\/\/monde25.info\/index.php\/2025\/04\/11\/pourquoi-la-guerre-commerciale-va-tout-changer-les-moutons-enrages\/"},"modified":"2025-04-11T23:58:35","modified_gmt":"2025-04-11T21:58:35","slug":"pourquoi-la-guerre-commerciale-va-tout-changer-les-moutons-enrages","status":"publish","type":"post","link":"https:\/\/monde25.info\/index.php\/2025\/04\/11\/pourquoi-la-guerre-commerciale-va-tout-changer-les-moutons-enrages\/","title":{"rendered":"pourquoi la guerre commerciale va tout changer ! \u2013 Les moutons enrag\u00e9s"},"content":{"rendered":"<p> <br \/>\n<\/p>\n<div>\n<p>Source <a target=\"_blank\" href=\"https:\/\/insolentiae.com\/votre-epargne-en-danger-pourquoi-la-guerre-commerciale-va-tout-changer\/\" data-type=\"link\" data-id=\"https:\/\/insolentiae.com\/votre-epargne-en-danger-pourquoi-la-guerre-commerciale-va-tout-changer\/\">INSOLENTIAE<\/a><\/p>\n<div class=\"wp-block-image\">\n<figure class=\"aligncenter size-large is-resized\"><img fetchpriority=\"high\" decoding=\"async\" width=\"469\" height=\"330\" src=\"https:\/\/lesmoutonsenrages.fr\/wp-content\/uploads\/2025\/04\/image-32-469x330.png\" alt=\"\" class=\"wp-image-166239\" style=\"width:380px;height:auto\" srcset=\"https:\/\/lesmoutonsenrages.fr\/wp-content\/uploads\/2025\/04\/image-32-469x330.png 469w, https:\/\/lesmoutonsenrages.fr\/wp-content\/uploads\/2025\/04\/image-32-250x176.png 250w, https:\/\/lesmoutonsenrages.fr\/wp-content\/uploads\/2025\/04\/image-32-150x106.png 150w, https:\/\/lesmoutonsenrages.fr\/wp-content\/uploads\/2025\/04\/image-32.png 722w\" sizes=\"(max-width: 469px) 100vw, 469px\"\/><\/figure>\n<\/div>\n<p>J\u2019appelle \u00e0 la barre le ministre de l\u2019\u00e9conomie, Monsieur Eric Lombard. Il y a quelques jours il a \u00e9voqu\u00e9 la guerre commerciale possible alors que l\u2019on attendait l\u2019annonce des droits de douane de Trump. \u201cDans ces cas-l\u00e0, probablement les recettes baisseraient, puis le PIB baisserait par rapport \u00e0 ce qui est pr\u00e9vu, ce qui d\u00e9graderait (\u2026) le taux de d\u00e9ficit. <strong>Et je pense que dans ces cas-l\u00e0, pour prot\u00e9ger les Fran\u00e7aises et les Fran\u00e7ais, il faudrait l\u2019accepter\u201d <\/strong>(<a target=\"_blank\" href=\"https:\/\/www.boursorama.com\/actualite-economique\/actualites\/la-france-devra-accepter-de-laisser-filer-son-deficit-public-en-cas-de-guerre-commerciale-juge-eric-lombard-b09c5d4db63d7d2b8e361f6d6e42d016\" target=\"_blank\" rel=\"noreferrer noopener\">source ici<\/a>).<\/p>\n<p><span id=\"more-166238\"\/><\/p>\n<p>La guerre commerciale devient une \u00e9vidence pour tout le monde. C\u2019\u00e9tait une \u00e9vidence pr\u00e9visible puisque Trump veut changer les r\u00e8gles du jeu en pleine partie et mettre fin \u00e0 la mondialisation qui d\u00e9sindustrialise et appauvrit l\u2019Am\u00e9rique.<\/p>\n<p>Trop de d\u00e9ficit = toujours plus de dettes. Evident n\u2019est ce pas.<\/p>\n<p>Trop de dettes = toujours plus d\u2019int\u00e9r\u00eats \u00e0 payer. Evident l\u00e0 aussi n\u2019est-ce pas.<\/p>\n<p>Alors la dette c\u2019est plus de 3 400 milliards d\u2019euros pour notre pays, enfin sans la dette \u201chors bilan\u201d. Sinon c\u2019est presque le double.<\/p>\n<p>Alors les int\u00e9r\u00eats de la dette portent sur cette somme qui ne cesse de grossir. Evident.<\/p>\n<p>Ces int\u00e9r\u00eats ce sera d\u2019ici deux ans presque 80 milliards d\u2019euros pas an\u2026 une somme pas \u00e9vidente \u00e0 trouver !<\/p>\n<p>R\u00e9duire les d\u00e9penses ? Pas \u00e9vident.<\/p>\n<p>Augmenter les recettes quand nous sommes le pays le plus tax\u00e9 ? Pas \u00e9vident.<\/p>\n<p>Alors, il reste une \u00e9vidence.<\/p>\n<p>Une \u00e9vidence \u00e9vidente\u2026 vos r\u00e9serves, votre \u00e9pargne, votre argent.<\/p>\n<p>Convoquons maintenant un autre t\u00e9moin c\u00e9l\u00e8bre \u00e9galement.<\/p>\n<p><strong>Garantir le flux de salaire plut\u00f4t que le stock d\u2019\u00e9pargne !<\/strong><\/p>\n<p>D\u2019ailleurs, dans ces \u00e9vidences que je vous \u00e9nonce ici, je ne fais qu\u2019enfoncer des portes ouvertes notamment par Christine Lagarde actuelle pr\u00e9sidente de la BCE qui disait il y a 5 ans, juste avant sa prise de fonction que vous alliez pr\u00e9f\u00e9rer avoir un emploi plut\u00f4t qu\u2019une garantie pour votre \u00e9pargne. C\u2019est une \u00e9vidence.<\/p>\n<p>En clair Christine Lagarde vous disait d\u00e9j\u00e0 il y a 5 ans que pour maintenir la stabilit\u00e9 politique d\u2019un pays, mieux vaut \u201cgarantir\u201d les flux de salaires que les stocks d\u2019\u00e9pargne. Prenez 10 secondes pour l\u2019\u00e9couter \u00e9noncer sur un ton \u00e9vident ce qui lui semble une \u00e9vidence, \u00e0 elle et \u00e0 tous nos autres dirigeants.<\/p>\n<p><iframe loading=\"lazy\" title=\"Christine Lagarde \u00e9tait l&#039;invit\u00e9e de RTL\" width=\"1110\" height=\"624\" src=\"https:\/\/www.youtube.com\/embed\/vbqzaUeGvmk?feature=oembed\" frameborder=\"0\" allow=\"accelerometer; autoplay; clipboard-write; encrypted-media; gyroscope; picture-in-picture; web-share\" referrerpolicy=\"strict-origin-when-cross-origin\" allowfullscreen><\/iframe><\/p>\n<p>Si vous ne comprenez pas cette \u00e9vidence politique alors, vous ne comprendrez rien \u00e0 ce qui va arriver par la suite et vous ne pourrez pas l\u2019anticiper.<\/p>\n<p><em>\u201cDeuxi\u00e8mement chaque personne est \u00e0 la fois un salari\u00e9, un \u00e9pargnant, un emprunteur, et les impacts des taux d\u2019int\u00e9r\u00eat vont affecter chacune de leur dimension. On sera plus content d\u2019avoir un emploi plut\u00f4t que d\u2019avoir une \u00e9pargne prot\u00e9g\u00e9e. Je pense que c\u2019est dans cet esprit-l\u00e0 que les politiques mon\u00e9taires ont \u00e9t\u00e9 men\u00e9es et c\u2019est assez salutaire\u201c<\/em>.<\/p>\n<p>Et oui, c\u2019est une \u00e9vidence.<\/p>\n<p>Ce qui sera salutaire pour les flux de salaires, sera d\u00e9l\u00e9t\u00e8re pour les stocks d\u2019\u00e9pargne.<\/p>\n<p>C\u2019est en raison de ces \u00e9vidences et de l\u2019in\u00e9luctabilit\u00e9 de la \u201cmobilisation\u201d de votre \u00e9pargne que j\u2019ai \u00e9crit le dossier Strat\u00e9gie intitul\u00e9 <strong><a target=\"_blank\" href=\"https:\/\/insolentiae.com\/produit\/abonnement-acces-a-la-lettre-strategie-et-aux-dossiers-speciaux-de-charles-sannat\/?doing_wp_cron=1715699197.4551460742950439453125\" target=\"_blank\" rel=\"noreferrer noopener\">\u201cR\u00e9quisition de l\u2019\u00e9pargne comment se pr\u00e9parer au sc\u00e9nario choc\u201d<\/a><\/strong> qui est disponible dans vos <a target=\"_blank\" href=\"https:\/\/insolentiae.com\/espace-lecteur\/?doing_wp_cron=1743452083.3479299545288085937500\" target=\"_blank\" rel=\"noreferrer noopener\">espace lecteurs ici<\/a>.<strong> Pour ceux qui ne seraient pas abonn\u00e9, rien n\u2019est encore jou\u00e9. Vous pouvez encore vous prot\u00e9ger et surtout prot\u00e9ger votre \u201cstock d\u2019\u00e9pargne\u201d de la rapine in\u00e9vitable. <\/strong><strong><a target=\"_blank\" href=\"https:\/\/insolentiae.com\/produit\/abonnement-acces-a-la-lettre-strategie-et-aux-dossiers-speciaux-de-charles-sannat\/?doing_wp_cron=1715699197.4551460742950439453125\" target=\"_blank\" rel=\"noreferrer noopener\">Pour vous abonner tous les renseignements sont l\u00e0 !<\/a><\/strong><\/p>\n<p>Il est d\u00e9j\u00e0 trop tard, mais tout n\u2019est pas perdu.<\/p>\n<p>Pr\u00e9parez-vous !<\/p>\n<p>Charles SANNAT<\/p>\n<p>Tous les articles, la tribune libre et commentaires sont sous la responsabilit\u00e9 de leurs auteurs. Les Moutons Enrag\u00e9s ne sauraient \u00eatre tenus responsables de leur contenu ou orientation.<\/p>\n<\/p><\/div>\n<p><br \/>\n<br \/><a href=\"https:\/\/lesmoutonsenrages.fr\/2025\/04\/11\/votre-epargne-en-danger-pourquoi-la-guerre-commerciale-va-tout-changer\/\" target=\"_blank\"\">Source link <\/a><\/p>\n","protected":false},"excerpt":{"rendered":"<p>Source INSOLENTIAE J\u2019appelle \u00e0 la barre le ministre de l\u2019\u00e9conomie, Monsieur Eric Lombard. Il y a quelques jours il a \u00e9voqu\u00e9 la guerre commerciale possible alors que l\u2019on attendait l\u2019annonce&hellip; <\/p>\n","protected":false},"author":1,"featured_media":6185,"comment_status":"open","ping_status":"open","sticky":false,"template":"","format":"standard","meta":{"footnotes":""},"categories":[1],"tags":[],"class_list":["post-6184","post","type-post","status-publish","format-standard","has-post-thumbnail","hentry","category-non-classe"],"_links":{"self":[{"href":"https:\/\/monde25.info\/index.php\/wp-json\/wp\/v2\/posts\/6184","targetHints":{"allow":["GET"]}}],"collection":[{"href":"https:\/\/monde25.info\/index.php\/wp-json\/wp\/v2\/posts"}],"about":[{"href":"https:\/\/monde25.info\/index.php\/wp-json\/wp\/v2\/types\/post"}],"author":[{"embeddable":true,"href":"https:\/\/monde25.info\/index.php\/wp-json\/wp\/v2\/users\/1"}],"replies":[{"embeddable":true,"href":"https:\/\/monde25.info\/index.php\/wp-json\/wp\/v2\/comments?post=6184"}],"version-history":[{"count":0,"href":"https:\/\/monde25.info\/index.php\/wp-json\/wp\/v2\/posts\/6184\/revisions"}],"wp:featuredmedia":[{"embeddable":true,"href":"https:\/\/monde25.info\/index.php\/wp-json\/wp\/v2\/media\/6185"}],"wp:attachment":[{"href":"https:\/\/monde25.info\/index.php\/wp-json\/wp\/v2\/media?parent=6184"}],"wp:term":[{"taxonomy":"category","embeddable":true,"href":"https:\/\/monde25.info\/index.php\/wp-json\/wp\/v2\/categories?post=6184"},{"taxonomy":"post_tag","embeddable":true,"href":"https:\/\/monde25.info\/index.php\/wp-json\/wp\/v2\/tags?post=6184"}],"curies":[{"name":"wp","href":"https:\/\/api.w.org\/{rel}","templated":true}]}}