{"id":627,"date":"2024-11-21T22:02:27","date_gmt":"2024-11-21T21:02:27","guid":{"rendered":"https:\/\/monde25.info\/index.php\/2024\/11\/21\/rappel-macron-et-lamericanisation-de-la-france-les-moutons-enrages\/"},"modified":"2024-11-21T22:02:27","modified_gmt":"2024-11-21T21:02:27","slug":"rappel-macron-et-lamericanisation-de-la-france-les-moutons-enrages","status":"publish","type":"post","link":"https:\/\/monde25.info\/index.php\/2024\/11\/21\/rappel-macron-et-lamericanisation-de-la-france-les-moutons-enrages\/","title":{"rendered":"[Rappel] Macron et l\u2019am\u00e9ricanisation de la France \u2013 Les moutons enrag\u00e9s"},"content":{"rendered":"<p> <br \/>\n<\/p>\n<div>\n<p>Un article des gilets jaunes de la victoire de 2023. Pour ne pas oublier.  Merci \u00e0 Ratpack18<\/p>\n<p>Par <strong>Les Gilets Jaunes de la Victoire<\/strong> via <a target=\"_blank\" href=\"https:\/\/nouveau-monde.ca\/macron-et-lamericanisation-de-la-france\/\" data-type=\"link\" data-id=\"https:\/\/nouveau-monde.ca\/macron-et-lamericanisation-de-la-france\/\">Nouveau-Monde.ca<\/a><\/p>\n<div class=\"wp-block-image\">\n<figure class=\"aligncenter size-large is-resized\"><img fetchpriority=\"high\" decoding=\"async\" width=\"495\" height=\"330\" src=\"https:\/\/lesmoutonsenrages.fr\/wp-content\/uploads\/2024\/11\/image-86-495x330.png\" alt=\"\" class=\"wp-image-164015\" style=\"width:388px;height:auto\" srcset=\"https:\/\/lesmoutonsenrages.fr\/wp-content\/uploads\/2024\/11\/image-86-495x330.png 495w, https:\/\/lesmoutonsenrages.fr\/wp-content\/uploads\/2024\/11\/image-86-250x167.png 250w, https:\/\/lesmoutonsenrages.fr\/wp-content\/uploads\/2024\/11\/image-86-768x512.png 768w, https:\/\/lesmoutonsenrages.fr\/wp-content\/uploads\/2024\/11\/image-86-150x100.png 150w, https:\/\/lesmoutonsenrages.fr\/wp-content\/uploads\/2024\/11\/image-86.png 1280w\" sizes=\"(max-width: 495px) 100vw, 495px\"\/><\/figure>\n<\/div>\n<p>Banquier d\u2019affaires chez Rothschild<sup><a target=\"_blank\" href=\"https:\/\/nouveau-monde.ca\/macron-et-lamericanisation-de-la-france\/#footnote_0_52133\">1<\/a><\/sup>, Young Leader du Forum \u00c9conomique Mondial (Forum de Davos)<sup><a target=\"_blank\" href=\"https:\/\/nouveau-monde.ca\/macron-et-lamericanisation-de-la-france\/#footnote_1_52133\">2<\/a><\/sup>, Macron suit le plan des mondialistes, pour cela depuis son \u00e9lection en 2017 il n\u2019a de cesse de saper tous les fondements de notre nation. La liste de ses m\u00e9faits serait fastidieuse, elle se r\u00e9sume en une formule \u00ab\u00a0Tout pour la finance, rien pour le peuple qui pour \u00eatre rentable doit \u00eatre exploit\u00e9.\u00a0\u00bb. Pour ce faire il am\u00e8ne la France vers une gestion du pays \u00e0 l\u2019am\u00e9ricaine o\u00f9 le capital a pris la main sur tous les rouages de l\u2019\u00e9conomie. Regardez vers quoi il veut vous entra\u00eener.<\/p>\n<h3 class=\"wp-block-heading\">La protection sociale aux \u00c9tats-Unis<\/h3>\n<p><span id=\"more-164014\"\/><\/p>\n<p>(Extrait d\u2019un article d\u2019Europusa<sup><a target=\"_blank\" href=\"https:\/\/nouveau-monde.ca\/macron-et-lamericanisation-de-la-france\/#footnote_2_52133\">3<\/a><\/sup> )<\/p>\n<p>Les prestations sociales sont limit\u00e9es au minimum aux \u00c9tats-Unis. Les charges sociales restent faibles par rapport \u00e0 l\u2019Europe. Cela repr\u00e9sente un avantage important pour les employeurs et la flexibilit\u00e9 du march\u00e9 du travail. Cependant, le bien-\u00eatre des citoyens et leur protection sociale sont mis \u00e0 l\u2019\u00e9preuve.<\/p>\n<h3 class=\"wp-block-heading\">Quelles diff\u00e9rences du syst\u00e8me de sant\u00e9 aux USA avec l\u2019Europe\u00a0?<\/h3>\n<p>La protection sociale aux \u00c9tats-Unis est tr\u00e8s diff\u00e9rente de l\u2019Europe. Les charges sociales sont tr\u00e8s faibles, mais cela pr\u00e9sente des inconv\u00e9nients pour la protection sociale des citoyens en mati\u00e8re de couverture m\u00e9dicale, ch\u00f4mage, retraite, soins de longue dur\u00e9e et soins palliatifs. Les Am\u00e9ricains doivent souvent payer pour des soins de sant\u00e9 et des retraites priv\u00e9s. En effet, les programmes publics sont tr\u00e8s limit\u00e9s.<\/p>\n<h3 class=\"wp-block-heading\">Comment fonctionne l\u2019assurance sant\u00e9 aux \u00c9tats-Unis\u00a0?<\/h3>\n<p>Avant 65\u00a0ans, les Am\u00e9ricains sont assur\u00e9s par des assurances priv\u00e9es. G\u00e9n\u00e9ralement, les prestations de sant\u00e9 et de retraite aux \u00c9tats-Unis sont principalement financ\u00e9es par les employeurs et les travailleurs, plut\u00f4t que par l\u2019\u00c9tat. Les employeurs de plus de 50 employ\u00e9s sont tenus de fournir une assurance sant\u00e9 pour leurs employ\u00e9s. Cependant, ils peuvent choisir de ne pas le faire. Les travailleurs doivent contribuer \u00e0 leur assurance sant\u00e9 et \u00e0 leur retraite via des pr\u00e9l\u00e8vements sur leur salaire. Cela signifie que les personnes qui ne travaillent pas ou qui travaillent pour des employeurs qui ne fournissent pas d\u2019assurance sant\u00e9 sont souvent sans couverture.<\/p>\n<h3 class=\"wp-block-heading\">Est-ce qu\u2019il existe un syst\u00e8me de s\u00e9curit\u00e9 sociale aux USA\u00a0?<\/h3>\n<p>\u00c0 partir de 65\u00a0ans, les Am\u00e9ricains b\u00e9n\u00e9ficient d\u2019un syst\u00e8me de s\u00e9curit\u00e9 sociale tel que nous le connaissons en France. Il s\u2019agit de Medicare. Cependant, Medicare ne couvre pas tous les frais de sant\u00e9 et les individus doivent toutefois souscrire une assurance compl\u00e9mentaire pour couvrir les co\u00fbts restants.<\/p>\n<h3 class=\"wp-block-heading\">Comment fonctionne le ch\u00f4mage aux \u00c9tats-Unis\u00a0?<\/h3>\n<p>On peut pratiquement dire que le ch\u00f4mage n\u2019existe pas dans ce pays. Si vous \u00eates licenci\u00e9, vous toucherez des allocations ch\u00f4mage repr\u00e9sentant 20\u00a0% \u00e0 40\u00a0% de votre salaire. La dur\u00e9e d\u2019indemnisation ne peut pas durer plus de 6\u00a0mois. De plus, ces allocations sont souvent insuffisantes pour couvrir les d\u00e9penses de la vie de tous les jours. Il est donc important de rapidement retrouver un autre travail. Les travailleurs qui perdent leur emploi peuvent \u00e9galement \u00eatre admissibles \u00e0 des programmes de formation professionnelle pour les aider \u00e0 se r\u00e9ins\u00e9rer dans le march\u00e9 du travail.<\/p>\n<h3 class=\"wp-block-heading\">Comment se porte le march\u00e9 du travail aux USA\u00a0?<\/h3>\n<p>Le march\u00e9 du travail est beaucoup plus flexible aux \u00c9tats-Unis. Les employeurs n\u2019h\u00e9sitent pas \u00e0 embaucher quelqu\u2019un pour \u00ab\u00a0essayer\u00a0\u00bb puisqu\u2019ils peuvent en toute l\u00e9galit\u00e9 le licencier du jour au lendemain, sans donner de motif. D\u2019un c\u00f4t\u00e9, cette flexibilit\u00e9 est un avantage pour les employeurs. D\u2019un autre, elle peut \u00eatre source d\u2019ins\u00e9curit\u00e9 importante pour les travailleurs. Mais pas de panique, nous avons quelques conseils pour vous aider \u00e0 trouver un emploi aux \u00c9tats-Unis.<\/p>\n<h3 class=\"wp-block-heading\">Comment se passe la retraite aux \u00c9tats-Unis\u00a0?<\/h3>\n<p>La retraite est fix\u00e9e \u00e0 65\u00a0ans aux \u00c9tats-Unis, mais beaucoup de personnes continuent d\u2019exercer une activit\u00e9 au-del\u00e0. L\u2019importance que repr\u00e9sente le travail dans la vie sociale fait qu\u2019il est difficile pour beaucoup d\u2019Am\u00e9ricains de s\u2019arr\u00eater si vite. Les prestations de retraite aux \u00c9tats-Unis ne sont pas garanties par le gouvernement comme cela peut \u00eatre le cas dans d\u2019autres pays. Les Am\u00e9ricains doivent g\u00e9n\u00e9ralement compter sur des programmes comme la S\u00e9curit\u00e9 Sociale et les plans de retraite priv\u00e9s pour lesquels ils peuvent avoir cotis\u00e9 pendant leur carri\u00e8re pour soutenir leur retraite.<\/p>\n<h3 class=\"wp-block-heading\">Comment toucher une retraite plus avantageuse aux USA\u00a0?<\/h3>\n<p>Le dynamisme de l\u2019\u00e9conomie de ces derni\u00e8res ann\u00e9es d\u2019un c\u00f4t\u00e9 et la courbe d\u00e9mographique en r\u00e9tr\u00e9cissement de l\u2019autre cr\u00e9e une tension sur les retraites \u00e0 payer. Les Am\u00e9ricains ont donc trouv\u00e9 une solution tr\u00e8s pragmatique, comme toujours\u00a0: si vous continuez \u00e0 travailler jusqu\u2019\u00e0 70\u00a0ans, vous toucherez tout simplement une retraite plus \u00e9lev\u00e9e\u00a0!<\/p>\n<h3 class=\"wp-block-heading\">Puis-je avoir une assurance sant\u00e9 aux \u00c9tats-Unis si j\u2019ai un petit salaire\u00a0?<\/h3>\n<p>Certaines personnes peuvent \u00eatre plus vuln\u00e9rables que d\u2019autres en termes de protection sociale aux \u00c9tats-Unis, comme les travailleurs \u00e0 bas salaires, les personnes \u00e2g\u00e9es et les personnes ayant des besoins m\u00e9dicaux sp\u00e9cifiques. Il existe cependant des programmes publics pour les personnes \u00e0 faible revenu, tels que Medicaid et l\u2019Obamacare. Ces programmes ont \u00e9t\u00e9 cr\u00e9\u00e9s pour aider les personnes qui ne peuvent pas se permettre une assurance priv\u00e9e. Ils ont am\u00e9lior\u00e9 l\u2019acc\u00e8s aux soins de sant\u00e9 pour certains. Toutefois, ils restent limit\u00e9s et sont souvent sujets \u00e0 des d\u00e9bats politiques. Aucun de ces fonds ne finance enti\u00e8rement le co\u00fbt des soins. Le programme pr\u00e9voit le paiement d\u2019une assurance, de frais d\u00e9ductibles ; mais l\u2019individu devra en payer une grande partie de sa poche (out-of-pockets costs). D\u2019autres programmes gouvernementaux, tels que Medicaid, aident au paiement de certains frais en association avec Medicare. Des programmes tels que Medigap permettent de combler la diff\u00e9rence : toutefois, bien que ces assurances soient l\u00e9galement fix\u00e9es par le CMS, elles sont vendues et administr\u00e9es par des entreprises priv\u00e9es.<\/p>\n<h3 class=\"wp-block-heading\">Conclusion<\/h3>\n<p><strong>Au cours de son histoire la R\u00e9publique malgr\u00e9 ses erreurs avait amen\u00e9 le pays a un niveau de vie somme toute correct<sup><a target=\"_blank\" href=\"https:\/\/nouveau-monde.ca\/macron-et-lamericanisation-de-la-france\/#footnote_3_52133\">4<\/a><\/sup>, Macron en financiarisant \u00e0 outrance la gestion du pays<sup><a target=\"_blank\" href=\"https:\/\/nouveau-monde.ca\/macron-et-lamericanisation-de-la-france\/#footnote_4_52133\">5<\/a><\/sup>, en suivant \u00e0 la lettre les directives de ses ma\u00eetres, en les introduisant au c\u0153ur de l\u2019\u00c9tat<sup><a target=\"_blank\" href=\"https:\/\/nouveau-monde.ca\/macron-et-lamericanisation-de-la-france\/#footnote_5_52133\">6<\/a><\/sup> fait \u00e9crouler en m\u00eame pas deux mandats l\u2019\u00c9tat fran\u00e7ais.<\/strong><\/p>\n<p><strong>Quel sort va-t-on lui r\u00e9server\u00a0?<\/strong><\/p>\n<p>Note:<\/p>\n<p>Tous les articles, la tribune libre et commentaires sont sous la responsabilit\u00e9 de leurs auteurs. Les Moutons Enrag\u00e9s ne sauraient \u00eatre tenus responsables de leur contenu ou orientation.<\/p>\n<\/p><\/div>\n<p><br \/>\n<br \/><a href=\"https:\/\/lesmoutonsenrages.fr\/2024\/11\/21\/rappel-macron-et-lamericanisation-de-la-france\/\" target=\"_blank\"\">Source link <\/a><\/p>\n","protected":false},"excerpt":{"rendered":"<p>Un article des gilets jaunes de la victoire de 2023. Pour ne pas oublier. Merci \u00e0 Ratpack18 Par Les Gilets Jaunes de la Victoire via Nouveau-Monde.ca Banquier d\u2019affaires chez Rothschild1,&hellip; <\/p>\n","protected":false},"author":1,"featured_media":628,"comment_status":"open","ping_status":"open","sticky":false,"template":"","format":"standard","meta":{"footnotes":""},"categories":[1],"tags":[],"class_list":["post-627","post","type-post","status-publish","format-standard","has-post-thumbnail","hentry","category-non-classe"],"_links":{"self":[{"href":"https:\/\/monde25.info\/index.php\/wp-json\/wp\/v2\/posts\/627","targetHints":{"allow":["GET"]}}],"collection":[{"href":"https:\/\/monde25.info\/index.php\/wp-json\/wp\/v2\/posts"}],"about":[{"href":"https:\/\/monde25.info\/index.php\/wp-json\/wp\/v2\/types\/post"}],"author":[{"embeddable":true,"href":"https:\/\/monde25.info\/index.php\/wp-json\/wp\/v2\/users\/1"}],"replies":[{"embeddable":true,"href":"https:\/\/monde25.info\/index.php\/wp-json\/wp\/v2\/comments?post=627"}],"version-history":[{"count":0,"href":"https:\/\/monde25.info\/index.php\/wp-json\/wp\/v2\/posts\/627\/revisions"}],"wp:featuredmedia":[{"embeddable":true,"href":"https:\/\/monde25.info\/index.php\/wp-json\/wp\/v2\/media\/628"}],"wp:attachment":[{"href":"https:\/\/monde25.info\/index.php\/wp-json\/wp\/v2\/media?parent=627"}],"wp:term":[{"taxonomy":"category","embeddable":true,"href":"https:\/\/monde25.info\/index.php\/wp-json\/wp\/v2\/categories?post=627"},{"taxonomy":"post_tag","embeddable":true,"href":"https:\/\/monde25.info\/index.php\/wp-json\/wp\/v2\/tags?post=627"}],"curies":[{"name":"wp","href":"https:\/\/api.w.org\/{rel}","templated":true}]}}