{"id":6348,"date":"2025-04-14T16:41:37","date_gmt":"2025-04-14T14:41:37","guid":{"rendered":"https:\/\/monde25.info\/index.php\/2025\/04\/14\/suicide-devaelle-le-parquet-fait-appel-de-la-relaxe-de-lenseignante\/"},"modified":"2025-04-14T16:41:37","modified_gmt":"2025-04-14T14:41:37","slug":"suicide-devaelle-le-parquet-fait-appel-de-la-relaxe-de-lenseignante","status":"publish","type":"post","link":"https:\/\/monde25.info\/index.php\/2025\/04\/14\/suicide-devaelle-le-parquet-fait-appel-de-la-relaxe-de-lenseignante\/","title":{"rendered":"Suicide d\u2019Eva\u00eblle: le parquet fait appel de la relaxe de l\u2019enseignante"},"content":{"rendered":"<p> <br \/>\n<br \/>La professeure de fran\u00e7ais a \u00e9t\u00e9 relax\u00e9e jeudi 10 avril des faits de harc\u00e8lement moral, notamment \u00e0 l\u2019\u00e9gard d\u2019Eva\u00eblle, 11 ans, qui avait mis fin \u00e0 ses jours en 2019. L\u2019annonce du parquet ouvre la voie \u00e0 un deuxi\u00e8me proc\u00e8s.<br \/>\n<br \/><br \/>\n<br \/><a href=\"https:\/\/www.mediapart.fr\/journal\/france\/140425\/suicide-d-evaelle-le-parquet-fait-appel-de-la-relaxe-de-l-enseignante\" target=\"_blank\"\">Source link <\/a><\/p>\n","protected":false},"excerpt":{"rendered":"<p>La professeure de fran\u00e7ais a \u00e9t\u00e9 relax\u00e9e jeudi 10 avril des faits de harc\u00e8lement moral, notamment \u00e0 l\u2019\u00e9gard d\u2019Eva\u00eblle, 11 ans, qui avait mis fin \u00e0 ses jours en 2019.&hellip; <\/p>\n","protected":false},"author":1,"featured_media":2409,"comment_status":"open","ping_status":"open","sticky":false,"template":"","format":"standard","meta":{"footnotes":""},"categories":[1],"tags":[],"class_list":["post-6348","post","type-post","status-publish","format-standard","has-post-thumbnail","hentry","category-non-classe"],"_links":{"self":[{"href":"https:\/\/monde25.info\/index.php\/wp-json\/wp\/v2\/posts\/6348","targetHints":{"allow":["GET"]}}],"collection":[{"href":"https:\/\/monde25.info\/index.php\/wp-json\/wp\/v2\/posts"}],"about":[{"href":"https:\/\/monde25.info\/index.php\/wp-json\/wp\/v2\/types\/post"}],"author":[{"embeddable":true,"href":"https:\/\/monde25.info\/index.php\/wp-json\/wp\/v2\/users\/1"}],"replies":[{"embeddable":true,"href":"https:\/\/monde25.info\/index.php\/wp-json\/wp\/v2\/comments?post=6348"}],"version-history":[{"count":0,"href":"https:\/\/monde25.info\/index.php\/wp-json\/wp\/v2\/posts\/6348\/revisions"}],"wp:featuredmedia":[{"embeddable":true,"href":"https:\/\/monde25.info\/index.php\/wp-json\/wp\/v2\/media\/2409"}],"wp:attachment":[{"href":"https:\/\/monde25.info\/index.php\/wp-json\/wp\/v2\/media?parent=6348"}],"wp:term":[{"taxonomy":"category","embeddable":true,"href":"https:\/\/monde25.info\/index.php\/wp-json\/wp\/v2\/categories?post=6348"},{"taxonomy":"post_tag","embeddable":true,"href":"https:\/\/monde25.info\/index.php\/wp-json\/wp\/v2\/tags?post=6348"}],"curies":[{"name":"wp","href":"https:\/\/api.w.org\/{rel}","templated":true}]}}