{"id":635,"date":"2024-11-22T00:50:38","date_gmt":"2024-11-21T23:50:38","guid":{"rendered":"https:\/\/monde25.info\/index.php\/2024\/11\/22\/face-a-la-disparition-des-poissons-des-pecheurs-deviennent-gardiens-de-la-mer\/"},"modified":"2024-11-22T00:50:38","modified_gmt":"2024-11-21T23:50:38","slug":"face-a-la-disparition-des-poissons-des-pecheurs-deviennent-gardiens-de-la-mer","status":"publish","type":"post","link":"https:\/\/monde25.info\/index.php\/2024\/11\/22\/face-a-la-disparition-des-poissons-des-pecheurs-deviennent-gardiens-de-la-mer\/","title":{"rendered":"Face \u00e0 la disparition des poissons, des p\u00eacheurs deviennent gardiens de la mer"},"content":{"rendered":"<p> <br \/>\n<\/p>\n<div>\n<p class=\"indication_lieu\">Wismar (Allemagne), reportage<\/p>\n<p>Martin Saager, 46 ans, est un p\u00eacheur press\u00e9. La journ\u00e9e type de ce solide gaillard d\u00e9marre \u00e0 l\u2019aube devant sa coop\u00e9rative de p\u00eache Wismarbucht, sur le quai du vieux port \u00e0 bois de Wismar, situ\u00e9 tout au nord de l\u2019Allemagne. C\u2019est aussi l\u00e0 que le \u00ab<small class=\"fine d-inline\">\u00a0<\/small>Seeadler<small class=\"fine d-inline\">\u00a0<\/small>\u00bb, pour \u00ab<small class=\"fine d-inline\">\u00a0<\/small>Aigle de la mer<small class=\"fine d-inline\">\u00a0<\/small>\u00bb, de Martin, un bateau de 8\u00a0m\u00e8tres \u00e9quip\u00e9 pour la p\u00eache c\u00f4ti\u00e8re, est amarr\u00e9. Apr\u00e8s une tasse de caf\u00e9 et un sandwich vite engloutis, le tour des zones de p\u00eache commence avec la pose ou la rel\u00e8ve de filets maillants \u2014\u00a0sorte de mur de filets pour attraper du poisson\u00a0\u2014, cal\u00e9s dans les profondeurs de la baie de L\u00fcbeck, \u00e0 l\u2019est de Wismar.<\/p>\n<div class=\"spip_document_86343 spip_document spip_documents spip_document_image spip_documents_center spip_document_center spip_document_avec_legende\" data-legende-len=\"190\" data-legende-lenx=\"xxx\">\n<figure class=\"spip_doc_inner\">\n      <picture><source type=\"image\/webp\" srcset=\"https:\/\/reporterre.net\/local\/cache-vignettes\/L1050xH700\/wismar_46-37b44.jpg@.webp?1732032091\"><img decoding=\"async\" src=\"https:\/\/reporterre.net\/IMG\/jpg\/wismar_46.jpg\" width=\"1500\" height=\"1000\" loading=\"lazy\" alt=\"\"\/><br \/>\n    <\/source><\/picture><figcaption class=\"spip_doc_legende\">\n<p>Le p\u00eacheur Martin Saager fait partie des premiers Sea Ranger d\u2019Allemagne, une formation qui doit lui permettre de varier ses activit\u00e9s et d\u2019am\u00e9liorer ses revenus.<br \/>\n<i>\u00a9 Silke Reents\/Reporterre<\/i><\/p>\n<\/figcaption><\/figure>\n<\/p><\/div>\n<p>Une routine qui ne ram\u00e8ne pas grand-chose au p\u00eacheur, la mer Baltique ayant \u00e9t\u00e9 quasiment vid\u00e9e de ses habitants aquatiques. <i>\u00ab<small class=\"fine d-inline\">\u00a0<\/small>Il est presque impossible de vivre de ce m\u00e9tier dans la r\u00e9gion aujourd\u2019hui. Les prises se r\u00e9sument souvent aux poissons plats, plies ou limandes. Il y a parfois quelques harengs et des cabillauds, mais ces derniers sont devenus tr\u00e8s rares<small class=\"fine d-inline\">\u00a0<\/small>\u00bb<\/i>, relate-t-il. Pour survivre, celui-ci a \u00e9t\u00e9 oblig\u00e9 de diversifier ses activit\u00e9s.<\/p>\n<p>Sur un petit terrain derri\u00e8re la coop\u00e9rative, il a d\u2019abord install\u00e9 un \u00ab<small class=\"fine d-inline\">\u00a0<\/small>Enclos du p\u00eacheur<small class=\"fine d-inline\">\u00a0<\/small>\u00bb, un camion poissonnerie o\u00f9 l\u2019on peut grignoter un sandwich au hareng et acheter du poisson fum\u00e9. Puis, en octobre 2023, il est retourn\u00e9 sur les bancs l\u2019\u00e9cole pour devenir l\u2019un des onze premiers Sea Ranger d\u2019Allemagne. Soit un garde-forestier de la mer et du littoral, selon les termes d\u2019Oliver Greve, directeur de la coop\u00e9rative de p\u00eache de Wismar, et inventeur du programme Sea Ranger.<\/p>\n<div class=\"spip_document_86342 spip_document spip_documents spip_document_image spip_documents_center spip_document_center spip_document_avec_legende\" data-legende-len=\"198\" data-legende-lenx=\"xxx\">\n<figure class=\"spip_doc_inner\">\n      <picture><source type=\"image\/webp\" srcset=\"https:\/\/reporterre.net\/local\/cache-vignettes\/L1050xH700\/wismar_42-2-6dea7.jpg@.webp?1732032091\"><img decoding=\"async\" src=\"https:\/\/reporterre.net\/IMG\/jpg\/wismar_42-2.jpg\" width=\"1500\" height=\"1000\" loading=\"lazy\" alt=\"\"\/><br \/>\n    <\/source><\/picture><figcaption class=\"spip_doc_legende\">\n<p>Martin Saager ne peut pas vivre que de la p\u00eache. Il fume aussi du poisson qu\u2019il vend au kilo ou dans un sandwich dans son camion poissonnerie install\u00e9 dans le vieux port.<br \/>\n<i>\u00a9 Silke Reents\/Reporterre<\/i><\/p>\n<\/figcaption><\/figure>\n<\/p><\/div>\n<p>Con\u00e7ue localement, la sp\u00e9cialisation dispens\u00e9e pendant les mois d\u2019hiver et propos\u00e9e \u00e0 tout p\u00eacheur dipl\u00f4m\u00e9 de moins de 50 ans. Elle a \u00e9t\u00e9 financ\u00e9e par l\u2019Union Europ\u00e9enne et pr\u00e9par\u00e9e conjointement par un institut de formation, des scientifiques de la mer, des responsables du Parc national du lagon de Pom\u00e9ranie occidentale, la plus vaste r\u00e9serve naturelle de la Baltique, ainsi que des responsables de l\u2019industrie touristique locale. <i>\u00ab<small class=\"fine d-inline\">\u00a0<\/small>Ce n\u2019est pas \u00e9vident de retourner en classe, d\u2019apprendre par c\u0153ur et de s\u2019entrainer \u00e0 jouer les guides<small class=\"fine d-inline\">\u00a0<\/small>\u00bb<\/i>, reconnait Martin Saager, qui a surtout appr\u00e9ci\u00e9 la semaine pass\u00e9e sur l\u2019Alkor et le Solea, les navires scientifiques des instituts Geomar (Institut Leibniz d\u2019oc\u00e9anographie) et de l\u2019Institut Th\u00fcnen pour la p\u00eache en mer Baltique.<\/p>\n<blockquote class=\"spip\">\n<p>\u00ab<small class=\"fine d-inline\">\u00a0<\/small>Si rien ne change, il n\u2019y aura plus de p\u00eacheurs sur la c\u00f4te Baltique dans dix ans<small class=\"fine d-inline\">\u00a0<\/small>\u00bb<\/p>\n<\/blockquote>\n<p><i>\u00ab<small class=\"fine d-inline\">\u00a0<\/small>Nous avons appris \u00e0 faire des relev\u00e9s hydrographiques, \u00e0 r\u00e9pertorier les prises, \u00e0 poser des casiers \u00e9quip\u00e9s de cam\u00e9ras d\u2019observation et toutes sortes de choses. En \u00e9change, nous leur avons donn\u00e9 des conseils pour mieux utiliser leurs chaluts<small class=\"fine d-inline\">\u00a0<\/small>\u00bb<\/i>, s\u2019amuse Martin qui a re\u00e7u en avril dernier son dipl\u00f4me des mains du ministre r\u00e9gional de l\u2019Agriculture, venu c\u00e9l\u00e9brer devant la presse locale et r\u00e9gionale cette nouvelle formation.<\/p>\n<p><i>\u00ab<small class=\"fine d-inline\">\u00a0<\/small>Si rien ne change, il n\u2019y aura plus de p\u00eacheurs sur la c\u00f4te Baltique dans dix ans<small class=\"fine d-inline\">\u00a0<\/small>\u00bb<\/i>, estime Oliver Greve. L\u2019\u00e2ge moyen est actuellement de 59 ans. Et \u00e0 l\u2019\u00e9cole professionnelle de Saasnitz, il n\u2019y a plus aucun candidat pour se former au m\u00e9tier. <i>\u00ab<small class=\"fine d-inline\">\u00a0<\/small>Avec Sea Ranger, nous avons voulu cr\u00e9er une opportunit\u00e9 d\u2019emploi suppl\u00e9mentaire, qui correspond aux besoins du temps et de la nature et donne aux jeunes une raison de revenir vers la profession<small class=\"fine d-inline\">\u00a0<\/small>\u00bb<\/i>, poursuit le directeur. Et de pr\u00e9ciser que le nombre de p\u00eacheurs a drastiquement baiss\u00e9 ces vingt derni\u00e8res ann\u00e9es, passant de 1\u00a0400 \u00e0 150. De plus, les activit\u00e9s et les emplois li\u00e9s \u00e0 la transformation du poisson ont totalement disparu de la r\u00e9gion.<\/p>\n<div class=\"spip_document_86340 spip_document spip_documents spip_document_image spip_documents_center spip_document_center spip_document_avec_legende\" data-legende-len=\"187\" data-legende-lenx=\"xxx\">\n<figure class=\"spip_doc_inner\">\n      <picture><source type=\"image\/webp\" srcset=\"https:\/\/reporterre.net\/local\/cache-vignettes\/L1050xH700\/wismar_06-e9e71.jpg@.webp?1732032091\"><img decoding=\"async\" src=\"https:\/\/reporterre.net\/IMG\/jpg\/wismar_06.jpg\" width=\"1500\" height=\"1000\" loading=\"lazy\" alt=\"\"\/><br \/>\n    <\/source><\/picture><figcaption class=\"spip_doc_legende\">\n<div class=\"spip_doc_titre\">Avec le <a target=\"_blank\" href=\"Qu-est-ce-que-le-rechauffement-climatique\">r\u00e9chauffement climatique<\/a> et l\u2019eutrophisation de la Baltique, Stefan \u00ab<small class=\"fine d-inline\">\u00a0<\/small><small class=\"fine d-inline\">\u00a0<\/small>Edi<small class=\"fine d-inline\">\u00a0<\/small><small class=\"fine d-inline\">\u00a0<\/small>\u00bb K\u00fcbart ne remontent plus gu\u00e8re de cabillauds ou de harengs dans ses filets.<br \/>\n<i>\u00a9 Silke Reents\/Reporterre<\/i><\/div>\n<\/figcaption><\/figure>\n<\/p><\/div>\n<p>La surp\u00eache est souvent d\u00e9sign\u00e9e comme la premi\u00e8re responsable de cette situation. <i>\u00ab<small class=\"fine d-inline\">\u00a0<\/small>D\u00e9sormais, le r\u00e9chauffement climatique et les d\u00e9s\u00e9quilibres environnementaux caus\u00e9s par l\u2019\u00eatre humain pr\u00e9dominent largement<small class=\"fine d-inline\">\u00a0<\/small>\u00bb<\/i>, assure Christopher Zimmermann, directeur de l\u2019Institut La Baltique. Cette mer est presque ferm\u00e9e et peu profonde\u00a0: ses eaux se renouv\u00e8lent peu, se r\u00e9chauffent vite et souffrent d\u2019eutrophisation \u2014\u00a0un exc\u00e8s de mati\u00e8res organiques, provenant des rejets massifs d\u2019azote et de phosphate dans les cultures agro-industrielles, qui conduit \u00e0 la prolif\u00e9ration d\u2019algues et \u00e0 l\u2019asphyxie de la faune marine.<\/p>\n<h2 class=\"spip\">Diversifier les activit\u00e9s<\/h2>\n<p>A cause de ce ph\u00e9nom\u00e8ne, les quotas de p\u00eache se sont effondr\u00e9s. Des 130\u00a0000 tonnes de poissons dans les ann\u00e9es 1970 pour la partie allemande de la Baltique, il n\u2019en reste que 14\u00a0000 tonnes aujourd\u2019hui, dont seulement 435 tonnes pour le hareng qui a longtemps \u00e9t\u00e9 le pain quotidien des p\u00eacheurs locaux. Malgr\u00e9 ces d\u00e9s\u00e9quilibres environnementaux qui, selon les experts, ne seront pas compens\u00e9s avant au moins dix-vingt ans, Oliver Greve et ses p\u00eacheurs, mais aussi les experts de l\u2019Institut Th\u00fcnen et ceux du minist\u00e8re f\u00e9d\u00e9ral de l\u2019Agriculture, ne veulent pas tirer un trait sur la p\u00eache c\u00f4ti\u00e8re.<\/p>\n<p>Une commission sur le futur du secteur, dot\u00e9e d\u2019un fonds de 100\u00a0millions d\u2019euros, a \u00e9t\u00e9 cr\u00e9\u00e9e. <i>\u00ab<small class=\"fine d-inline\">\u00a0<\/small>Il y a un consensus g\u00e9n\u00e9ral sur le fait que la p\u00eache c\u00f4ti\u00e8re fournit plus que du poisson frais. Elle fait partie de l\u2019identit\u00e9 culturelle, elle favorise le tourisme, etc. Il faut donc r\u00e9fl\u00e9chir \u00e0 la mani\u00e8re de g\u00e9rer ce qui existe encore sur la mer Baltique. Nous pensons que la cl\u00e9 est la diversification des activit\u00e9s et la r\u00e9duction de l\u2019impact humain sur l\u2019environnement<small class=\"fine d-inline\">\u00a0<\/small>\u00bb<\/i>, explique Christopher Zimmermann.<\/p>\n<div class=\"spip_document_86338 spip_document spip_documents spip_document_image spip_documents_center spip_document_center spip_document_avec_legende\" data-legende-len=\"187\" data-legende-lenx=\"xxx\">\n<figure class=\"spip_doc_inner\">\n      <picture><source type=\"image\/webp\" srcset=\"https:\/\/reporterre.net\/local\/cache-vignettes\/L1050xH700\/wismar_24-47d38.jpg@.webp?1732032092\"><img decoding=\"async\" src=\"https:\/\/reporterre.net\/IMG\/jpg\/wismar_24.jpg\" width=\"1500\" height=\"1000\" loading=\"lazy\" alt=\"\"\/><br \/>\n    <\/source><\/picture><figcaption class=\"spip_doc_legende\">\n<p>Avec le r\u00e9chauffement climatique et l\u2019eutrophisation de la Baltique, Stefan \u00ab<small class=\"fine d-inline\">\u00a0<\/small><small class=\"fine d-inline\">\u00a0<\/small>Edi<small class=\"fine d-inline\">\u00a0<\/small><small class=\"fine d-inline\">\u00a0<\/small>\u00bb K\u00fcbart ne remontent plus gu\u00e8re de cabillauds ou de harengs dans ses filets.<br \/>\n<i>\u00a9 Silke Reents\/Reporterre<\/i><\/p>\n<\/figcaption><\/figure>\n<\/p><\/div>\n<p>Oliver Greve partage ce constat\u00a0: <i>\u00ab<small class=\"fine d-inline\">\u00a0<\/small>Notre r\u00e9gion, c\u2019est 1\u00a0900 kilom\u00e8tres de c\u00f4tes et 700\u00a0\u00eeles de toutes tailles. Les p\u00eacheurs sont essentiels. Ils peuvent p\u00eacher mais aussi jouer un r\u00f4le de gardien du littoral ou accueillir des touristes et des scolaires<small class=\"fine d-inline\">\u00a0<\/small>\u00bb<\/i>, pr\u00e9sente-t-il. Les chercheurs comptent aussi sur les Sea Ranger pour collecter des donn\u00e9es dans les zones inaccessibles aux bateaux de recherche. <i>\u00ab<small class=\"fine d-inline\">\u00a0<\/small>Mais la partie n\u2019est pas encore gagn\u00e9e. Il faut que ces nouveaux Sea Ranger s\u2019ins\u00e8rent, trouvent des emplois r\u00e9mun\u00e9r\u00e9s<small class=\"fine d-inline\">\u00a0<\/small>\u00bb<\/i>,mart\u00e8le Oliver Greve. Une seconde promotion de Sea Ranger attend d\u2019ailleurs que la Commission europ\u00e9enne pour l\u2019avenir de la p\u00eache d\u00e9bloque enfin les 3\u00a0millions d\u2019euros promis pour se lancer.<\/p>\n<p>En attendant, la Coop\u00e9rative de p\u00eache leur a d\u00e9j\u00e0 trouv\u00e9 quelques contrats\u00a0: Martin Saager travaille par exemple sur un projet de replantation d\u2019herbes marines pour augmenter les zones de pontes des poissons. <i>\u00ab<small class=\"fine d-inline\">\u00a0<\/small>Tous les p\u00eacheurs ne pourront pas devenir guide-conf\u00e9rencier, cela ne marchera que pour certains. Mais aujourd\u2019hui, le plus important est de former les jeunes pour qu\u2019eux soient capables de le faire<small class=\"fine d-inline\">\u00a0<\/small>\u00bb<\/i>, conclut Christopher Zimmermann.<\/p>\n<hr class=\"spip\"\/>\n<p><br class=\"autobr\"\/><br \/>\n<strong>Notre reportage en images\u00a0:<\/strong><\/p>\n<p><center><br \/>\n  <\/p>\n<p><\/center><\/p>\n<aside class=\"boite_encarts\">\n<div class=\"encart encart_gris noprint\">\n<p><strong>Il est de retour.<\/strong><\/p>\n<p>Dans quelques semaines, Donald Trump se r\u00e9-installera \u00e0 la Maison Blanche.<\/p>\n<p>Un milliardaire, pour qui le r\u00e9chauffement climatique est \u00ab<small class=\"fine d-inline\">\u00a0<\/small>un canular<small class=\"fine d-inline\">\u00a0<\/small>\u00bb, sera \u00e0 la t\u00eate de la plus grande puissance mondiale.<\/p>\n<p>Dans une d\u00e9cennie cruciale pour l\u2019\u00e9cologie, nous ne pouvons pas nous permettre de perdre plus de temps.<\/p>\n<p>La soci\u00e9t\u00e9 civile doit continuer de se soulever, de se mobiliser et de faire pression sur les puissants.<\/p>\n<p>Mais pour agir, il faut savoir.<\/p>\n<p><strong>Depuis 11 ans, nous publions des articles de qualit\u00e9 sur l\u2019\u00e9cologie, en acc\u00e8s libre et sans publicit\u00e9, pour tous.<\/strong><\/p>\n<p>Nous avons la conviction que l\u2019urgence \u00e9cologique est l\u2019enjeu majeur de notre \u00e9poque.<br class=\"autobr\"\/><br \/>\n Et comme plus de 2 millions de lectrices et lecteurs chaque mois, vous partagez sans doute cette conviction&#8230;<\/p>\n<p>Alors si vous en avez les moyens, sachez qu\u2019un don, m\u00eame d\u20191\u20ac, est un acte de soutien fort pour l\u2019\u00e9cologie et le journalisme ind\u00e9pendant.<br class=\"autobr\"\/><br \/>\n (Et \u00e7a vous prendra moins de temps que la lecture de ce texte).<\/p>\n<p><strong>Si vous le pouvez, choisissez un soutien mensuel. Merci.<\/strong><\/p>\n<p><a target=\"_blank\" href=\"https:\/\/reporterre.net\/dons\" class=\"bt_soutenir\">Je soutiens <i>Reporterre<\/i><\/a><\/p>\n<\/p><\/div>\n<div class=\"encart encart_vert noprint montre_1023\">\n<div class=\"infolettre-form-container noprint\">\n<p>Abonnez-vous \u00e0 la lettre d\u2019info de Reporterre<\/p>\n<\/div><\/div>\n<\/aside>\n<aside class=\"boite_apresarticle encart_note\">\n<h4>Apr\u00e8s cet article<\/h4>\n<p>      <a target=\"_blank\" href=\"https:\/\/reporterre.net\/En-Mediterranee-des-pecheurs-gerent-eux-memes-une-reserve-marine\" class=\"lien_article\">\n      <picture class=\"vignette_gauche\"><source type=\"image\/webp\" srcset=\"https:\/\/reporterre.net\/local\/cache-gd2\/0e\/4a10416724720a95975e6611d47d78.webp?1730133497\"><img decoding=\"async\" src=\"https:\/\/reporterre.net\/local\/cache-gd2\/0e\/4a10416724720a95975e6611d47d78.webp?1730133497\" width=\"450\" height=\"300\" alt=\"\" class=\"marge12\" loading=\"lazy\"\/><br \/>\n<\/source><\/picture>\n<p class=\"libelle\">\n<p>          Enqu\u00eate \u2014<\/p>\n<p>      P\u00eache\n    <\/p>\n<p class=\"titre pol20\">En M\u00e9diterran\u00e9e, des p\u00eacheurs g\u00e8rent eux-m\u00eames une r\u00e9serve marine<\/p>\n<p>      <\/a><br \/>\n    <\/aside>\n<aside class=\"boite_complement texte\">\n<p>      <!-- zone_forum --><br \/>\n          <\/aside>\n<aside class=\"boite_lireaussi noprint\">\n<\/aside>\n<aside class=\"colonne\">\n<div class=\"article_info cache_1023 noprint\">\n<p>    <span class=\"date\">21 novembre 2024  \u00e0 16h52<\/span><\/p>\n<p class=\"duree_lecture\">\n        Dur\u00e9e de lecture : 6 minutes\n      <\/p>\n<\/p><\/div>\n<div class=\"bloc_infolettre\">\n<div class=\"infolettre-form-container noprint\">\n<p>Abonnez-vous \u00e0 la lettre d\u2019info de Reporterre<\/p>\n<\/div><\/div>\n<\/aside><\/div>\n<p><br \/>\n<br \/><a href=\"https:\/\/reporterre.net\/Face-a-la-disparition-des-poissons-des-pecheurs-deviennent-gardiens-de-la-mer\" target=\"_blank\"\">Source link <\/a><\/p>\n","protected":false},"excerpt":{"rendered":"<p>Wismar (Allemagne), reportage Martin Saager, 46 ans, est un p\u00eacheur press\u00e9. La journ\u00e9e type de ce solide gaillard d\u00e9marre \u00e0 l\u2019aube devant sa coop\u00e9rative de p\u00eache Wismarbucht, sur le quai&hellip; <\/p>\n","protected":false},"author":1,"featured_media":636,"comment_status":"open","ping_status":"open","sticky":false,"template":"","format":"standard","meta":{"footnotes":""},"categories":[1],"tags":[],"class_list":["post-635","post","type-post","status-publish","format-standard","has-post-thumbnail","hentry","category-non-classe"],"_links":{"self":[{"href":"https:\/\/monde25.info\/index.php\/wp-json\/wp\/v2\/posts\/635","targetHints":{"allow":["GET"]}}],"collection":[{"href":"https:\/\/monde25.info\/index.php\/wp-json\/wp\/v2\/posts"}],"about":[{"href":"https:\/\/monde25.info\/index.php\/wp-json\/wp\/v2\/types\/post"}],"author":[{"embeddable":true,"href":"https:\/\/monde25.info\/index.php\/wp-json\/wp\/v2\/users\/1"}],"replies":[{"embeddable":true,"href":"https:\/\/monde25.info\/index.php\/wp-json\/wp\/v2\/comments?post=635"}],"version-history":[{"count":0,"href":"https:\/\/monde25.info\/index.php\/wp-json\/wp\/v2\/posts\/635\/revisions"}],"wp:featuredmedia":[{"embeddable":true,"href":"https:\/\/monde25.info\/index.php\/wp-json\/wp\/v2\/media\/636"}],"wp:attachment":[{"href":"https:\/\/monde25.info\/index.php\/wp-json\/wp\/v2\/media?parent=635"}],"wp:term":[{"taxonomy":"category","embeddable":true,"href":"https:\/\/monde25.info\/index.php\/wp-json\/wp\/v2\/categories?post=635"},{"taxonomy":"post_tag","embeddable":true,"href":"https:\/\/monde25.info\/index.php\/wp-json\/wp\/v2\/tags?post=635"}],"curies":[{"name":"wp","href":"https:\/\/api.w.org\/{rel}","templated":true}]}}