{"id":6430,"date":"2025-04-16T00:01:36","date_gmt":"2025-04-15T22:01:36","guid":{"rendered":"https:\/\/monde25.info\/index.php\/2025\/04\/16\/attaques-du-dimanche-des-rameaux-sur-soumy-et-al-ahli\/"},"modified":"2025-04-16T00:01:36","modified_gmt":"2025-04-15T22:01:36","slug":"attaques-du-dimanche-des-rameaux-sur-soumy-et-al-ahli","status":"publish","type":"post","link":"https:\/\/monde25.info\/index.php\/2025\/04\/16\/attaques-du-dimanche-des-rameaux-sur-soumy-et-al-ahli\/","title":{"rendered":"Attaques du dimanche des Rameaux sur Soumy et Al-Ahli"},"content":{"rendered":"<p> <br \/>\n<\/p>\n<div>\n<p>par <strong>Moon of Alabama<\/strong><\/p>\n<p>Dans la <a target=\"_blank\" href=\"https:\/\/www.moonofalabama.org\/2025\/04\/the-moa-week-in-review-ot-2025-077.html\" target=\"_blank\" rel=\"noopener\" title=\"\">semaine en revue<\/a> d\u2019hier, j\u2019avais fait un lien vers une attaque de missiles sur la ville ukrainienne de Soumy :<\/p>\n<p>\u00ab<em><a target=\"_blank\" href=\"https:\/\/strana.news\/news\/483345-v-rezultate-rossijkoho-udara-po-sumam-pohibli-bolee-20-chelovek.html\" target=\"_blank\" rel=\"noopener\" title=\"\">La Russie a lanc\u00e9 une attaque de missiles sur le centre de Soumy. Plus de 30 personnes ont \u00e9t\u00e9 tu\u00e9es<\/a> \u2013 Strana<\/em><\/p>\n<p><em>Ce matin, les Russes ont tir\u00e9 deux missiles balistiques sur le centre de Soumy. 31 personnes ont \u00e9t\u00e9 tu\u00e9es, dont 2 enfants.<\/em><\/p>\n<p><em>84 personnes ont \u00e9t\u00e9 bless\u00e9es, dont 10 enfants.<\/em><\/p>\n<p><em>Le bureau du procureur g\u00e9n\u00e9ral a indiqu\u00e9 qu\u2019aux alentours de 10 h 15, l\u2019arm\u00e9e russe a lanc\u00e9 deux missiles sur le centre de la ville de Soumy. Les op\u00e9rations de sauvetage se poursuivent, le nombre de victimes est en cours de pr\u00e9cision<\/em>\u00bb.<\/p>\n<p>L\u2019une des photos fournies par <em>Strana<\/em> montrait le centre des congr\u00e8s de l\u2019universit\u00e9 d\u2019\u00c9tat de Soumy d\u00e9truit.<\/p>\n<div class=\"wp-block-image\">\n<figure class=\"aligncenter size-full\"><img data-recalc-dims=\"1\" decoding=\"async\" width=\"320\" height=\"427\" src=\"https:\/\/i0.wp.com\/reseauinternational.net\/wp-content\/uploads\/2025\/04\/image-250.png?resize=320%2C427&amp;quality=100&amp;ssl=1\" alt=\"\" class=\"wp-image-452600\" loading=\"lazy\" srcset=\"https:\/\/i0.wp.com\/reseauinternational.net\/wp-content\/uploads\/2025\/04\/image-250.png?w=320&amp;quality=100&amp;ssl=1 320w, https:\/\/i0.wp.com\/reseauinternational.net\/wp-content\/uploads\/2025\/04\/image-250.png?resize=225%2C300&amp;quality=100&amp;ssl=1 225w\" sizes=\"auto, (max-width: 320px) 100vw, 320px\"\/><\/figure>\n<\/div>\n<p>Peu apr\u00e8s l\u2019incident, la d\u00e9put\u00e9e de la Rada Mariana Bezuglaya a accus\u00e9 le commandement militaire d\u2019avoir organis\u00e9 une c\u00e9r\u00e9monie dans la ville alors qu\u2019elle se trouvait \u00e0 moins de 20 kilom\u00e8tres du front de combat actif :<\/p>\n<p>Mariana Bezuhla (Mariana Bezuhla) @marybezuhla \u2013\u00a0<a target=\"_blank\" href=\"https:\/\/x.com\/marybezuhla\/status\/1911351685030486172\" target=\"_blank\" rel=\"noopener\" title=\"\">9:32 UTC \u00b7 Apr 13, 2025<\/a><\/p>\n<p>\u00ab<em>La Russie a bombard\u00e9 le centre de Soumy le dimanche des Rameaux. Appel \u00e0 Syrsky et s\u00e9par\u00e9ment au commandant de la TrO : ne rassemblez pas les militaires pour les r\u00e9compenser, et encore moins dans les villes civiles \u2013 encore une fois, les Russes avaient des informations sur le regroupement.<\/em> <em>Et les polygones sont toujours en cours de tra\u00e7age\u2026<\/em><\/p>\n<p><em>Ne construisez pas, ne faites pas de <\/em>\u00ab<em>r\u00e9compense et construction<\/em>\u00bb<em>, que votre scoop et vous avec lui soyez maudits !<\/em><\/p>\n<p><em>SBU : une autre fuite d\u2019informations.<\/em><\/p>\n<p><em>Personne n\u2019a \u00e9t\u00e9 puni pour les cas pr\u00e9c\u00e9dents. Par exemple, apr\u00e8s la trag\u00e9die de la c\u00e9r\u00e9monie de remise des prix dans la 128e brigade, personne n\u2019a encore \u00e9t\u00e9 soup\u00e7onn\u00e9. Par cons\u00e9quent, le commandant de brigade Lysyuk est le parrain du g\u00e9n\u00e9ral Zubanich\u2026<\/em><\/p>\n<p><em>Monsieur le pr\u00e9sident, est-ce que cela vous convient ? Garder le silence et continuer \u00e0 faire des scoops ? Ils ne tirent pas de conclusions ! Ils ne tirent pas de conclusions, Monsieur le pr\u00e9sident !<\/em>\u00bb<\/p>\n<p>Mariana Bezuhla est connue pour d\u00e9tenir des informations privil\u00e9gi\u00e9es sur l\u2019arm\u00e9e ukrainienne. Elle plaide depuis un certain temps pour la destitution du commandant en chef ukrainien, le g\u00e9n\u00e9ral Syrsky.<\/p>\n<p>Elle <a target=\"_blank\" href=\"https:\/\/x.com\/marybezuhla\/status\/1911374804839546969\" target=\"_blank\" rel=\"noopener\" title=\"\">a ajout\u00e9<\/a> plus tard :<\/p>\n<p>\u00ab<em>Vinnytsia, Tchernihiv, Poltava, Dnipro, Soumy. <\/em><em>Tous les cas sont similaires. Entre-temps, il y a des centaines d\u2019autres attaques cyniques russes directement contre des civils, mais il y a des cas o\u00f9 l\u2019ennemi a re\u00e7u des informations sur l\u2019arm\u00e9e dans les grandes villes. Il est impossible de ne pas tirer de conclusions ! L\u2019ennemi essaie de saisir toutes les occasions !\u2026<\/em><\/p>\n<p><em>Nous ne pouvons pas tol\u00e9rer l\u2019indiff\u00e9rence des chefs de certaines administrations qui diffusent ouvertement des informations sur les r\u00e9unions, puis restent \u00e0 leur poste, comme cela s\u2019est d\u00e9j\u00e0 produit \u00e0 plusieurs reprises<\/em>\u00bb.<\/p>\n<p>Son tweet comprenait notamment une photo de propagande de la 117e brigade territoriale.<\/p>\n<p>Bezuhla n\u2019\u00e9tait pas la seule personnalit\u00e9 politique <a target=\"_blank\" href=\"https:\/\/strana.news\/news\/483363-po-komu-rf-nanesla-raketnyj-udar-v-sumakh.html\" target=\"_blank\" rel=\"noopener\" title=\"\">\u00e0 s\u2019exprimer<\/a> :<\/p>\n<p>\u00ab<em>La d\u00e9put\u00e9e Mariana Bezuglaya, l\u2019ancien d\u00e9put\u00e9 Ihor Mosiychuk et le maire de Konotop Artem Semenikhin ont d\u00e9clar\u00e9 que les missiles sont arriv\u00e9s lors de la c\u00e9r\u00e9monie de remise des prix aux militaires de la 117e brigade territoriale de d\u00e9fense, qui combat dans la r\u00e9gion de Soumy et qui c\u00e9l\u00e8bre aujourd\u2019hui l\u2019anniversaire de sa cr\u00e9ation. Bezuglaya et Mosiychuk affirment qu\u2019il pourrait y avoir eu une fuite d\u2019informations lors de l\u2019envoi des invitations \u00e0 l\u2019\u00e9v\u00e9nement.<\/em><\/p>\n<p><em>De plus, Mosiychuk a d\u00e9clar\u00e9 que des civils avaient \u00e9galement \u00e9t\u00e9 invit\u00e9s \u00e0 l\u2019\u00e9v\u00e9nement. Notamment des enfants.<\/em><\/p>\n<p><em>\u00abJ\u2019esp\u00e8re qu\u2019\u00e0 Soumy, ils d\u00e9tiennent d\u00e9j\u00e0 le chef du Service des affaires int\u00e9rieures, Artyukh, et le d\u00e9put\u00e9 Ananchenko (d\u00e9put\u00e9 de Soumy du parti au pouvoir Serviteur du peuple \u2013 NDLR), qui voulaient tant faire sensation lors de la remise festive des prix aux soldats de la 117e brigade TrO \u00e0 l\u2019occasion du septi\u00e8me anniversaire. Artyukh et Ananchenko ont fait la promotion de la c\u00e9r\u00e9monie de remise des prix \u00e0 Soumy et y ont rassembl\u00e9, en plus des militaires, des civils, en particulier des enfants ! Ordure et ordure !\u00bb \u2013 a \u00e9crit Mosiychuk.<\/em><\/p>\n<p><em>Au m\u00eame moment, le maire de Konotop, Artem Semenikhin, a qualifi\u00e9 le gouverneur Artyukh d\u2019\u00abordure et d\u2019\u00e9pouvantail\u00bb et l\u2019a appel\u00e9 \u00e0 \u00abse mettre \u00e0 genoux et \u00e0 pr\u00e9senter ses excuses au peuple\u00bb avant 18 heures. Il a \u00e9galement d\u00e9clar\u00e9 qu\u2019il se trouvait sur place au moment de l\u2019impact et qu\u2019il s\u2019\u00e9tait \u00abmis \u00e0 l\u2019abri\u00bb, \u00abfaisant tomber des enfants\u00bb. Il a appel\u00e9 le gouverneur et le chef du SBU r\u00e9gional \u00e0 d\u00e9missionner<\/em>\u00bb.<\/p>\n<p>Aujourd\u2019hui, on a appris que <a target=\"_blank\" href=\"https:\/\/x.com\/squatsons\/status\/1911736068795154804\" target=\"_blank\" rel=\"noopener\" title=\"\">plusieurs<\/a> <a target=\"_blank\" href=\"https:\/\/www.pravda.com.ua\/eng\/news\/2025\/04\/14\/7507507\/\" target=\"_blank\" rel=\"noopener\" title=\"\">militaires de haut rang<\/a> avaient \u00e9t\u00e9 tu\u00e9s :<\/p>\n<p>\u00ab<em>Le colonel Yurii Yula, commandant de la 27e brigade d\u2019artillerie \u00e0 roquettes nomm\u00e9e d\u2019apr\u00e8s Ataman Petro Kalnyshevskyi, a \u00e9t\u00e9 tu\u00e9 lors d\u2019une attaque de missiles russes sur la ville de Soumy le 13 avril.<\/em><\/p>\n<p><em>source : Conseil municipal de Berdytchiv ; Suspilne, un radiodiffuseur public ukrainien, en r\u00e9f\u00e9rence \u00e0 l\u2019administration militaire du district de Berdytchiv ; sources d\u2019Ukrainska Pravda au sein des forces de d\u00e9fense<\/em>\u00bb.<\/p>\n<p>La 27e brigade d\u2019artillerie \u00e0 roquettes est la seule unit\u00e9 ukrainienne officiellement <a target=\"_blank\" href=\"https:\/\/en.wikipedia.org\/wiki\/27th_Rocket_Artillery_Brigade_(Ukraine)\" target=\"_blank\" rel=\"noopener\" title=\"\">\u00e9quip\u00e9e de HIMARS<\/a>, le syst\u00e8me de missiles am\u00e9ricain utilis\u00e9 pour tirer des missiles \u00e0 longue port\u00e9e en Russie. Son quartier g\u00e9n\u00e9ral se trouve \u00e0 Soumy. L\u2019arm\u00e9e am\u00e9ricaine consid\u00e9rerait son commandant comme une \u00abcible de grande valeur\u00bb.<\/p>\n<p>Aujourd\u2019hui, le minist\u00e8re russe de la D\u00e9fense <a target=\"_blank\" href=\"https:\/\/eng.mil.ru\/en\/special_operation\/news\/more.htm?id=12558830@egNews\" target=\"_blank\" rel=\"noopener\" title=\"\">a annonc\u00e9<\/a> :<\/p>\n<p>\u00ab<em>Hier, les forces arm\u00e9es russes ont lanc\u00e9 deux missiles op\u00e9rationnels et tactiques Iskander-M dans des conditions de contre-mesures de guerre \u00e9lectronique lourdes et de syst\u00e8mes de d\u00e9fense a\u00e9rienne de fabrication \u00e9trang\u00e8re en action pour frapper le site de Soumy o\u00f9 les officiers commandants du groupe de travail de Severk avaient une r\u00e9union. Plus de 60 militaires des forces arm\u00e9es ukrainiennes ont \u00e9t\u00e9 \u00e9limin\u00e9s.<\/em><\/p>\n<p><em>Le r\u00e9gime de Kiev continue d\u2019utiliser la population ukrainienne comme bouclier humain en d\u00e9ployant des installations militaires et en menant des activit\u00e9s impliquant des militaires dans le centre de la ville dens\u00e9ment peupl\u00e9e<\/em>\u00bb.<\/p>\n<p>Les faits semblent donc clairs. Une c\u00e9r\u00e9monie \u00e9tait pr\u00e9vue pour le septi\u00e8me anniversaire de la fondation de la 117e brigade territoriale. Elle devait avoir lieu au centre des congr\u00e8s de l\u2019universit\u00e9 d\u2019\u00c9tat de Soumy. Des m\u00e9dailles devaient \u00eatre remises pour la r\u00e9cente participation de la brigade \u00e0 l\u2019attaque de l\u2019oblast russe de Koursk. Des invitations ont \u00e9t\u00e9 envoy\u00e9es aux commandants des unit\u00e9s voisines.<\/p>\n<p>Le ministre russe des Affaires \u00e9trang\u00e8res, Lavrov, <a target=\"_blank\" href=\"https:\/\/twitter.com\/DagnyTaggart963\/status\/1911787852888756596\" target=\"_blank\" rel=\"noopener\" title=\"\">a laiss\u00e9 entendre<\/a> que des responsables militaires \u00aboccidentaux\u00bb \u00e9taient \u00e9galement pr\u00e9sents :<\/p>\n<p>\u00ab<em>Nous avons des preuves de la pr\u00e9sence de personnes dans les installations qui ont \u00e9t\u00e9 touch\u00e9es \u00e0 Soumy<\/em>\u00bb. \u2013 Lavrov<\/p>\n<p>\u00ab<em>Il y a eu une autre \u00abr\u00e9union\u00bb des chefs militaires ukrainiens avec leurs homologues occidentaux, qui \u00e9taient soit d\u00e9guis\u00e9s en mercenaires, soit je ne sais pas sous quelle apparence<\/em>\u00bb, a soulign\u00e9 le chef du minist\u00e8re russe des Affaires \u00e9trang\u00e8res.<\/p>\n<p>L\u2019arm\u00e9e russe a eu vent de l\u2019\u00e9v\u00e9nement et a <a target=\"_blank\" href=\"https:\/\/hromadske.ua\/rehiony\/243132-u-sumskomu-tsentri-iakyy-poshkodyly-rosiiany-mala-vidbutysia-dytiacha-vystava-ot-iak-vin-vyhliadaye-zaraz-foto\" target=\"_blank\" rel=\"noopener\" title=\"\">d\u00e9truit le centre des congr\u00e8s<\/a> (photos) avec deux missiles Iskander. Il y a eu des victimes militaires et civiles. Mais selon les r\u00e8gles de la guerre, la frappe visait une cible l\u00e9gitime.<\/p>\n<p>Les politiciens europ\u00e9ens ont largement condamn\u00e9 l\u2019attaque contre des civils. Le pr\u00e9sident Trump a qualifi\u00e9 l\u2019attaque d\u2019\u00ab<a target=\"_blank\" href=\"https:\/\/www.pravda.com.ua\/eng\/news\/2025\/04\/14\/7507460\/\" target=\"_blank\" rel=\"noopener\" title=\"\">erreur<\/a>\u00bb.<\/p>\n<p>Ni le <em>New York Times<\/em> ni le <em>Washington Post<\/em> ne font \u00e9tat de la cible militaire de l\u2019attaque russe. Tous deux soulignent que l\u2019attaque a eu lieu le dimanche des Rameaux.<\/p>\n<p><a target=\"_blank\" href=\"https:\/\/www.nytimes.com\/2025\/04\/13\/world\/europe\/sumy-ukraine-russia-strikes.html\" target=\"_blank\" rel=\"noopener\" title=\"\">NYT<\/a> (<a target=\"_blank\" href=\"https:\/\/archive.ph\/4Rdlq\" target=\"_blank\" rel=\"noopener\" title=\"\">archiv\u00e9<\/a>) :<\/p>\n<p>\u00ab<em>Selon le bureau du procureur r\u00e9gional, deux missiles ont frapp\u00e9 le centre-ville vers 10 h 15. Le ministre de l\u2019Int\u00e9rieur ukrainien, Ihor Klymenko, a d\u00e9clar\u00e9 que les missiles balistiques ont frapp\u00e9 alors que les rues \u00e9taient bond\u00e9es de civils profitant du <strong>dimanche des Rameaux<\/strong>, une c\u00e9l\u00e9bration chr\u00e9tienne populaire en Ukraine. Au moins 83 personnes ont \u00e9t\u00e9 bless\u00e9es, a ajout\u00e9 Klymenko<\/em>\u00bb.<\/p>\n<p>The <a target=\"_blank\" href=\"https:\/\/www.washingtonpost.com\/world\/2025\/04\/13\/russia-ukraine-sumy-attack\/\" target=\"_blank\" rel=\"noopener\" title=\"\"><em>Washington Post<\/em><\/a> (<a target=\"_blank\" href=\"https:\/\/archive.ph\/0eMif\" target=\"_blank\" rel=\"noopener\" title=\"\">archiv\u00e9<\/a>) :<\/p>\n<p>\u00ab<em>L\u2019attaque du centre-ville a eu lieu le <strong>dimanche des Rameaux<\/strong>, alors que les familles affluaient \u00e0 l\u2019\u00e9glise pour marquer le d\u00e9but de la Semaine sainte avant P\u00e2ques. Volodymyr Artyukh, chef de l\u2019administration militaire r\u00e9gionale de Soumy, a d\u00e9clar\u00e9 que la Russie avait lanc\u00e9 deux missiles balistiques sur la ville.<\/em><\/p>\n<p><em>L\u2019un d\u2019eux a frapp\u00e9 \u00abune rue ordinaire\u00bb de Soumy, qui se trouve \u00e0 seulement 29 km de la fronti\u00e8re russe, a \u00e9crit le pr\u00e9sident ukrainien Volodymyr Zelensky sur Telegram<\/em>\u00bb.<\/p>\n<p>Hier, lors d\u2019une autre attaque, Isra\u00ebl a d\u00e9truit l\u2019un des derniers h\u00f4pitaux de Gaza.<\/p>\n<p>Le <em>New York Times<\/em> ne dispose que d\u2019une <a target=\"_blank\" href=\"https:\/\/www.nytimes.com\/video\/world\/middleeast\/100000010108438\/gaza-city-hospital-israeli-airstrike.html\" target=\"_blank\" rel=\"noopener\" title=\"\">courte vid\u00e9o<\/a> de l\u2019attaque :<\/p>\n<p>\u00ab<em>Une frappe isra\u00e9lienne endommage gravement l\u2019un des derniers grands h\u00f4pitaux de Gaza<\/em><\/p>\n<p><em>Personne n\u2019a \u00e9t\u00e9 tu\u00e9 lors de l\u2019attaque contre l\u2019h\u00f4pital Ahli Arab, mais un enfant soign\u00e9 pour une blessure \u00e0 la t\u00eate est d\u00e9c\u00e9d\u00e9 des suites de l\u2019\u00e9vacuation pr\u00e9cipit\u00e9e, selon l\u2019\u00c9glise anglicane de J\u00e9rusalem, qui supervise le centre m\u00e9dical<\/em>\u00bb.<\/p>\n<p>Le rapport du <em>Washington Post<\/em> est <a target=\"_blank\" href=\"https:\/\/www.washingtonpost.com\/world\/2025\/04\/13\/israel-gaza-al-ahli-baptist-hospital\/\" target=\"_blank\" rel=\"noopener\" title=\"\">plus pr\u00e9cis<\/a> (<a target=\"_blank\" href=\"https:\/\/archive.ph\/fYKri\" target=\"_blank\" rel=\"noopener\" title=\"\">archiv\u00e9 sur<\/a> Internet) :<\/p>\n<p>\u00ab<em>L\u2019arm\u00e9e isra\u00e9lienne a bombard\u00e9 dimanche matin le dernier h\u00f4pital pleinement op\u00e9rationnel de la ville de Gaza, ont d\u00e9clar\u00e9 des m\u00e9decins sur place, ne laissant que 20 minutes aux patients, aux m\u00e9decins et aux Palestiniens d\u00e9plac\u00e9s qui s\u2019\u00e9taient r\u00e9fugi\u00e9s sur le terrain pour \u00e9vacuer avant qu\u2019il ne frappe et d\u00e9truise des parties essentielles de l\u2019\u00e9tablissement.<\/em><\/p>\n<p><em>Plus de 200 personnes \u2013 88 patients et 120 membres du personnel \u2013 se trouvaient \u00e0 l\u2019h\u00f4pital al-Ahli lorsque sa r\u00e9ception a re\u00e7u un appel de l\u2019arm\u00e9e isra\u00e9lienne leur demandant de quitter le b\u00e2timent peu avant 2 heures du matin, heure locale, selon le directeur m\u00e9dical de l\u2019\u00e9tablissement et un chirurgien orthop\u00e9diste am\u00e9ricain travaillant b\u00e9n\u00e9volement \u00e0 l\u2019h\u00f4pital<\/em>\u00bb.<\/p>\n<p>L\u2019h\u00f4pital al-Ahli est financ\u00e9 et administr\u00e9 par des institutions chr\u00e9tiennes. Mais aucun des deux journaux n\u2019a jug\u00e9 n\u00e9cessaire de souligner que l\u2019attaque ill\u00e9gale contre la cible manifestement civile a eu lieu le dimanche des Rameaux.<\/p>\n<p>Ce n\u2019est qu\u2019au plus profond de son article que le <em>Washington Post<\/em> ins\u00e8re une citation qui le mentionne :<\/p>\n<p>\u00ab<em>Le dioc\u00e8se de J\u00e9rusalem est constern\u00e9 par le bombardement de l\u2019h\u00f4pital, qui est le cinqui\u00e8me depuis le d\u00e9but de la guerre en 2023, et qui a eu lieu le matin du dimanche des Rameaux, au d\u00e9but de la Semaine sainte<\/em>\u00bb, a d\u00e9clar\u00e9 l\u2019\u00c9glise baptiste de J\u00e9rusalem.<\/p>\n<p>L\u2019attaque russe contre une cible militaire l\u00e9gitime est pr\u00e9sent\u00e9e comme un crime de guerre. Le fait qu\u2019elle ait eu lieu le dimanche des Rameaux est soulign\u00e9.<\/p>\n<p>L\u2019attaque ill\u00e9gitime d\u2019Isra\u00ebl contre un \u00e9tablissement de sant\u00e9 civil est trait\u00e9e comme quelque peu normale. Malgr\u00e9 son lien direct avec l\u2019h\u00e9ritage et les soins chr\u00e9tiens, il n\u2019est pas explicitement mentionn\u00e9 qu\u2019elle a eu lieu le dimanche des Rameaux.<\/p>\n<p>C\u2019est un exemple de la fa\u00e7on dont la propagande ins\u00e8re la religion lorsqu\u2019elle contribue \u00e0 condamner un \u00abennemi\u00bb, mais l\u2019omet lorsqu\u2019elle rend compte de l\u2019outrage commis par une force \u00abamie\u00bb.<\/p>\n<p>source : <a target=\"_blank\" href=\"https:\/\/www.moonofalabama.org\/2025\/04\/palm-sunday-attacks-on-sumy-and-al-ahli.html#more\" target=\"_blank\" rel=\"noopener\" title=\"\">Moon of Alabama<\/a><\/p>\n<div class=\"sharedaddy sd-block sd-like jetpack-likes-widget-wrapper jetpack-likes-widget-unloaded\" id=\"like-post-wrapper-237719536-452589-67fec898aa7db\" data-src=\"https:\/\/widgets.wp.com\/likes\/?ver=14.4.1#blog_id=237719536&amp;post_id=452589&amp;origin=reseauinternational.net&amp;obj_id=237719536-452589-67fec898aa7db\" data-name=\"like-post-frame-237719536-452589-67fec898aa7db\" data-title=\"Aimer ou rebloguer\">\n<h3 class=\"sd-title\">J\u2019aime \u00e7a\u00a0:<\/h3>\n<p><span class=\"button\"><span>J\u2019aime<\/span><\/span> <span class=\"loading\">chargement\u2026<\/span><\/p>\n<p><span class=\"sd-text-color\"\/><a target=\"_blank\" class=\"sd-link-color\"\/><\/div>\n<p><meta itemscope=\"\" itemprop=\"mainEntityOfPage\" itemtype=\"https:\/\/schema.org\/WebPage\" itemid=\"https:\/\/reseauinternational.net\/attaques-du-dimanche-des-rameaux-sur-soumy-et-al-ahli\/\"\/><meta itemprop=\"headline\" content=\"Attaques du dimanche des Rameaux sur Soumy et Al-Ahli\"\/><span style=\"display: none;\" itemprop=\"author\" itemscope=\"\" itemtype=\"https:\/\/schema.org\/Person\"><meta itemprop=\"name\" content=\"R\u00e9seau International\"\/><\/span><span style=\"display: none;\" itemprop=\"image\" itemscope=\"\" itemtype=\"https:\/\/schema.org\/ImageObject\"><meta itemprop=\"url\" content=\"https:\/\/i0.wp.com\/reseauinternational.net\/wp-content\/uploads\/2025\/04\/Sans-titre-25-7.png?fit=800%2C467&amp;quality=100&amp;ssl=1\"\/><meta itemprop=\"width\" content=\"800\"\/><meta itemprop=\"height\" content=\"467\"\/><\/span><span style=\"display: none;\" itemprop=\"publisher\" itemscope=\"\" itemtype=\"https:\/\/schema.org\/Organization\"><span style=\"display: none;\" itemprop=\"logo\" itemscope=\"\" itemtype=\"https:\/\/schema.org\/ImageObject\"><meta itemprop=\"url\" content=\"https:\/\/reseauinternational.net\/wp-content\/uploads\/2022\/06\/Capture-de\u0301cran-2022-06-14-a\u0300-16.51.07.png\"\/><\/span><meta itemprop=\"name\" content=\"R\u00e9seau International\"\/><\/span><meta itemprop=\"datePublished\" content=\"2025-04-15T12:44:29+00:00\"\/><meta itemprop=\"dateModified\" content=\"2025-04-15T12:44:51+00:00\"\/><\/div>\n<p><script async src=\"\/\/platform.twitter.com\/widgets.js\" charset=\"utf-8\"><\/script><br \/>\n<br \/><br \/>\n<br \/><a href=\"https:\/\/reseauinternational.net\/attaques-du-dimanche-des-rameaux-sur-soumy-et-al-ahli\/\" target=\"_blank\"\">Source link <\/a><\/p>\n","protected":false},"excerpt":{"rendered":"<p>par Moon of Alabama Dans la semaine en revue d\u2019hier, j\u2019avais fait un lien vers une attaque de missiles sur la ville ukrainienne de Soumy : \u00abLa Russie a lanc\u00e9&hellip; <\/p>\n","protected":false},"author":1,"featured_media":6431,"comment_status":"open","ping_status":"open","sticky":false,"template":"","format":"standard","meta":{"footnotes":""},"categories":[1],"tags":[],"class_list":["post-6430","post","type-post","status-publish","format-standard","has-post-thumbnail","hentry","category-non-classe"],"_links":{"self":[{"href":"https:\/\/monde25.info\/index.php\/wp-json\/wp\/v2\/posts\/6430","targetHints":{"allow":["GET"]}}],"collection":[{"href":"https:\/\/monde25.info\/index.php\/wp-json\/wp\/v2\/posts"}],"about":[{"href":"https:\/\/monde25.info\/index.php\/wp-json\/wp\/v2\/types\/post"}],"author":[{"embeddable":true,"href":"https:\/\/monde25.info\/index.php\/wp-json\/wp\/v2\/users\/1"}],"replies":[{"embeddable":true,"href":"https:\/\/monde25.info\/index.php\/wp-json\/wp\/v2\/comments?post=6430"}],"version-history":[{"count":0,"href":"https:\/\/monde25.info\/index.php\/wp-json\/wp\/v2\/posts\/6430\/revisions"}],"wp:featuredmedia":[{"embeddable":true,"href":"https:\/\/monde25.info\/index.php\/wp-json\/wp\/v2\/media\/6431"}],"wp:attachment":[{"href":"https:\/\/monde25.info\/index.php\/wp-json\/wp\/v2\/media?parent=6430"}],"wp:term":[{"taxonomy":"category","embeddable":true,"href":"https:\/\/monde25.info\/index.php\/wp-json\/wp\/v2\/categories?post=6430"},{"taxonomy":"post_tag","embeddable":true,"href":"https:\/\/monde25.info\/index.php\/wp-json\/wp\/v2\/tags?post=6430"}],"curies":[{"name":"wp","href":"https:\/\/api.w.org\/{rel}","templated":true}]}}