{"id":6436,"date":"2025-04-16T01:40:40","date_gmt":"2025-04-15T23:40:40","guid":{"rendered":"https:\/\/monde25.info\/index.php\/2025\/04\/16\/malgre-la-menace-de-kallas-fico-reaffirme-quil-se-rendra-aux-celebrations-du-9-mai-a-moscou-rt-en-francais\/"},"modified":"2025-04-16T01:40:40","modified_gmt":"2025-04-15T23:40:40","slug":"malgre-la-menace-de-kallas-fico-reaffirme-quil-se-rendra-aux-celebrations-du-9-mai-a-moscou-rt-en-francais","status":"publish","type":"post","link":"https:\/\/monde25.info\/index.php\/2025\/04\/16\/malgre-la-menace-de-kallas-fico-reaffirme-quil-se-rendra-aux-celebrations-du-9-mai-a-moscou-rt-en-francais\/","title":{"rendered":"Malgr\u00e9 \u00abla menace\u00bb de Kallas, Fico r\u00e9affirme qu\u2019il se rendra aux c\u00e9l\u00e9brations du 9 mai \u00e0 Moscou \u2014 RT en fran\u00e7ais"},"content":{"rendered":"<p> <br \/>\n<br \/><img decoding=\"async\" src=\"https:\/\/mf.b37mrtl.ru\/french\/images\/2025.04\/thumbnail\/67febb5c6f7ccc02310438ee.jpg\" \/><\/p>\n<div>\n<p class=\"text__summary\">\n                                        Le Premier ministre slovaque Robert Fico a annonc\u00e9 le 15 avril qu&rsquo;il se rendrait aux c\u00e9l\u00e9brations du Jour de la Victoire \u00e0 Moscou le 9 mai, d\u00e9non\u00e7ant \u00abla menace\u00bb de la cheffe de la diplomatie europ\u00e9enne. Cette derni\u00e8re avait d\u00e9clar\u00e9 la veille que la participation d\u2019un dirigeant europ\u00e9en \u00e0 ces comm\u00e9morations ne serait \u00abpas prise \u00e0 la l\u00e9g\u00e8re\u00bb.\n                                    <\/p>\n<p>\u00ab\u00a0Madame Kallas, je tiens \u00e0 vous informer que je suis le Premier ministre l\u00e9gitime de la Slovaquie, un pays souverain. Personne ne peut me dicter o\u00f9 je peux ou ne peux pas voyager\u00a0\u00bb, a d\u00e9clar\u00e9 ce 15 avril dans <a target=\"_blank\" href=\"https:\/\/x.com\/RobertFicoSVK\/status\/1912168829272142161\">un communiqu\u00e9<\/a> publi\u00e9 sur les r\u00e9seaux sociaux le Premier ministre slovaque Robert Fico.<\/p>\n<p>\u00ab\u00a0Je me rendrai \u00e0 Moscou le 9 mai\u00a0\u00bb, a-t-il encore assur\u00e9, apr\u00e8s avoir fustig\u00e9 \u00ab\u00a0l\u2019avertissement et la menace\u00a0\u00bb adress\u00e9 par la Haute repr\u00e9sentante de l&rsquo;Union pour les Affaires \u00e9trang\u00e8res et la Politique de s\u00e9curit\u00e9, Kaja Kallas, \u00e0 l\u2019endroit des dirigeants d\u2019\u00c9tat membres de l\u2019UE qui se rendraient \u00e0 Moscou pour les c\u00e9l\u00e9brations du 9 mai. Un d\u00e9placement qu\u2019il avait\u00a0<a target=\"_blank\" href=\"https:\/\/francais.rt.com\/international\/114986-robert-fico-participera-celebrations-9-mai-2025-a-moscou\">d\u00e9j\u00e0 annonc\u00e9<\/a>\u00a0fin novembre.<\/p>\n<div class=\"rtcode\">\n<blockquote class=\"twitter-tweet\">\n<p lang=\"en\" dir=\"ltr\">WARNING AND THREAT BY MS. KALLAS ARE DISRESPECTFUL AND I STRONGLY OBJECT TO THEM.<\/p>\n<p>The EU High Representative for Foreign Affairs, Kaja Kallas, is warning EU leaders against participating in the May celebrations of Victory Day in Moscow. She claims that such participation will\u2026 <a target=\"_blank\" href=\"https:\/\/t.co\/KsHGJtOVRO\">pic.twitter.com\/KsHGJtOVRO<\/a><\/p>\n<p>\u2014 Robert Fico \ud83c\uddf8\ud83c\uddf0 (@RobertFicoSVK) <a target=\"_blank\" href=\"https:\/\/twitter.com\/RobertFicoSVK\/status\/1912168829272142161?ref_src=twsrc%5Etfw\">April 15, 2025<\/a><\/p><\/blockquote>\n<\/div>\n<p>\u00ab\u00a0Toute participation aux d\u00e9fil\u00e9s ou aux c\u00e9l\u00e9brations du 9 mai \u00e0 Moscou ne sera pas prise \u00e0 la l\u00e9g\u00e8re du c\u00f4t\u00e9 europ\u00e9en\u00a0\u00bb, avait d\u00e9clar\u00e9 le 14 avril Kaja Kallas \u00e0 la presse, au sortir d\u2019une r\u00e9union avec les chefs de la diplomatie des Vingt-Sept, renvoyant au conflit russo-ukrainien.<\/p>\n<h2>UE\u00a0: Fico appelle \u00e0 d\u00e9battre \u00ab\u00a0sur l&rsquo;essence m\u00eame de la d\u00e9mocratie\u00a0\u00bb<\/h2>\n<p>Cet \u00ab\u00a0avertissement\u00bb, a poursuivi Fico, \u00abconfirme la n\u00e9cessit\u00e9 d&rsquo;un d\u00e9bat au sein de l&rsquo;UE sur l&rsquo;essence m\u00eame de la d\u00e9mocratie\u00a0\u00bb. Le Premier ministre slovaque a alors renvoy\u00e9 \u00e0 \u00ab\u00a0ce qui s&rsquo;est pass\u00e9 en Roumanie et en France concernant les \u00e9lections pr\u00e9sidentielles\u00a0\u00bb, ainsi qu\u2019\u00ab\u00a0aux \u00a0\u00bb\u00a0Ma\u00efdans\u00a0\u00a0\u00bb organis\u00e9s par l&rsquo;Occident en G\u00e9orgie et en Serbie\u00a0\u00bb.<\/p>\n<p>\u00ab\u00a0Je me rendrai \u00e0 Moscou pour rendre hommage aux milliers de soldats de l&rsquo;Arm\u00e9e rouge morts pour la lib\u00e9ration de la Slovaquie, ainsi qu&rsquo;aux millions d&rsquo;autres victimes dues \u00e0 la terreur nazie. Tout comme j&rsquo;ai rendu hommage aux victimes des d\u00e9barquements de Normandie ou de ceux dans le Pacifique, ou comme je compte honorer les pilotes de la RAF\u00a0\u00bb, a d\u00e9velopp\u00e9 le chef du gouvernement slovaque.<\/p>\n<p>Ce 9 mai va marquer le 80e anniversaire de la victoire contre l\u2019Allemagne nazie, une comm\u00e9moration essentielle pour la Russie et ses alli\u00e9s historiques, 27 millions de sovi\u00e9tiques ayant p\u00e9ri dans le conflit.<\/p>\n<\/div>\n<p><script async src=\"\/\/platform.twitter.com\/widgets.js\" charset=\"utf-8\"><\/script><br \/>\n<br \/><br \/>\n<br \/><a href=\"https:\/\/francais.rt.com\/international\/119487-malgre-menace-kallas-fico-reaffirme\" target=\"_blank\"\">Source link <\/a><\/p>\n","protected":false},"excerpt":{"rendered":"<p>Le Premier ministre slovaque Robert Fico a annonc\u00e9 le 15 avril qu&rsquo;il se rendrait aux c\u00e9l\u00e9brations du Jour de la Victoire \u00e0 Moscou le 9 mai, d\u00e9non\u00e7ant \u00abla menace\u00bb de&hellip; <\/p>\n","protected":false},"author":1,"featured_media":6437,"comment_status":"open","ping_status":"open","sticky":false,"template":"","format":"standard","meta":{"footnotes":""},"categories":[1],"tags":[],"class_list":["post-6436","post","type-post","status-publish","format-standard","has-post-thumbnail","hentry","category-non-classe"],"_links":{"self":[{"href":"https:\/\/monde25.info\/index.php\/wp-json\/wp\/v2\/posts\/6436","targetHints":{"allow":["GET"]}}],"collection":[{"href":"https:\/\/monde25.info\/index.php\/wp-json\/wp\/v2\/posts"}],"about":[{"href":"https:\/\/monde25.info\/index.php\/wp-json\/wp\/v2\/types\/post"}],"author":[{"embeddable":true,"href":"https:\/\/monde25.info\/index.php\/wp-json\/wp\/v2\/users\/1"}],"replies":[{"embeddable":true,"href":"https:\/\/monde25.info\/index.php\/wp-json\/wp\/v2\/comments?post=6436"}],"version-history":[{"count":0,"href":"https:\/\/monde25.info\/index.php\/wp-json\/wp\/v2\/posts\/6436\/revisions"}],"wp:featuredmedia":[{"embeddable":true,"href":"https:\/\/monde25.info\/index.php\/wp-json\/wp\/v2\/media\/6437"}],"wp:attachment":[{"href":"https:\/\/monde25.info\/index.php\/wp-json\/wp\/v2\/media?parent=6436"}],"wp:term":[{"taxonomy":"category","embeddable":true,"href":"https:\/\/monde25.info\/index.php\/wp-json\/wp\/v2\/categories?post=6436"},{"taxonomy":"post_tag","embeddable":true,"href":"https:\/\/monde25.info\/index.php\/wp-json\/wp\/v2\/tags?post=6436"}],"curies":[{"name":"wp","href":"https:\/\/api.w.org\/{rel}","templated":true}]}}