{"id":6450,"date":"2025-04-16T07:43:40","date_gmt":"2025-04-16T05:43:40","guid":{"rendered":"https:\/\/monde25.info\/index.php\/2025\/04\/16\/en-france-oppositions-et-syndicats-tancent-le-discours-de-bayrou-sur-le-budget-rt-en-francais\/"},"modified":"2025-04-16T07:43:40","modified_gmt":"2025-04-16T05:43:40","slug":"en-france-oppositions-et-syndicats-tancent-le-discours-de-bayrou-sur-le-budget-rt-en-francais","status":"publish","type":"post","link":"https:\/\/monde25.info\/index.php\/2025\/04\/16\/en-france-oppositions-et-syndicats-tancent-le-discours-de-bayrou-sur-le-budget-rt-en-francais\/","title":{"rendered":"en France, oppositions et syndicats tancent le discours de Bayrou sur le budget \u2014 RT en fran\u00e7ais"},"content":{"rendered":"<p> <br \/>\n<br \/><img decoding=\"async\" src=\"https:\/\/mf.b37mrtl.ru\/french\/images\/2025.04\/thumbnail\/67feb1126f7ccc02794a5b8c.jpg\" \/><\/p>\n<div>\n<p class=\"text__summary\">\n                                        Dans la foul\u00e9e de la conf\u00e9rence de presse de Fran\u00e7ois Bayrou, sur les difficult\u00e9s budg\u00e9taires du pays, des syndicats et des \u00e9lus d\u2019oppositions ont fustig\u00e9 une \u00abop\u00e9ration de communication\u00bb du gouvernement, voire de \u00abpropagande\u00bb, d\u00e9non\u00e7ant une volont\u00e9 de l\u2019ex\u00e9cutif de poursuivre la m\u00eame politique.\n                                    <\/p>\n<p>Le \u00ab\u00a0diagnostic\u00a0\u00bb du Premier ministre fran\u00e7ais quant aux difficult\u00e9s budg\u00e9taires de la France a \u00e9t\u00e9 fra\u00eechement re\u00e7ue, tant par les oppositions que par les syndicats qui avaient \u00e9t\u00e9 convi\u00e9s ce 15 avril \u00e0 prendre part au lancement du \u00ab\u00a0comit\u00e9 d&rsquo;alerte sur le Budget\u00a0\u00bb.<\/p>\n<p>\u00ab\u00a0J\u2019ai surtout l\u2019impression d\u2019avoir assist\u00e9 \u00e0 un <a target=\"_blank\" href=\"https:\/\/x.com\/LCI\/status\/1912101184900317444\">exercice de propagande<\/a> pour [\u2026] nous convaincre qu\u2019il va falloir poursuivre la m\u00eame politique qui a \u00e9chou\u00e9\u00a0\u00bb, a d\u00e9clar\u00e9 au micro de LCI le pr\u00e9sident de la commission des Finances de l&rsquo;Assembl\u00e9e nationale, \u00c9ric Coquerel, n\u2019excluant pas <a target=\"_blank\" href=\"https:\/\/x.com\/LCI\/status\/1912101184900317444\">une censure<\/a> du prochain budget. \u00ab\u00a0La mani\u00e8re dont ils \u00e9taient pr\u00e9sent\u00e9s, c\u2019est plus de la propagande que la v\u00e9rit\u00e9\u00a0\u00bb, <a target=\"_blank\" href=\"https:\/\/x.com\/L_insoumission\/status\/1912100066153680938\">avait-il d\u00e9j\u00e0 r\u00e9agi<\/a>, quelques minutes plus t\u00f4t, aupr\u00e8s d\u2019un journaliste d\u2019une autre cha\u00eene priv\u00e9e l\u2019interrogeant sur le \u00ab\u00a0constat\u00a0\u00bb qu\u2019aurait selon lui dress\u00e9 Fran\u00e7ois Bayrou.<\/p>\n<p>Alors que ce dernier avait notamment mis en avant, \u00e0 grand renfort de graphiques, le niveau d\u2019endettement \u00e9quivalent de l\u2019Allemagne et de la France en 2000, le d\u00e9put\u00e9 LFI de Seine-Saint-Denis a rappel\u00e9 \u00e0 la presse que l\u2019\u00e9conomie allemande avait depuis profit\u00e9 d\u2019une monnaie europ\u00e9enne unique \u00ab\u00a0trop forte pour nous\u00a0\u00bb et \u00ab\u00a0d\u00e9velopp\u00e9e son commerce ext\u00e9rieur sur l\u2019industrie\u00a0\u00bb, mettant en garde contre le risque de voir ce diff\u00e9rentiel s\u2019aggraver davantage \u00ab\u00a0si cette politique est men\u00e9e\u00a0\u00bb.<\/p>\n<p>\u00ab\u00a0\u00c7a ressemble \u00e0 une grosse <a target=\"_blank\" href=\"https:\/\/x.com\/JeromeGuedj\/status\/1912040254673998092\">op\u00e9ration de com\u2019\u00a0<\/a>\u00bb, a estim\u00e9 sur X le d\u00e9put\u00e9 socialiste de l&rsquo;Essonne J\u00e9r\u00f4me Guedj. La veille, annon\u00e7ant le boycott de cette conf\u00e9rence, l\u2019Association des maires de France (AMF) avait d\u00e9j\u00e0 d\u00e9nonc\u00e9 une \u00ab\u00a0\u00e9ni\u00e8me\u00a0s\u00e9quence de communication\u00a0\u00bb dont ils n\u2019entendaient pas \u00eatre \u00ab\u00a0les figurants\u00a0\u00bb.<\/p>\n<h2>Effort budg\u00e9taire\u00a0: les syndicats pointent le levier fiscal<\/h2>\n<p>Une s\u00e9quence politico-m\u00e9diatique \u00e9galement d\u00e9cri\u00e9e du c\u00f4t\u00e9 des syndicats. La secr\u00e9taire g\u00e9n\u00e9rale de la CGT Sophie Binet a d\u00e9nonc\u00e9 aupr\u00e8s de la presse une \u00ab\u00a0op\u00e9ration de com\u2019\u00a0du gouvernement\u00a0\u00bb, d\u00e9plorant notamment une absence de \u00ab\u00a0dialogue\u00a0\u00bb.<\/p>\n<p>\u00ab\u00a0L&rsquo;op\u00e9ration de ce matin est une op\u00e9ration de communication pour installer un climat anxiog\u00e8ne et infuser l&rsquo;id\u00e9e que les salari\u00e9s doivent faire des sacrifices\u00a0\u00bb, a par ailleurs d\u00e9clar\u00e9 la syndicaliste. Interrog\u00e9 sur les exigences de la CGT quant \u00e0 un retour \u00e0 la retraite \u00e0 60 ans, Binet a point\u00e9 du doigt les \u00ab\u00a0dividendes qui explosent\u00a0\u00bb. Une tendance qui selon elle \u00ab\u00a0explique que la comp\u00e9titivit\u00e9 et la productivit\u00e9 de notre pays s\u2019effondrent\u00a0\u00bb.<\/p>\n<p>Par ailleurs \u00ab\u00a0il ne doit pas \u00eatre tabou de mettre \u00e0 l\u2019ordre du jour une augmentation des cotisations sociales et un \u00e9largissement de l\u2019assiette de cotisations\u00a0\u00bb affirmant que \u00ab\u00a0la majorit\u00e9 des Fran\u00e7aises et des Fran\u00e7ais y sont favorables\u00a0\u00bb. Lors de sa conf\u00e9rence de presse, Fran\u00e7ois Bayrou a affirm\u00e9 que \u00ab\u00a0rien n&rsquo;\u00e9tait tabou\u00a0\u00bb, notamment concernant les retraites. Le Premier ministre fran\u00e7ais avait n\u00e9anmoins exclu toute hausse des pr\u00e9l\u00e8vements pour tenter de pallier \u00e0 la pression budg\u00e9taire, d\u00e9non\u00e7ant \u00ab\u00a0un raisonnement intenable\u00a0\u00bb et soulignant que la pression fiscale en France \u00e9tait d\u00e9j\u00e0 la plus forte au monde.<\/p>\n<p>Recourir au levier fiscal, une piste \u00e9galement \u00e9voqu\u00e9e par la secr\u00e9taire g\u00e9n\u00e9rale de la CFDT Marylise L\u00e9on en appelant \u00e0 la \u00ab\u00a0<a target=\"_blank\" href=\"https:\/\/x.com\/BFMTV\/status\/1912103849432653925?\">justice sociale\u00a0<\/a>\u00bb. \u00ab\u00a0Un imp\u00f4t plus juste c\u2019est celui qui fait plus contribuer ceux qui le peuvent\u00a0\u00bb, a-t-elle d\u00e9clar\u00e9 au micro de BFMTV, appelant le gouvernement \u00e0 sortir de ses \u00ab\u00a0dogmes\u00a0\u00bb et\u00a0\u00ab\u00a0de la paresse intellectuelle\u00a0\u00bb. \u00ab\u00a0Arr\u00eatez de nous dire \u00ab\u00a0on ne touche pas \u00e0 l\u2019imp\u00f4t\u00a0\u00bb\u00a0\u00bb a-t-elle enchain\u00e9, sugg\u00e9rant \u00ab\u00a0plus de progressivit\u00e9 \u00bb dans le bar\u00e8me d\u2019imposition ainsi que \u00ab\u00a0regarder ce qu\u2019on peut faire du c\u00f4t\u00e9 des successions\u00a0\u00bb.<\/p>\n<h2>\u00abIls veulent nous tondre comme les Grecs!\u00bb<\/h2>\n<p>\u00ab\u00a0Nous ne laisserons pas passer des mesures contre les Fran\u00e7ais alors qu&rsquo;il existe tant de gabegies et de mauvaise gestion des finances publiques\u00a0!\u00a0\u00bb <a target=\"_blank\" href=\"https:\/\/x.com\/MLP_officiel\/status\/1912102377890381916\">a lanc\u00e9<\/a> sur X<\/p>\n<p>La cheffe de file des d\u00e9put\u00e9s du Rassemblement national (RN) \u00e0 l\u2019Assembl\u00e9e Marine Le Pen, estimant que l\u2019exercice m\u00e9diatique de Fran\u00e7ois Bayrou n\u2019\u00e9tait \u00ab\u00a0pas \u00e0 la hauteur de la grave crise des finances publiques que notre pays subit apr\u00e8s sept ann\u00e9es de macronisme\u00a0\u00bb.<\/p>\n<p>\u00ab\u00a0<a target=\"_blank\" href=\"https:\/\/www.tf1.fr\/lci\/lci-midi\/videos\/discours-de-francois-bayrou-cetait-orwellien-tance-le-depute-rn-jean-philippe-tanguy-91921120.html\">C\u2019\u00e9tait orwellien\u00a0<\/a>\u00bb, a r\u00e9agi Jean-Philippe Tanguy depuis le Palais Bourbon, interrog\u00e9 sur une cha\u00eene priv\u00e9e sur ce \u00ab\u00a0discours de v\u00e9rit\u00e9\u00a0\u00bb de Fran\u00e7ois Bayrou. Regrettant une \u00ab\u00a0matin\u00e9e pour rien\u00a0\u00bb, le d\u00e9put\u00e9 RN de la Somme a tacl\u00e9 un \u00ab interminable enfon\u00e7age de portes ouvertes pour nous dire ce que tout le monde sait [\u2026] et tenter de nous faire oublier que monsieur Bayrou gouverne et cogouverne depuis sept ans avec la cr\u00e9ation de plus de 1\u00a0000 milliards de dettes et les pires d\u00e9ficits &#8211; en dehors de toute crise &#8211; que la Ve R\u00e9publique ait connus \u00bb.<\/p>\n<p>La succession d\u2019annonces du gouvernement, quant aux efforts budg\u00e9taires auxquels devraient consentir les Fran\u00e7ais en 2026, a \u00e9galement fait r\u00e9agir du c\u00f4t\u00e9 des souverainistes. \u00ab\u00a0Ils veulent nous tondre comme les Grecs\u00a0!\u00a0\u00bb <a target=\"_blank\" href=\"https:\/\/t.co\/e1CJ1ejx8R\">s\u2019est insurg\u00e9<\/a>, dans une vid\u00e9o publi\u00e9e sur sa cha\u00eene Youtube, le pr\u00e9sident des Patriotes Florian Philippot, pointant du doigt une aust\u00e9rit\u00e9 \u00ab\u00a0in\u00e9dite\u00a0\u00bb et des oppositions \u00ab\u00a0compl\u00e8tement endormies\u00a0\u00bb.<\/p>\n<p>Le 13 avril, au micro de BFMTV, le ministre de l\u2019\u00c9conomie \u00c9ric Lombard avait d\u00e9clar\u00e9 qu\u2019il serait n\u00e9cessaire d\u2019effectuer un nouvel effort afin que la France retrouve un d\u00e9ficit de 3 % en 2029. Un effort qu\u2019il avait alors chiffr\u00e9 \u00e0 \u00ab\u00a040 milliards d\u2019euros\u00a0\u00bb.<\/p>\n<\/div>\n<p><br \/>\n<br \/><a href=\"https:\/\/francais.rt.com\/france\/119486-orwellien-operation-com-france-oppositions\" target=\"_blank\"\">Source link <\/a><\/p>\n","protected":false},"excerpt":{"rendered":"<p>Dans la foul\u00e9e de la conf\u00e9rence de presse de Fran\u00e7ois Bayrou, sur les difficult\u00e9s budg\u00e9taires du pays, des syndicats et des \u00e9lus d\u2019oppositions ont fustig\u00e9 une \u00abop\u00e9ration de communication\u00bb du&hellip; <\/p>\n","protected":false},"author":1,"featured_media":6451,"comment_status":"open","ping_status":"open","sticky":false,"template":"","format":"standard","meta":{"footnotes":""},"categories":[1],"tags":[],"class_list":["post-6450","post","type-post","status-publish","format-standard","has-post-thumbnail","hentry","category-non-classe"],"_links":{"self":[{"href":"https:\/\/monde25.info\/index.php\/wp-json\/wp\/v2\/posts\/6450","targetHints":{"allow":["GET"]}}],"collection":[{"href":"https:\/\/monde25.info\/index.php\/wp-json\/wp\/v2\/posts"}],"about":[{"href":"https:\/\/monde25.info\/index.php\/wp-json\/wp\/v2\/types\/post"}],"author":[{"embeddable":true,"href":"https:\/\/monde25.info\/index.php\/wp-json\/wp\/v2\/users\/1"}],"replies":[{"embeddable":true,"href":"https:\/\/monde25.info\/index.php\/wp-json\/wp\/v2\/comments?post=6450"}],"version-history":[{"count":0,"href":"https:\/\/monde25.info\/index.php\/wp-json\/wp\/v2\/posts\/6450\/revisions"}],"wp:featuredmedia":[{"embeddable":true,"href":"https:\/\/monde25.info\/index.php\/wp-json\/wp\/v2\/media\/6451"}],"wp:attachment":[{"href":"https:\/\/monde25.info\/index.php\/wp-json\/wp\/v2\/media?parent=6450"}],"wp:term":[{"taxonomy":"category","embeddable":true,"href":"https:\/\/monde25.info\/index.php\/wp-json\/wp\/v2\/categories?post=6450"},{"taxonomy":"post_tag","embeddable":true,"href":"https:\/\/monde25.info\/index.php\/wp-json\/wp\/v2\/tags?post=6450"}],"curies":[{"name":"wp","href":"https:\/\/api.w.org\/{rel}","templated":true}]}}