{"id":6458,"date":"2025-04-16T11:36:24","date_gmt":"2025-04-16T09:36:24","guid":{"rendered":"https:\/\/monde25.info\/index.php\/2025\/04\/16\/trains-de-la-colere-le-massif-central-veut-sortir-de-lenfer-ferroviaire\/"},"modified":"2025-04-16T11:36:24","modified_gmt":"2025-04-16T09:36:24","slug":"trains-de-la-colere-le-massif-central-veut-sortir-de-lenfer-ferroviaire","status":"publish","type":"post","link":"https:\/\/monde25.info\/index.php\/2025\/04\/16\/trains-de-la-colere-le-massif-central-veut-sortir-de-lenfer-ferroviaire\/","title":{"rendered":"\u00ab\u00a0Trains de la col\u00e8re\u00a0\u00bb\u00a0: le Massif central veut sortir de l&#039;enfer ferroviaire"},"content":{"rendered":"<p> <br \/>\n<br \/><img loading=\"lazy\" decoding=\"async\" src=\"https:\/\/reporterre.net\/local\/cache-vignettes\/L700xH467\/tous_d_une_me_me_voie-23-0895f.jpg?1744791011\" class=\"spip_logo\" width=\"700\" height=\"467\" alt=\"\" \/><\/p>\n<p>Une mobilisation d&rsquo;ampleur a fait converger vers Paris \u00e9lus et usagers des lignes de train du centre de la France, qui d\u00e9plorent un service d\u00e9grad\u00e9. Le ministre des Transports a refus\u00e9 de les rencontrer. <br class=\"autobr\" \/><br \/>\nEntre Clermont-Ferrand et Paris, reportage <br class=\"autobr\" \/><br \/>\n\u00ab<small class=\"fine d-inline\">\u00a0<\/small>Le centre de la France, le Sud-Ouest et le Massif central ne sont pas des territoires de seconde zone<small class=\"fine d-inline\">\u00a0<\/small>\u00bb, mart\u00e8le Andr\u00e9a Brouille vice-pr\u00e9sidente (<span class=\"caps\">PS<\/span>) de la R\u00e9gion Nouvelle-Aquitaine. Avec elle, ils \u00e9taient environ 400, selon les organisateurs,\u00a0(\u2026)<\/p>\n<p>                    <a target=\"_blank\" href=\"https:\/\/reporterre.net\/Trains-de-la-colere-le-Massif-central-se-mobilise-pour-sortir-de-l-enfer-ferroviaire?utm_source=RSS&amp;utm_medium=RSS\">Lire la suite<\/a><\/p>\n<p>                    &#8211;<br \/>\n                        <a target=\"_blank\" href=\"https:\/\/reporterre.net\/Reportage\" rel=\"directory\">Reportage<\/a><\/p>\n<p>                    \/<br \/>\n                        <a target=\"_blank\" href=\"https:\/\/reporterre.net\/Transports\" rel=\"tag\">Transports<\/a><br \/>\n<br \/><br \/>\n<br \/><a href=\"https:\/\/reporterre.net\/Trains-de-la-colere-le-Massif-central-se-mobilise-pour-sortir-de-l-enfer-ferroviaire\" target=\"_blank\"\">Source link <\/a><\/p>\n","protected":false},"excerpt":{"rendered":"<p>Une mobilisation d&rsquo;ampleur a fait converger vers Paris \u00e9lus et usagers des lignes de train du centre de la France, qui d\u00e9plorent un service d\u00e9grad\u00e9. Le ministre des Transports a&hellip; <\/p>\n","protected":false},"author":1,"featured_media":0,"comment_status":"open","ping_status":"open","sticky":false,"template":"","format":"standard","meta":{"footnotes":""},"categories":[1],"tags":[],"class_list":["post-6458","post","type-post","status-publish","format-standard","hentry","category-non-classe"],"_links":{"self":[{"href":"https:\/\/monde25.info\/index.php\/wp-json\/wp\/v2\/posts\/6458","targetHints":{"allow":["GET"]}}],"collection":[{"href":"https:\/\/monde25.info\/index.php\/wp-json\/wp\/v2\/posts"}],"about":[{"href":"https:\/\/monde25.info\/index.php\/wp-json\/wp\/v2\/types\/post"}],"author":[{"embeddable":true,"href":"https:\/\/monde25.info\/index.php\/wp-json\/wp\/v2\/users\/1"}],"replies":[{"embeddable":true,"href":"https:\/\/monde25.info\/index.php\/wp-json\/wp\/v2\/comments?post=6458"}],"version-history":[{"count":0,"href":"https:\/\/monde25.info\/index.php\/wp-json\/wp\/v2\/posts\/6458\/revisions"}],"wp:attachment":[{"href":"https:\/\/monde25.info\/index.php\/wp-json\/wp\/v2\/media?parent=6458"}],"wp:term":[{"taxonomy":"category","embeddable":true,"href":"https:\/\/monde25.info\/index.php\/wp-json\/wp\/v2\/categories?post=6458"},{"taxonomy":"post_tag","embeddable":true,"href":"https:\/\/monde25.info\/index.php\/wp-json\/wp\/v2\/tags?post=6458"}],"curies":[{"name":"wp","href":"https:\/\/api.w.org\/{rel}","templated":true}]}}