{"id":6461,"date":"2025-04-16T12:42:51","date_gmt":"2025-04-16T10:42:51","guid":{"rendered":"https:\/\/monde25.info\/index.php\/2025\/04\/16\/la-cour-des-comptes-souligne-lopacite-des-financements-de-lue-aux-ong\/"},"modified":"2025-04-16T12:42:51","modified_gmt":"2025-04-16T10:42:51","slug":"la-cour-des-comptes-souligne-lopacite-des-financements-de-lue-aux-ong","status":"publish","type":"post","link":"https:\/\/monde25.info\/index.php\/2025\/04\/16\/la-cour-des-comptes-souligne-lopacite-des-financements-de-lue-aux-ong\/","title":{"rendered":"La Cour des comptes souligne l&rsquo;opacit\u00e9 des financements de l&rsquo;UE aux ONG"},"content":{"rendered":"<p> <br \/>\n<\/p>\n<div>\n<p><strong>Entre 2021 et 2023, la Commission europ\u00e9enne a distribu\u00e9 7,4 milliards d\u2019euros de subventions \u00e0 des ONG, r\u00e9v\u00e8le un rapport de la Cour des comptes europ\u00e9enne publi\u00e9 le 7 avril 2025. Pourtant, aucun syst\u00e8me de suivi digne de ce nom n\u2019encadre ces financements.\u00a0<\/strong><\/p>\n<p>L\u2019audit, qui couvre les fonds vers\u00e9s dans le cadre des politiques internes de l\u2019UE et ceux du Fonds social europ\u00e9en (FSE+) et du Fonds Asile, migration et int\u00e9gration (FAMI), montre un d\u00e9calage saisissant entre les ambitions affich\u00e9es et la r\u00e9alit\u00e9 de la gestion.<\/p>\n<p>Comme le rapporte <em>The Epoch Times<\/em>, la Cour des comptes n\u2019y va pas par quatre chemins : \u00ab Le financement des ONG par l\u2019UE est trop opaque \u00bb, a d\u00e9clar\u00e9 Laima Andrikien\u0117, responsable de l\u2019enqu\u00eate. Une phrase qui pourrait r\u00e9sumer l\u2019ensemble du rapport. Sur plus de 70 000 b\u00e9n\u00e9ficiaires recens\u00e9s, une \u00e9crasante majorit\u00e9 n\u2019a pas de statut clairement d\u00e9fini. Pire, pr\u00e8s de 3,3 milliards d\u2019euros sont all\u00e9s \u00e0 seulement 30 ONG, dont les noms n\u2019apparaissent nulle part dans le document. Dans un contexte o\u00f9 les scandales s\u2019encha\u00eenent \u2013 du Qatargate au GreenGate \u2013 l\u2019opinion publique pourrait se demander si Bruxelles a r\u00e9ellement tir\u00e9 les le\u00e7ons du pass\u00e9.<\/p>\n<p>Le m\u00e9dia Epoch Times souligne que certains fonds ont financ\u00e9 des activit\u00e9s de lobbying sans que cela ne soit indiqu\u00e9 clairement. L\u2019UE n\u2019a mis en place aucun contr\u00f4le syst\u00e9matique pour v\u00e9rifier que les ONG respectent ses valeurs ou ne soient pas instrumentalis\u00e9es \u00e0 des fins politiques ou commerciales. L\u2019absence d\u2019une d\u00e9finition unique et appliqu\u00e9e du terme \u00ab ONG \u00bb permet \u00e0 des entit\u00e9s parfois douteuses de se faire passer pour des acteurs de la soci\u00e9t\u00e9 civile. Pour couronner le tout, selon <em>Le Point, <\/em>un quart des ONG examin\u00e9es ne r\u00e9pondaient pas aux crit\u00e8res l\u00e9gaux pour obtenir ces subventions.<\/p>\n<\/div>\n<p><script>(function(d, s, id) {  var js, fjs = d.getElementsByTagName(s)[0];  if (d.getElementById(id)) return;  js = d.createElement(s); js.id = id;  js.src = \"\/\/connect.facebook.net\/fr_FR\/sdk.js#xfbml=1&version=v2.3\";  fjs.parentNode.insertBefore(js, fjs);}(document, \"script\", \"facebook-jssdk\"));<\/script><br \/>\n<br \/><br \/>\n<br \/><a href=\"https:\/\/www.francesoir.fr\/politique-monde\/la-cour-des-comptes-souligne-l-opacite-des-financements-de-l-ue-aux-ong\" target=\"_blank\"\">Source link <\/a><\/p>\n","protected":false},"excerpt":{"rendered":"<p>Entre 2021 et 2023, la Commission europ\u00e9enne a distribu\u00e9 7,4 milliards d\u2019euros de subventions \u00e0 des ONG, r\u00e9v\u00e8le un rapport de la Cour des comptes europ\u00e9enne publi\u00e9 le 7 avril&hellip; <\/p>\n","protected":false},"author":1,"featured_media":6462,"comment_status":"open","ping_status":"open","sticky":false,"template":"","format":"standard","meta":{"footnotes":""},"categories":[1],"tags":[],"class_list":["post-6461","post","type-post","status-publish","format-standard","has-post-thumbnail","hentry","category-non-classe"],"_links":{"self":[{"href":"https:\/\/monde25.info\/index.php\/wp-json\/wp\/v2\/posts\/6461","targetHints":{"allow":["GET"]}}],"collection":[{"href":"https:\/\/monde25.info\/index.php\/wp-json\/wp\/v2\/posts"}],"about":[{"href":"https:\/\/monde25.info\/index.php\/wp-json\/wp\/v2\/types\/post"}],"author":[{"embeddable":true,"href":"https:\/\/monde25.info\/index.php\/wp-json\/wp\/v2\/users\/1"}],"replies":[{"embeddable":true,"href":"https:\/\/monde25.info\/index.php\/wp-json\/wp\/v2\/comments?post=6461"}],"version-history":[{"count":0,"href":"https:\/\/monde25.info\/index.php\/wp-json\/wp\/v2\/posts\/6461\/revisions"}],"wp:featuredmedia":[{"embeddable":true,"href":"https:\/\/monde25.info\/index.php\/wp-json\/wp\/v2\/media\/6462"}],"wp:attachment":[{"href":"https:\/\/monde25.info\/index.php\/wp-json\/wp\/v2\/media?parent=6461"}],"wp:term":[{"taxonomy":"category","embeddable":true,"href":"https:\/\/monde25.info\/index.php\/wp-json\/wp\/v2\/categories?post=6461"},{"taxonomy":"post_tag","embeddable":true,"href":"https:\/\/monde25.info\/index.php\/wp-json\/wp\/v2\/tags?post=6461"}],"curies":[{"name":"wp","href":"https:\/\/api.w.org\/{rel}","templated":true}]}}