{"id":6473,"date":"2025-04-16T17:08:25","date_gmt":"2025-04-16T15:08:25","guid":{"rendered":"https:\/\/monde25.info\/index.php\/2025\/04\/16\/le-piege-du-grand-rearmement-le-monde-diplomatique-avril-2025\/"},"modified":"2025-04-16T17:08:25","modified_gmt":"2025-04-16T15:08:25","slug":"le-piege-du-grand-rearmement-le-monde-diplomatique-avril-2025","status":"publish","type":"post","link":"https:\/\/monde25.info\/index.php\/2025\/04\/16\/le-piege-du-grand-rearmement-le-monde-diplomatique-avril-2025\/","title":{"rendered":"Le pi\u00e8ge du grand r\u00e9armement (Le Monde diplomatique, avril 2025)"},"content":{"rendered":"<p> <br \/>\n<\/p>\n<div couleurfade=\"ece7e5\" couleurclaire=\"eae3e0\" couleurpale=\"e6bfb2\" couleurmi=\"795c52\" couleurfoncee=\"783820\" couleursombre=\"1e1714\" couleurfond=\"5b504c\" couleurtexte=\"ffffff\">\n<figure class=\"spip_document_34356 spip_documents spip_documents_center justecol\" style=\"width:650px;\">\n<div class=\"limage\">\n<p>\t\t\t<img loading=\"lazy\" decoding=\"async\" src=\"https:\/\/www.monde-diplomatique.fr\/\/local\/cache-vignettes\/L650xH783\/img001-79-ddc58.jpg?1743072973\" width=\"650\" height=\"783\" class=\"spip_logos\" alt=\"JPEG - 135.4\u00a0ko\"\/><\/p><\/div><figcaption>\n<p>Serhii Hrekh. \u2013 \u00ab<small class=\"fine\">\u00a0<\/small>Total Control<small class=\"fine\">\u00a0<\/small>\u00bb, 2023<\/p>\n<p>\u00a9 Serhii Hrekh &#8211; ferosone.artfond.me\n<\/p>\n<\/figcaption><\/figure>\n<p><span class=\"mot-lettrine\"><span class=\"lettrine\">L<\/span>e<\/span> grand r\u00e9armement marque le virage le plus spectaculaire pris par l\u2019Union europ\u00e9enne depuis la fin de la guerre froide. Arros\u00e9e de subventions publiques, toute l\u2019\u00e9conomie du Vieux Continent battra d\u00e9sormais au rythme des forges \u00e0 canons, au d\u00e9triment de la protection sociale, notamment des retraites. \u00c0 Paris, Berlin, Varsovie, les politiques ainsi que les m\u00e9dias exhortent les populations \u00e0 l\u2019effort et \u00e0 la discipline. On ne revendique pas quand l\u2019ennemi campe \u00e0 nos portes<small class=\"fine\">\u00a0<\/small>!<\/p>\n<p>Ce tournant, d\u00e9cid\u00e9 sans consultation populaire, survient au moment m\u00eame o\u00f9 s\u2019engagent les pourparlers de paix en Ukraine. Il repose sur un pr\u00e9suppos\u00e9\u00a0: <i>\u00ab<small class=\"fine\">\u00a0<\/small>La Russie repr\u00e9sente une menace existentielle pour notre s\u00e9curit\u00e9<small class=\"fine\">\u00a0<\/small>\u00bb<small class=\"fine\">\u00a0<\/small>;<\/i> elle pourrait passer \u00e0 l\u2019action <i>\u00ab<small class=\"fine\">\u00a0<\/small>d\u2019ici trois \u00e0 cinq ans<small class=\"fine\">\u00a0<\/small>\u00bb,<\/i> selon Mme\u00a0Kaja Kallas, cheffe de la diplomatie de l\u2019Union. Mais cette perception, courante dans les pays baltes et en Pologne, correspond-elle \u00e0 une r\u00e9alit\u00e9 g\u00e9ographique, diplomatique ou militaire dans les autres \u00c9tats<small class=\"fine\">\u00a0<\/small>? Ou bien fournit-elle aux dirigeants europ\u00e9ens d\u00e9boussol\u00e9s par le nouveau cours de la politique \u00e9trang\u00e8re am\u00e9ricaine un \u00e9ni\u00e8me pr\u00e9texte pour acc\u00e9l\u00e9rer une int\u00e9gration de plus en plus discut\u00e9e<small class=\"fine\">\u00a0<\/small>?<\/p>\n<\/p><\/div>\n<p><br \/>\n<br \/><a href=\"https:\/\/www.monde-diplomatique.fr\/2025\/04\/A\/68222\" target=\"_blank\"\">Source link <\/a><\/p>\n","protected":false},"excerpt":{"rendered":"<p>Serhii Hrekh. \u2013 \u00ab\u00a0Total Control\u00a0\u00bb, 2023 \u00a9 Serhii Hrekh &#8211; ferosone.artfond.me Le grand r\u00e9armement marque le virage le plus spectaculaire pris par l\u2019Union europ\u00e9enne depuis la fin de la guerre&hellip; <\/p>\n","protected":false},"author":1,"featured_media":6474,"comment_status":"open","ping_status":"open","sticky":false,"template":"","format":"standard","meta":{"footnotes":""},"categories":[1],"tags":[],"class_list":["post-6473","post","type-post","status-publish","format-standard","has-post-thumbnail","hentry","category-non-classe"],"_links":{"self":[{"href":"https:\/\/monde25.info\/index.php\/wp-json\/wp\/v2\/posts\/6473","targetHints":{"allow":["GET"]}}],"collection":[{"href":"https:\/\/monde25.info\/index.php\/wp-json\/wp\/v2\/posts"}],"about":[{"href":"https:\/\/monde25.info\/index.php\/wp-json\/wp\/v2\/types\/post"}],"author":[{"embeddable":true,"href":"https:\/\/monde25.info\/index.php\/wp-json\/wp\/v2\/users\/1"}],"replies":[{"embeddable":true,"href":"https:\/\/monde25.info\/index.php\/wp-json\/wp\/v2\/comments?post=6473"}],"version-history":[{"count":0,"href":"https:\/\/monde25.info\/index.php\/wp-json\/wp\/v2\/posts\/6473\/revisions"}],"wp:featuredmedia":[{"embeddable":true,"href":"https:\/\/monde25.info\/index.php\/wp-json\/wp\/v2\/media\/6474"}],"wp:attachment":[{"href":"https:\/\/monde25.info\/index.php\/wp-json\/wp\/v2\/media?parent=6473"}],"wp:term":[{"taxonomy":"category","embeddable":true,"href":"https:\/\/monde25.info\/index.php\/wp-json\/wp\/v2\/categories?post=6473"},{"taxonomy":"post_tag","embeddable":true,"href":"https:\/\/monde25.info\/index.php\/wp-json\/wp\/v2\/tags?post=6473"}],"curies":[{"name":"wp","href":"https:\/\/api.w.org\/{rel}","templated":true}]}}