{"id":6475,"date":"2025-04-16T17:42:18","date_gmt":"2025-04-16T15:42:18","guid":{"rendered":"https:\/\/monde25.info\/index.php\/2025\/04\/16\/cest-le-scenario-catastrophe-les-coraux-en-peril-a-la-reunion\/"},"modified":"2025-04-16T17:42:18","modified_gmt":"2025-04-16T15:42:18","slug":"cest-le-scenario-catastrophe-les-coraux-en-peril-a-la-reunion","status":"publish","type":"post","link":"https:\/\/monde25.info\/index.php\/2025\/04\/16\/cest-le-scenario-catastrophe-les-coraux-en-peril-a-la-reunion\/","title":{"rendered":"\u00ab\u00a0C&#039;est le sc\u00e9nario catastrophe\u00a0\u00bb\u00a0: les coraux en p\u00e9ril \u00e0 La R\u00e9union"},"content":{"rendered":"<p> <br \/>\n<br \/><img loading=\"lazy\" decoding=\"async\" src=\"https:\/\/reporterre.net\/local\/cache-vignettes\/L700xH467\/coraux_reunion-1-78b41.jpg?1744811102\" class=\"spip_logo\" width=\"700\" height=\"467\" alt=\"\" \/><\/p>\n<p>Le r\u00e9cif corallien de La R\u00e9union subit l&rsquo;un des pires \u00e9pisodes de blanchissement. Avec la pollution et les effets du cyclone Garance, l&rsquo;avenir des coraux est incertain. <br class=\"autobr\" \/><br \/>\nLa R\u00e9union, correspondance <br class=\"autobr\" \/><br \/>\nDes graphiques, des courbes et un pic rouge fonc\u00e9. Voici les donn\u00e9es qui ont lanc\u00e9 l&rsquo;alerte \u00e0 La R\u00e9union d\u00e8s la mi-janvier. Ce sont des images satellite qui ont permis d&rsquo;annoncer une hausse majeure de la temp\u00e9rature des oc\u00e9ans. \u00ab<small class=\"fine d-inline\">\u00a0<\/small>Voir cette alerte si t\u00f4t dans l&rsquo;ann\u00e9e m&rsquo;a inqui\u00e9t\u00e9<small class=\"fine d-inline\">\u00a0<\/small>\u00bb, dit Bruce\u00a0(\u2026)<\/p>\n<p>                    <a target=\"_blank\" href=\"https:\/\/reporterre.net\/Le-cyclone-Garance-fossoyeur-des-coraux-de-La-Reunion?utm_source=RSS&amp;utm_medium=RSS\">Lire la suite<\/a><\/p>\n<p>                    &#8211;<br \/>\n                        <a target=\"_blank\" href=\"https:\/\/reporterre.net\/Reportage\" rel=\"directory\">Reportage<\/a><\/p>\n<p>                    \/<br \/>\n                        <a target=\"_blank\" href=\"https:\/\/reporterre.net\/Photographies\" rel=\"tag\">Photographies<\/a><br \/>\n                    ,<br \/>\n                        <a target=\"_blank\" href=\"https:\/\/reporterre.net\/Mers-et-oceans\" rel=\"tag\">Oc\u00e9ans<\/a><br \/>\n<br \/><br \/>\n<br \/><a href=\"https:\/\/reporterre.net\/Le-cyclone-Garance-fossoyeur-des-coraux-de-La-Reunion\" target=\"_blank\"\">Source link <\/a><\/p>\n","protected":false},"excerpt":{"rendered":"<p>Le r\u00e9cif corallien de La R\u00e9union subit l&rsquo;un des pires \u00e9pisodes de blanchissement. Avec la pollution et les effets du cyclone Garance, l&rsquo;avenir des coraux est incertain. La R\u00e9union, correspondance&hellip; <\/p>\n","protected":false},"author":1,"featured_media":0,"comment_status":"open","ping_status":"open","sticky":false,"template":"","format":"standard","meta":{"footnotes":""},"categories":[1],"tags":[],"class_list":["post-6475","post","type-post","status-publish","format-standard","hentry","category-non-classe"],"_links":{"self":[{"href":"https:\/\/monde25.info\/index.php\/wp-json\/wp\/v2\/posts\/6475","targetHints":{"allow":["GET"]}}],"collection":[{"href":"https:\/\/monde25.info\/index.php\/wp-json\/wp\/v2\/posts"}],"about":[{"href":"https:\/\/monde25.info\/index.php\/wp-json\/wp\/v2\/types\/post"}],"author":[{"embeddable":true,"href":"https:\/\/monde25.info\/index.php\/wp-json\/wp\/v2\/users\/1"}],"replies":[{"embeddable":true,"href":"https:\/\/monde25.info\/index.php\/wp-json\/wp\/v2\/comments?post=6475"}],"version-history":[{"count":0,"href":"https:\/\/monde25.info\/index.php\/wp-json\/wp\/v2\/posts\/6475\/revisions"}],"wp:attachment":[{"href":"https:\/\/monde25.info\/index.php\/wp-json\/wp\/v2\/media?parent=6475"}],"wp:term":[{"taxonomy":"category","embeddable":true,"href":"https:\/\/monde25.info\/index.php\/wp-json\/wp\/v2\/categories?post=6475"},{"taxonomy":"post_tag","embeddable":true,"href":"https:\/\/monde25.info\/index.php\/wp-json\/wp\/v2\/tags?post=6475"}],"curies":[{"name":"wp","href":"https:\/\/api.w.org\/{rel}","templated":true}]}}