{"id":6476,"date":"2025-04-16T18:15:07","date_gmt":"2025-04-16T16:15:07","guid":{"rendered":"https:\/\/monde25.info\/index.php\/2025\/04\/16\/les-10-infos-de-la-semaine-a-ne-pas-rater\/"},"modified":"2025-04-16T18:15:07","modified_gmt":"2025-04-16T16:15:07","slug":"les-10-infos-de-la-semaine-a-ne-pas-rater","status":"publish","type":"post","link":"https:\/\/monde25.info\/index.php\/2025\/04\/16\/les-10-infos-de-la-semaine-a-ne-pas-rater\/","title":{"rendered":"Les 10 infos de la semaine \u00e0 ne pas rater"},"content":{"rendered":"<p> <br \/>\n<\/p>\n<div>\n<h4 dir=\"auto\"><strong>Si vous n\u2019avez pas eu le temps de suivre l\u2019actualit\u00e9, Mr Mondialisation vous offre une revue de presse de ce qu\u2019il ne fallait pas manquer la semaine.<\/strong><\/h4>\n<p><strong>Climat, colonisation, r\u00e9seaux sociaux, droit du sol, ex\u00e9cutions, culture, extr\u00eame-droite, sant\u00e9, capitalisme\u2026<\/strong> On fait le tour de l\u2019actu en 10 infos essentielles.<\/p>\n<h2><strong>1. Gaza<\/strong><\/h2>\n<p>La France, l\u2019\u00c9gypte et la Jordanie ont appel\u00e9 \u00e0 une reprise imm\u00e9diate de la tr\u00eave dans la bande de Gaza lors d\u2019un sommet au Caire, tout en r\u00e9affirmant <strong>leur soutien \u00e0 une gouvernance future assur\u00e9e par l\u2019Autorit\u00e9 palestinienne.<\/strong><a target=\"_blank\" href=\"https:\/\/www.humanite.fr\/monde\/emmanuel-macron\/on-doit-aller-vers-une-reconnaissance-macron-pret-a-reconnaitre-un-etat-palestinien\"> L\u2019Humanit\u00e9<\/a><\/p>\n<p><iframe loading=\"lazy\" title=\"Gaza face \u00e0 &quot;la pire situation humanitaire depuis le d\u00e9but de la guerre&quot; selon l&#039;ONU \u2022 FRANCE 24\" width=\"1110\" height=\"624\" src=\"https:\/\/www.youtube.com\/embed\/YhdKrwvgejk?feature=oembed\" frameborder=\"0\" allow=\"accelerometer; autoplay; clipboard-write; encrypted-media; gyroscope; picture-in-picture; web-share\" referrerpolicy=\"strict-origin-when-cross-origin\" allowfullscreen><\/iframe><\/p>\n<h2><strong>2. Record de chaleur en Europe<\/strong><\/h2>\n<p><a target=\"_blank\" href=\"https:\/\/mrmondialisation.org\/agroecologique-potager-climat\/\"><strong>Mars 2025 a \u00e9t\u00e9 le mois de mars le plus chaud jamais enregistr\u00e9 en Europe,<\/strong> <\/a>avec des temp\u00e9ratures d\u00e9passant de 2,41\u00b0C la moyenne, notamment en Europe de l\u2019Est, selon les donn\u00e9es de Copernicus. <a target=\"_blank\" href=\"https:\/\/www.liberation.fr\/environnement\/climat\/le-mois-de-mars-2025-a-ete-le-plus-chaud-jamais-enregistre-en-europe-20250408_CRPCEZKGGJHV5MSUQSHLLRRCQA\/\">Lib\u00e9ration<\/a><\/p>\n<h2><strong>3. Protection des adolescents en ligne<\/strong><\/h2>\n<p>Meta \u00e9tend ses \u00ab comptes ado \u00bb (d\u00e9j\u00e0 pr\u00e9sents sur Instagram) \u00e0 Facebook et Messenger, imposant des <strong>restrictions automatiques pour les 13-17 ans,<\/strong> comme des limites de temps d\u2019usage et un filtrage renforc\u00e9 du contenu. <a target=\"_blank\" href=\"https:\/\/about.fb.com\/fr\/news\/2025\/04\/deploiement-des-comptes-ado-sur-facebook-et-messenger-ainsi-que-de-nouvelles-restrictions-integrees-pour-les-comptes-ados-sur-instagram\/\">Meta<\/a><\/p>\n<figure id=\"attachment_716672\" aria-describedby=\"caption-attachment-716672\" style=\"width: 1024px\" class=\"wp-caption alignnone\"><img fetchpriority=\"high\" decoding=\"async\" class=\"wp-image-716672 size-medium\" src=\"https:\/\/mrmondialisation.org\/wp-content\/uploads\/2025\/04\/creative-christians-hn6uxg7gzte-unsplash-e1744798841466-1024x599.jpg\" alt=\"\" width=\"1024\" height=\"599\" srcset=\"https:\/\/mrmondialisation.org\/wp-content\/uploads\/2025\/04\/creative-christians-hn6uxg7gzte-unsplash-e1744798841466-1024x599.jpg 1024w, https:\/\/mrmondialisation.org\/wp-content\/uploads\/2025\/04\/creative-christians-hn6uxg7gzte-unsplash-e1744798841466-1524x892.jpg 1524w, https:\/\/mrmondialisation.org\/wp-content\/uploads\/2025\/04\/creative-christians-hn6uxg7gzte-unsplash-e1744798841466-768x449.jpg 768w, https:\/\/mrmondialisation.org\/wp-content\/uploads\/2025\/04\/creative-christians-hn6uxg7gzte-unsplash-e1744798841466-1536x899.jpg 1536w, https:\/\/mrmondialisation.org\/wp-content\/uploads\/2025\/04\/creative-christians-hn6uxg7gzte-unsplash-e1744798841466-696x407.jpg 696w, https:\/\/mrmondialisation.org\/wp-content\/uploads\/2025\/04\/creative-christians-hn6uxg7gzte-unsplash-e1744798841466-1068x625.jpg 1068w, https:\/\/mrmondialisation.org\/wp-content\/uploads\/2025\/04\/creative-christians-hn6uxg7gzte-unsplash-e1744798841466-718x420.jpg 718w, https:\/\/mrmondialisation.org\/wp-content\/uploads\/2025\/04\/creative-christians-hn6uxg7gzte-unsplash-e1744798841466.jpg 1718w\" sizes=\"(max-width: 1024px) 100vw, 1024px\"\/><figcaption id=\"caption-attachment-716672\" class=\"wp-caption-text\">Photo de <a target=\"_blank\" href=\"https:\/\/unsplash.com\/fr\/@creativechristians?utm_content=creditCopyText&amp;utm_medium=referral&amp;utm_source=unsplash\">Creative Christians<\/a> sur <a target=\"_blank\" href=\"https:\/\/unsplash.com\/fr\/photos\/groupe-de-personnes-debout-sur-le-sol-brun-HN6uXG7GzTE?utm_content=creditCopyText&amp;utm_medium=referral&amp;utm_source=unsplash\">Unsplash<\/a><\/figcaption><\/figure>\n<h2><strong>4. Droit du sol en outre-mer\u00a0<\/strong><\/h2>\n<p>La proposition de loi durcissant le droit du sol dans les r\u00e9gions d\u2019outre-mer a \u00e9t\u00e9 d\u00e9finitivement adopt\u00e9e, marquant un tournant dans la politique migratoire locale, notamment \u00e0 Mayotte. <a target=\"_blank\" href=\"https:\/\/www.lemonde.fr\/politique\/article\/2025\/04\/08\/mayotte-le-durcissement-du-droit-du-sol-adopte-definitivement-par-le-parlement_6592803_823448.html\">Le Monde<\/a><\/p>\n<h2><strong>5. Hausse des ex\u00e9cutions dans le monde<\/strong><\/h2>\n<p>Amnesty International r\u00e9v\u00e8le qu\u2019\u00e0 travers le monde, <strong>plus de 1 500 personnes ont \u00e9t\u00e9 ex\u00e9cut\u00e9es en 2024,<\/strong> un record depuis 2015 avec une augmentation de 32 % par rapport \u00e0 2023. <a target=\"_blank\" href=\"https:\/\/www.amnesty.fr\/actualites\/hausse-executions-monde-2024-recul-pays-recours-peine-de-mort\">Amnesty International<\/a><\/p>\n<h2><strong>6. D\u00e9clin de la lecture en France<\/strong><\/h2>\n<p>Selon le Centre national du livre, moins d\u2019un Fran\u00e7ais sur deux lit quotidiennement, un chiffre au plus bas depuis 10 ans. <a target=\"_blank\" href=\"https:\/\/www.francetvinfo.fr\/culture\/pour-la-premiere-fois-depuis-dix-ans-les-francais-sont-moins-d-un-sur-deux-a-lire-tous-les-jours_7177641.html\">FranceInfo Culture<\/a><\/p>\n<h2><strong>7. Condamnation de Marine Le Pen<\/strong><\/h2>\n<p><a target=\"_blank\" href=\"https:\/\/www.liberation.fr\/politique\/assistants-fictifs-du-rn-marine-le-pen-jugee-coupable-et-condamnee-a-5-ans-dinegibilite-sa-candidature-a-la-presidentielle-2027-hors-jeu-20250331_VEW7NAJTSVHBLKNNNNLM7EJDOE\/\" target=\"_blank\" rel=\"noopener\">Marine Le Pen<\/a> a \u00e9t\u00e9 <strong>jug\u00e9e coupable en premi\u00e8re instance et condamn\u00e9e \u00e0 quatre ans de prison (dont deux ferme am\u00e9nag\u00e9s sous bracelet \u00e9lectronique), une amende de 100 000 euros et cinq ans d\u2019in\u00e9ligibilit\u00e9 avec ex\u00e9cution provisoire<\/strong> dans l\u2019affaire des assistants parlementaires europ\u00e9ens. Le Rassemblement National a rassembl\u00e9 7 000 personnes dimanche dernier pour contester cette d\u00e9cision de justice. <a target=\"_blank\" href=\"https:\/\/www.liberation.fr\/politique\/en-direct-manifestation-en-soutien-a-marine-le-pen-le-rn-veut-montrer-ses-muscles-place-vauban-la-gauche-riposte-place-de-la-republique-20250406_ZWR3TRZWFNAYTJK5CH3F7IMVPI\/\">Lib\u00e9ration<\/a><\/p>\n<div class=\"td-a-rec td-a-rec-id-content_inline  tdi_1 td_block_template_1\">\n<span class=\"td-adspot-title\">&#8211; Pour une information libre ! &#8211;<\/span><a target=\"_blank\" href=\"https:\/\/fr.tipeee.com\/mr-mondialisation\" class=\"tipeee-project-small\">Soutenir Mr Japanization sur Tipeee<\/a>\n<\/div>\n<p><iframe loading=\"lazy\" title=\"FASCISME MONDIAL : LA M\u00c9THODE DE L&#039;EXTR\u00caME DROITE POUR D\u00c9TRUIRE LA JUSTICE\" width=\"1110\" height=\"624\" src=\"https:\/\/www.youtube.com\/embed\/RO7MwU6OzTI?feature=oembed\" frameborder=\"0\" allow=\"accelerometer; autoplay; clipboard-write; encrypted-media; gyroscope; picture-in-picture; web-share\" referrerpolicy=\"strict-origin-when-cross-origin\" allowfullscreen><\/iframe><\/p>\n<h2><strong>8. \u00c9pid\u00e9mie \u00e0 La R\u00e9union<\/strong><\/h2>\n<p>Face \u00e0 la recrudescence du chikungunya, le plan blanc a \u00e9t\u00e9 d\u00e9clench\u00e9 vendredi dernier pour faciliter les hospitalisations et lutter contre la propagation du virus. <a target=\"_blank\" href=\"https:\/\/www.lemonde.fr\/outre-mer\/article\/2025\/04\/04\/chikungunya-a-la-reunion-le-plan-blanc-active_6591145_1840826.html\">Le Monde<\/a><\/p>\n<h2><strong>9. Manifestations pour le logement en Espagne<\/strong><\/h2>\n<p>Des milliers d\u2019Espagnols ont protest\u00e9 dans plus de 40 villes contre la flamb\u00e9e des prix des loyers, qui ont augment\u00e9 de plus de 100 % en 10 ans. <a target=\"_blank\" href=\"https:\/\/www.lemonde.fr\/economie\/article\/2025\/04\/05\/en-espagne-des-manifestations-contre-la-hausse-des-prix-des-loyers-il-faut-en-finir-avec-le-business-du-logement_6591772_3234.html\">Le Monde<\/a><\/p>\n<h2><strong>10. A\u00e9roport d\u2019Avignon<\/strong><\/h2>\n<p>R\u00e9serv\u00e9 aux jets priv\u00e9s, l\u2019a\u00e9roport d\u2019Avignon survit gr\u00e2ce \u00e0 des subventions publiques massives, suscitant des critiques sur l\u2019utilisation des fonds publics au service des plus riches. <a target=\"_blank\" href=\"https:\/\/reporterre.net\/A-Avignon-les-jets-prives-profitent-de-millions-d-euros-de-subventions\">Reporterre<\/a><\/p>\n<figure id=\"attachment_716673\" aria-describedby=\"caption-attachment-716673\" style=\"width: 1024px\" class=\"wp-caption alignnone\"><img loading=\"lazy\" decoding=\"async\" class=\"size-medium wp-image-716673\" src=\"https:\/\/mrmondialisation.org\/wp-content\/uploads\/2025\/04\/julien-backhaus-nlqbn6eiecu-unsplash-1024x566.jpg\" alt=\"\" width=\"1024\" height=\"566\" srcset=\"https:\/\/mrmondialisation.org\/wp-content\/uploads\/2025\/04\/julien-backhaus-nlqbn6eiecu-unsplash-1024x566.jpg 1024w, https:\/\/mrmondialisation.org\/wp-content\/uploads\/2025\/04\/julien-backhaus-nlqbn6eiecu-unsplash-1524x842.jpg 1524w, https:\/\/mrmondialisation.org\/wp-content\/uploads\/2025\/04\/julien-backhaus-nlqbn6eiecu-unsplash-768x424.jpg 768w, https:\/\/mrmondialisation.org\/wp-content\/uploads\/2025\/04\/julien-backhaus-nlqbn6eiecu-unsplash-1536x849.jpg 1536w, https:\/\/mrmondialisation.org\/wp-content\/uploads\/2025\/04\/julien-backhaus-nlqbn6eiecu-unsplash-696x385.jpg 696w, https:\/\/mrmondialisation.org\/wp-content\/uploads\/2025\/04\/julien-backhaus-nlqbn6eiecu-unsplash-1068x590.jpg 1068w, https:\/\/mrmondialisation.org\/wp-content\/uploads\/2025\/04\/julien-backhaus-nlqbn6eiecu-unsplash-760x420.jpg 760w, https:\/\/mrmondialisation.org\/wp-content\/uploads\/2025\/04\/julien-backhaus-nlqbn6eiecu-unsplash.jpg 1920w\" sizes=\"auto, (max-width: 1024px) 100vw, 1024px\"\/><figcaption id=\"caption-attachment-716673\" class=\"wp-caption-text\">Photo de <a target=\"_blank\" href=\"https:\/\/unsplash.com\/fr\/@privatejet?utm_content=creditCopyText&amp;utm_medium=referral&amp;utm_source=unsplash\">Julien Backhaus<\/a> sur <a target=\"_blank\" href=\"https:\/\/unsplash.com\/fr\/photos\/homme-portant-une-veste-de-costume-bleue-nlqBn6eieCU?utm_content=creditCopyText&amp;utm_medium=referral&amp;utm_source=unsplash\">Unsplash<\/a><\/figcaption><\/figure>\n<p><strong>\u00c0 la semaine prochaine pour une nouvelle revue de presse !<\/strong><\/p>\n<p style=\"text-align: right;\"><em><strong>\u2013 Mr Mondialisation<\/strong><\/em><\/p>\n<div class=\"td-a-rec td-a-rec-id-content_bottom  tdi_2 td_block_template_1\">\n<span class=\"td-adspot-title\">&#8211; Cet article gratuit et ind\u00e9pendant existe gr\u00e2ce \u00e0 vous &#8211;<\/span><\/p>\n<div class=\"td-all-devices\">\n    <a target=\"_blank\" href=\"https:\/\/mrmondialisation.org\/donation\/\" title=\"Faire_un_don\"><img decoding=\"async\" class=\"donationArticle\" src=\"https:\/\/mrmondialisation.org\/wp-content\/uploads\/2022\/12\/220405-flikalicious-final.jpg\" alt=\"Donation\"\/><\/a>\n<\/div>\n<\/div><\/div>\n<p><br \/>\n<br \/><a href=\"https:\/\/mrmondialisation.org\/infos-10-rater-semaine\/\" target=\"_blank\"\">Source link <\/a><\/p>\n","protected":false},"excerpt":{"rendered":"<p>Si vous n\u2019avez pas eu le temps de suivre l\u2019actualit\u00e9, Mr Mondialisation vous offre une revue de presse de ce qu\u2019il ne fallait pas manquer la semaine. Climat, colonisation, r\u00e9seaux&hellip; <\/p>\n","protected":false},"author":1,"featured_media":6477,"comment_status":"open","ping_status":"open","sticky":false,"template":"","format":"standard","meta":{"footnotes":""},"categories":[1],"tags":[],"class_list":["post-6476","post","type-post","status-publish","format-standard","has-post-thumbnail","hentry","category-non-classe"],"_links":{"self":[{"href":"https:\/\/monde25.info\/index.php\/wp-json\/wp\/v2\/posts\/6476","targetHints":{"allow":["GET"]}}],"collection":[{"href":"https:\/\/monde25.info\/index.php\/wp-json\/wp\/v2\/posts"}],"about":[{"href":"https:\/\/monde25.info\/index.php\/wp-json\/wp\/v2\/types\/post"}],"author":[{"embeddable":true,"href":"https:\/\/monde25.info\/index.php\/wp-json\/wp\/v2\/users\/1"}],"replies":[{"embeddable":true,"href":"https:\/\/monde25.info\/index.php\/wp-json\/wp\/v2\/comments?post=6476"}],"version-history":[{"count":0,"href":"https:\/\/monde25.info\/index.php\/wp-json\/wp\/v2\/posts\/6476\/revisions"}],"wp:featuredmedia":[{"embeddable":true,"href":"https:\/\/monde25.info\/index.php\/wp-json\/wp\/v2\/media\/6477"}],"wp:attachment":[{"href":"https:\/\/monde25.info\/index.php\/wp-json\/wp\/v2\/media?parent=6476"}],"wp:term":[{"taxonomy":"category","embeddable":true,"href":"https:\/\/monde25.info\/index.php\/wp-json\/wp\/v2\/categories?post=6476"},{"taxonomy":"post_tag","embeddable":true,"href":"https:\/\/monde25.info\/index.php\/wp-json\/wp\/v2\/tags?post=6476"}],"curies":[{"name":"wp","href":"https:\/\/api.w.org\/{rel}","templated":true}]}}