{"id":6492,"date":"2025-04-16T22:39:38","date_gmt":"2025-04-16T20:39:38","guid":{"rendered":"https:\/\/monde25.info\/index.php\/2025\/04\/16\/deux-plaintes-pour-traite-detres-humains-contre-un-elu-de-la-coordination-rurale\/"},"modified":"2025-04-16T22:39:38","modified_gmt":"2025-04-16T20:39:38","slug":"deux-plaintes-pour-traite-detres-humains-contre-un-elu-de-la-coordination-rurale","status":"publish","type":"post","link":"https:\/\/monde25.info\/index.php\/2025\/04\/16\/deux-plaintes-pour-traite-detres-humains-contre-un-elu-de-la-coordination-rurale\/","title":{"rendered":"Deux plaintes pour traite d&#039;\u00eatres humains contre un \u00e9lu de la Coordination rurale"},"content":{"rendered":"<p> <br \/>\n<br \/><img loading=\"lazy\" decoding=\"async\" src=\"https:\/\/reporterre.net\/local\/cache-vignettes\/L700xH467\/pexels-alialcantara-11798034_1_-54a0d.jpg?1744810983\" class=\"spip_logo\" width=\"700\" height=\"467\" alt=\"\" \/><\/p>\n<p>Quatre ouvriers agricoles marocains d\u00e9noncent de terribles conditions de travail dans une exploitation agricole du Lot-et-Garonne d\u00e9tenue par Alain Aunac, un \u00e9lu de la Coordination rurale, syndicat aux id\u00e9es proches de l&rsquo;extr\u00eame droite. Deux d&rsquo;entre eux ont port\u00e9 plainte pour traite d&rsquo;\u00eatre humains, selon une enqu\u00eate de Streetpress. <br class=\"autobr\" \/><br \/>\nCes ouvriers seraient log\u00e9s dans des habitations insalubres, remplies de rats et de souris. Ils s&rsquo;\u00e9puiseraient \u00e0 la t\u00e2che pr\u00e8s de dix heures par jour, sans\u00a0(\u2026)<\/p>\n<p>                    <a target=\"_blank\" href=\"https:\/\/reporterre.net\/Deux-plaintes-pour-traite-d-etres-humains-contre-un-elu-de-la-Coordination-rurale?utm_source=RSS&amp;utm_medium=RSS\">Lire la suite<\/a><\/p>\n<p>                    &#8211;<br \/>\n                        <a target=\"_blank\" href=\"https:\/\/reporterre.net\/Breves-20\" rel=\"directory\">En bref<\/a><\/p>\n<p>                    \/<br \/>\n                        <a target=\"_blank\" href=\"https:\/\/reporterre.net\/Agriculture\" rel=\"tag\">Agriculture<\/a><br \/>\n                    ,<br \/>\n                        <a target=\"_blank\" href=\"https:\/\/reporterre.net\/Emploi-et-travail\" rel=\"tag\">Emploi et travail<\/a><br \/>\n                    ,<br \/>\n                        <a target=\"_blank\" href=\"https:\/\/reporterre.net\/Migrations\" rel=\"tag\">Migrations<\/a><br \/>\n<br \/><br \/>\n<br \/><a href=\"https:\/\/reporterre.net\/Deux-plaintes-pour-traite-d-etres-humains-contre-un-elu-de-la-Coordination-rurale\" target=\"_blank\"\">Source link <\/a><\/p>\n","protected":false},"excerpt":{"rendered":"<p>Quatre ouvriers agricoles marocains d\u00e9noncent de terribles conditions de travail dans une exploitation agricole du Lot-et-Garonne d\u00e9tenue par Alain Aunac, un \u00e9lu de la Coordination rurale, syndicat aux id\u00e9es proches&hellip; <\/p>\n","protected":false},"author":1,"featured_media":0,"comment_status":"open","ping_status":"open","sticky":false,"template":"","format":"standard","meta":{"footnotes":""},"categories":[1],"tags":[],"class_list":["post-6492","post","type-post","status-publish","format-standard","hentry","category-non-classe"],"_links":{"self":[{"href":"https:\/\/monde25.info\/index.php\/wp-json\/wp\/v2\/posts\/6492","targetHints":{"allow":["GET"]}}],"collection":[{"href":"https:\/\/monde25.info\/index.php\/wp-json\/wp\/v2\/posts"}],"about":[{"href":"https:\/\/monde25.info\/index.php\/wp-json\/wp\/v2\/types\/post"}],"author":[{"embeddable":true,"href":"https:\/\/monde25.info\/index.php\/wp-json\/wp\/v2\/users\/1"}],"replies":[{"embeddable":true,"href":"https:\/\/monde25.info\/index.php\/wp-json\/wp\/v2\/comments?post=6492"}],"version-history":[{"count":0,"href":"https:\/\/monde25.info\/index.php\/wp-json\/wp\/v2\/posts\/6492\/revisions"}],"wp:attachment":[{"href":"https:\/\/monde25.info\/index.php\/wp-json\/wp\/v2\/media?parent=6492"}],"wp:term":[{"taxonomy":"category","embeddable":true,"href":"https:\/\/monde25.info\/index.php\/wp-json\/wp\/v2\/categories?post=6492"},{"taxonomy":"post_tag","embeddable":true,"href":"https:\/\/monde25.info\/index.php\/wp-json\/wp\/v2\/tags?post=6492"}],"curies":[{"name":"wp","href":"https:\/\/api.w.org\/{rel}","templated":true}]}}