{"id":6499,"date":"2025-04-17T00:51:51","date_gmt":"2025-04-16T22:51:51","guid":{"rendered":"https:\/\/monde25.info\/index.php\/2025\/04\/17\/des-milliers-de-personnes-defilent-en-gagaouzie-pour-la-liberation-immediate-de-leur-gouverneur-rt-en-francais\/"},"modified":"2025-04-17T00:51:51","modified_gmt":"2025-04-16T22:51:51","slug":"des-milliers-de-personnes-defilent-en-gagaouzie-pour-la-liberation-immediate-de-leur-gouverneur-rt-en-francais","status":"publish","type":"post","link":"https:\/\/monde25.info\/index.php\/2025\/04\/17\/des-milliers-de-personnes-defilent-en-gagaouzie-pour-la-liberation-immediate-de-leur-gouverneur-rt-en-francais\/","title":{"rendered":"des milliers de personnes d\u00e9filent en Gagaouzie pour la \u00ablib\u00e9ration imm\u00e9diate\u00bb de leur gouverneur \u2014 RT en fran\u00e7ais"},"content":{"rendered":"<p> <br \/>\n<br \/><img decoding=\"async\" src=\"https:\/\/mf.b37mrtl.ru\/french\/images\/2025.04\/thumbnail\/68000af26f7ccc039419207b.jpg\" \/><\/p>\n<div>\n<p class=\"text__summary\">\n                                        Alors que Chisinau renforce sa pression sur cette r\u00e9gion autonome du sud de la Moldavie, des milliers de personnes se sont rassembl\u00e9es ce 16 avril \u00e0 Comrat en soutien \u00e0 Eugenia Gutsul, gouverneur de cette r\u00e9gion, r\u00e9cemment assign\u00e9e \u00e0 r\u00e9sidence par un tribunal moldave.\n                                    <\/p>\n<p>Un rassemblement en soutient au gouverneur de la Gagaouzie Eugenia Gutsul, et contre la pression des autorit\u00e9s moldaves, s\u2019est d\u00e9roul\u00e9 ce 16 avril \u00e0 Comrat, capitale de cette r\u00e9gion autonome. D\u2019apr\u00e8s les organisateurs, cit\u00e9s par Ria Novosti, environ <a target=\"_blank\" href=\"https:\/\/ria.ru\/20250416\/gagauziya-2011687791.html\">5\u00a0000 personnes<\/a> auraient pris part \u00e0 ce rassemblement.<\/p>\n<p>Selon la m\u00eame source, dans <a target=\"_blank\" href=\"https:\/\/ria.ru\/20250416\/gagauziya-2011677338.html\">une r\u00e9solution<\/a> lue et adopt\u00e9e \u00e0 la fin du rassemblement, les manifestants ont appel\u00e9 \u00e0 la \u00ab\u00a0lib\u00e9ration imm\u00e9diate\u00a0\u00bb de Gutsul et appel\u00e9 l&rsquo;OSCE, l&rsquo;ONU et le Conseil de l\u2019Europe \u00e0 surveiller l\u2019\u00e9volution de la situation dans cette r\u00e9gion autonome. Une demande qui sera formul\u00e9e par le biais d\u2019un Comit\u00e9 pour la d\u00e9fense de l&rsquo;autonomie, dont la cr\u00e9ation a \u00e9t\u00e9 approuv\u00e9e via cette r\u00e9solution.<\/p>\n<p>Dans celle-ci, a rapport\u00e9 Ria Novosti, les manifestants ont par ailleurs d\u00e9nonc\u00e9 \u00ab\u00a0la violation syst\u00e9matique par Chisinau\u00a0\u00bb de leurs \u00ab\u00a0droits constitutionnels et du statut juridique sp\u00e9cial de la Gagaouzie\u00a0\u00bb et exig\u00e9 des autorit\u00e9s centrales \u00ab\u00a0la restitution de tous les droits et pouvoirs\u00a0\u00bb \u00e0 leur r\u00e9gion autonome.<\/p>\n<h2>L\u2019autonomie de la Gagaouzie soumise \u00e0 la d\u00e9coupe<\/h2>\n<p>Le 25 mars, Eugenia Gutsul a \u00e9t\u00e9 arr\u00eat\u00e9e \u00e0 l\u2019a\u00e9roport de Chisinau, alors qu\u2019elle s\u2019appr\u00eatait \u00e0 prendre un vol en partance pour Istanbul. Elle est accus\u00e9e d\u2019\u00eatre impliqu\u00e9e dans des financement ill\u00e9gaux pr\u00e9sum\u00e9s lors de la campagne \u00e9lectorale li\u00e9s au parti Sor. Son leader, l\u2019homme d\u2019affaires isra\u00e9lo-moldave Ilan Sor, avait r\u00e9agi \u00e0 cette arrestation en d\u00e9non\u00e7ant \u00ab\u00a0une pers\u00e9cution honteuse et cynique\u00a0\u00bb de la part des autorit\u00e9s moldaves pro-europ\u00e9ennes.<\/p>\n<p>Les relations entre Chisinau et la Gagaouzie se sont d\u00e9t\u00e9rior\u00e9es apr\u00e8s <a target=\"_blank\" href=\"https:\/\/nokta.md\/apellyatsionnaya-palata-komrata-priznala-rezultaty-vyborov-bashkana-i-utverdila-mandat-gutsul\/\">la victoire<\/a> \u00e0 la mi-mai 2023 de Gutsul aux \u00e9lections pour le Bachkhan de Gagaouzie. Elle \u00e9tait la candidate du parti Sor, que la Cour constitutionnelle de Moldavie avait d\u00e9cr\u00e9t\u00e9 \u00ab\u00a0<a target=\"_blank\" href=\"https:\/\/constcourt.md\/public\/ccdoc\/hotariri\/h_10_2023_184h_2022_rou.pdf\">inconstitutionnel<\/a>\u00a0\u00bb un mois apr\u00e8s le second tour de l\u2019\u00e9lection. La formation \u00e9tait accus\u00e9e par le gouvernement d\u2019agir contre l&rsquo;int\u00e9r\u00eat national.<\/p>\n<p>Une d\u00e9cision qu\u2019avait salu\u00e9e la pr\u00e9sidente pro-europ\u00e9enne de la Moldavie, Maia Sandu. \u00ab\u00a0Les Moldaves appr\u00e9cient et veulent vivre dans un \u00c9tat d\u00e9mocratique r\u00e9gi par la loi, o\u00f9 les organisations criminelles ne sont pas prot\u00e9g\u00e9es\u00a0\u00bb, avait d\u00e9clar\u00e9 sur sa page Facebook celle qui doit sa r\u00e9\u00e9lection <a target=\"_blank\" href=\"https:\/\/pv.cec.md\/cec-presidential-results-tour2.html\">\u00e0 la diaspora.<\/a> M\u00eame son de cloche du c\u00f4t\u00e9 du Premier ministre estimant que cette d\u00e9cision \u00ab\u00a0renforce la d\u00e9mocratie et l&rsquo;\u00c9tat de droit\u00a0\u00bb.<\/p>\n<p>Plus r\u00e9cemment, le 14 avril, cette m\u00eame Cour constitutionnelle <a target=\"_blank\" href=\"https:\/\/www.constcourt.md\/libview.php?l=ro&amp;idc=7&amp;id=3014&amp;t=\/Media\/Noutati\/Curtea-a-declarat-neconstitutionala-competenta-Adunarii-Populare-a-Gagauziei-de-a-propune-candidati-pentru-functia-de-procuror-i-procuror-ef-al-Procuraturii-UTA-Gagauzia\">a retir\u00e9<\/a> \u00e0 la Gagaouzie l&rsquo;autorit\u00e9 de nommer son procureur.<\/p>\n<\/div>\n<p><br \/>\n<br \/><a href=\"https:\/\/francais.rt.com\/international\/119536-moldavie-milliers-personnes-defilent-gagaouzie\" target=\"_blank\"\">Source link <\/a><\/p>\n","protected":false},"excerpt":{"rendered":"<p>Alors que Chisinau renforce sa pression sur cette r\u00e9gion autonome du sud de la Moldavie, des milliers de personnes se sont rassembl\u00e9es ce 16 avril \u00e0 Comrat en soutien \u00e0&hellip; <\/p>\n","protected":false},"author":1,"featured_media":6500,"comment_status":"open","ping_status":"open","sticky":false,"template":"","format":"standard","meta":{"footnotes":""},"categories":[1],"tags":[],"class_list":["post-6499","post","type-post","status-publish","format-standard","has-post-thumbnail","hentry","category-non-classe"],"_links":{"self":[{"href":"https:\/\/monde25.info\/index.php\/wp-json\/wp\/v2\/posts\/6499","targetHints":{"allow":["GET"]}}],"collection":[{"href":"https:\/\/monde25.info\/index.php\/wp-json\/wp\/v2\/posts"}],"about":[{"href":"https:\/\/monde25.info\/index.php\/wp-json\/wp\/v2\/types\/post"}],"author":[{"embeddable":true,"href":"https:\/\/monde25.info\/index.php\/wp-json\/wp\/v2\/users\/1"}],"replies":[{"embeddable":true,"href":"https:\/\/monde25.info\/index.php\/wp-json\/wp\/v2\/comments?post=6499"}],"version-history":[{"count":0,"href":"https:\/\/monde25.info\/index.php\/wp-json\/wp\/v2\/posts\/6499\/revisions"}],"wp:featuredmedia":[{"embeddable":true,"href":"https:\/\/monde25.info\/index.php\/wp-json\/wp\/v2\/media\/6500"}],"wp:attachment":[{"href":"https:\/\/monde25.info\/index.php\/wp-json\/wp\/v2\/media?parent=6499"}],"wp:term":[{"taxonomy":"category","embeddable":true,"href":"https:\/\/monde25.info\/index.php\/wp-json\/wp\/v2\/categories?post=6499"},{"taxonomy":"post_tag","embeddable":true,"href":"https:\/\/monde25.info\/index.php\/wp-json\/wp\/v2\/tags?post=6499"}],"curies":[{"name":"wp","href":"https:\/\/api.w.org\/{rel}","templated":true}]}}