{"id":6503,"date":"2025-04-17T01:57:57","date_gmt":"2025-04-16T23:57:57","guid":{"rendered":"https:\/\/monde25.info\/index.php\/2025\/04\/17\/les-europeens-ont-donne-des-instructions-tres-claires-aux-pays-des-balkans-candidats-a-lue\/"},"modified":"2025-04-17T01:57:57","modified_gmt":"2025-04-16T23:57:57","slug":"les-europeens-ont-donne-des-instructions-tres-claires-aux-pays-des-balkans-candidats-a-lue","status":"publish","type":"post","link":"https:\/\/monde25.info\/index.php\/2025\/04\/17\/les-europeens-ont-donne-des-instructions-tres-claires-aux-pays-des-balkans-candidats-a-lue\/","title":{"rendered":"les Europ\u00e9ens ont donn\u00e9 des \u00ab instructions tr\u00e8s claires \u00bb aux pays des Balkans candidats \u00e0 l&rsquo;UE"},"content":{"rendered":"<p> <br \/>\n<\/p>\n<div style=\"word-wrap:break-word;\">\n<p>Au lendemain d\u2019une \u00ab\u00a0soir\u00e9e charg\u00e9e \u00ad\u00a0\u00bb \u00e0 Luxembourg, avec les repr\u00e9sentants des pays des Balkans occidentaux, la chef de la diplomatie lettonne Baiba Braze a d\u00e9clar\u00e9 ce 14 avril \u00e0 la presse que les \u00c9tats membres avaient adress\u00e9 un message \u00e0 ces candidats \u00e0 l\u2019int\u00e9gration europ\u00e9enne.<\/p>\n<p>\u00ab\u00a0De nombreuses discussions ont \u00e9galement eu lieu sur les valeurs et l\u2019alignement de la PESC [la politique \u00e9trang\u00e8re et de s\u00e9curit\u00e9 commune, ndlr.]\u00a0\u00bb a assur\u00e9 cette ancienne secr\u00e9taire g\u00e9n\u00e9rale adjointe de l\u2019OTAN (2020-2023). \u00ab\u00a0Y compris des sanctions, y compris des directives tr\u00e8s claires des \u00c9tats membres de l\u2019UE aux candidats pour qu\u2019ils ne participent pas au d\u00e9fil\u00e9 du 9 mai \u00e0 Moscou et ne fassent pas ces voyages, car cela ne serait pas conforme aux valeurs de l\u2019UE\u00a0\u00bb, a poursuivi Baiba Braze aupr\u00e8s des journalistes.<\/p>\n<blockquote class=\"spip\">\n<p> At EU FAC I stressed that participation of any EU or candidate country in the kremlin butcher\u2019s May 9 parade, where murderers of Ukrainians will march, is unacceptable and contrary to European values.<br class=\"autobr\"\/><br \/>\nRussia\u2019s war aims have not changed. We will continue to #StandWithUkraine . <a target=\"_blank\" href=\"https:\/\/x.com\/Braze_Baiba\/status\/1911710228342522148\" class=\"spip_out\" rel=\"external\">X 14  Avril 2025<\/a><\/p>\n<\/blockquote>\n<blockquote class=\"spip\">\n<p>J\u2019ai soulign\u00e9 que la participation de tout pays de l\u2019UE ou candidat au d\u00e9fil\u00e9 du boucher du Kremlin le 9 mai, o\u00f9 d\u00e9fileront les meurtriers d\u2019Ukrainiens, est inacceptable et contraire aux valeurs europ\u00e9ennes.<br class=\"autobr\"\/><br \/>\nLes objectifs de guerre de la Russie n\u2019ont pas chang\u00e9. Nous continuerons \u00e0 \u00eatre avec l\u2019Ukraine. <a target=\"_blank\" href=\"https:\/\/x.com\/Braze_Baiba\/status\/1911710228342522148\" class=\"spip_out\" rel=\"external\">X 14  Avril 2025<\/a><\/p>\n<\/blockquote>\n<p>Cinq pays des Balkans occidentaux ont officiellement obtenu le statut de candidat \u00e0 l\u2019adh\u00e9sion \u00e0 l\u2019UE\u00a0: l\u2019Albanie, la Bosnie-Herz\u00e9govine, la Mac\u00e9doine du Nord, le Mont\u00e9n\u00e9gro ainsi que la Serbie. Figurait \u00e9galement \u00e0 cette r\u00e9union luxembourgeoise la province s\u00e9cessionniste du Kosovo. Celle-ci n\u2019a pour l\u2019heure pas obtenue son statut de candidat \u00e0 l\u2019int\u00e9gration europ\u00e9enne, plusieurs \u00c9tats membres de l\u2019UE (l\u2019Espagne, Chypre, la Gr\u00e8ce, la Roumanie et la Slovaquie) ne reconnaissant pas son existence.<\/p>\n<p><strong>Kiev convie le 9 mai ses alli\u00e9s europ\u00e9ens<br class=\"autobr\"\/><br \/>\n<\/strong><\/p>\n<p>Ce 9 mai va marquer le 80e anniversaire de la victoire contre l\u2019Allemagne nazie, une comm\u00e9moration essentielle pour la Russie et ses alli\u00e9s historiques, 27 millions de sovi\u00e9tiques ayant p\u00e9ri dans le conflit. Un rendez-vous auquel le pr\u00e9sident serbe Alexandar Vucic a r\u00e9cemment confirm\u00e9 qu\u2019il participerait.<\/p>\n<p>Au cours de sa visite, le pr\u00e9sident serbe devrait \u00e9galement s\u2019entretenir avec son homologue russe, Vladimir Poutine, avait annonc\u00e9 fin mars le chef adjoint de l\u2019administration pr\u00e9sidentielle russe, Maxime Orechkine.<\/p>\n<p>Toujours ce 14 avril, Politico, <a target=\"_blank\" href=\"https:\/\/www.politico.eu\/article\/kyiv-ask-eu-officials-may-9-visit-counter-vladimir-putin-victory-parade\/\" class=\"spip_out\" rel=\"external\">a rapport\u00e9<\/a> que le chef de la diplomatie ukrainienne Andriy Sybiha aurait adress\u00e9 \u00e0 ses homologues de l\u2019Union europ\u00e9enne une invitation \u00e0 se rendre \u00e0 Kiev pour le 9 mai afin de \u00ab\u00a0montrer notre unit\u00e9 et notre d\u00e9termination face \u00e0 la plus grande agression en Europe depuis la Seconde Guerre mondiale\u00a0\u00bb.<\/p>\n<p>Selon cette m\u00eame source, Volodymyr Zelensky entendrait recevoir, \u00e9galement le 9 mai, les dirigeants des pays de la \u00ab\u00a0coalition des volontaires\u00a0\u00bb afin de \u00ab\u00a0d\u00e9terminer les garanties de s\u00e9curit\u00e9\u00a0\u00bb pour Kiev au cas o\u00f9 un \u00e9ventuel cessez-le-feu avec la Russie serait conclu.<\/p>\n<p>Source\u00a0: <a target=\"_blank\" href=\"https:\/\/francais.rt.com\/international\/119424-celebrations-moscou-lettonie-instruction-candidats\" class=\"spip_out\" rel=\"external\">RT<\/a><\/p>\n<p> <strong>Malgr\u00e9 \u00ab\u00a0la menace\u00a0\u00bb de Kallas, Fico r\u00e9affirme qu\u2019il se rendra aux c\u00e9l\u00e9brations du 9 mai \u00e0 Moscou <\/strong><\/p>\n<p>Le Premier ministre slovaque Robert Fico a annonc\u00e9 le 15 avril qu\u2019il se rendrait aux c\u00e9l\u00e9brations du Jour de la Victoire \u00e0 Moscou le 9 mai, d\u00e9non\u00e7ant \u00ab\u00a0la menace\u00a0\u00bb de la cheffe de la diplomatie europ\u00e9enne. Cette derni\u00e8re avait d\u00e9clar\u00e9 la veille que la participation d\u2019un dirigeant europ\u00e9en \u00e0 ces comm\u00e9morations ne serait \u00ab\u00a0pas prise \u00e0 la l\u00e9g\u00e8re\u00a0\u00bb.<\/p>\n<p>\u00ab\u00a0Madame Kallas, je tiens \u00e0 vous informer que je suis le Premier ministre l\u00e9gitime de la Slovaquie, un pays souverain. Personne ne peut me dicter o\u00f9 je peux ou ne peux pas voyager\u00a0\u00bb, a d\u00e9clar\u00e9 ce 15 avril dans <a target=\"_blank\" href=\"https:\/\/x.com\/RobertFicoSVK\/status\/1912168829272142161\" class=\"spip_out\" rel=\"external\">un communiqu\u00e9<\/a> publi\u00e9 sur les r\u00e9seaux sociaux le Premier ministre slovaque Robert Fico.<\/p>\n<p>\u00ab\u00a0Je me rendrai \u00e0 Moscou le 9 mai\u00a0\u00bb, a-t-il encore assur\u00e9, apr\u00e8s avoir fustig\u00e9 \u00ab\u00a0l\u2019avertissement et la menace\u00a0\u00bb adress\u00e9 par la Haute repr\u00e9sentante de l\u2019Union pour les Affaires \u00e9trang\u00e8res et la Politique de s\u00e9curit\u00e9, Kaja Kallas, \u00e0 l\u2019endroit des dirigeants d\u2019\u00c9tat membres de l\u2019UE qui se rendraient \u00e0 Moscou pour les c\u00e9l\u00e9brations du 9 mai. Un d\u00e9placement qu\u2019il avait d\u00e9j\u00e0 annonc\u00e9 fin novembre.<\/p>\n<p>\u00ab\u00a0Toute participation aux d\u00e9fil\u00e9s ou aux c\u00e9l\u00e9brations du 9 mai \u00e0 Moscou ne sera pas prise \u00e0 la l\u00e9g\u00e8re du c\u00f4t\u00e9 europ\u00e9en\u00a0\u00bb, avait d\u00e9clar\u00e9 le 14 avril Kaja Kallas \u00e0 la presse, au sortir d\u2019une r\u00e9union avec les chefs de la diplomatie des Vingt-Sept, renvoyant au conflit russo-ukrainien.<\/p>\n<p><strong>UE\u00a0: Fico appelle \u00e0 d\u00e9battre \u00ab\u00a0sur l\u2019essence m\u00eame de la d\u00e9mocratie\u00a0\u00bb<\/strong><\/p>\n<p>Cet \u00ab\u00a0avertissement\u00a0\u00bb, a poursuivi Fico, \u00ab\u00a0confirme la n\u00e9cessit\u00e9 d\u2019un d\u00e9bat au sein de l\u2019UE sur l\u2019essence m\u00eame de la d\u00e9mocratie\u00a0\u00bb. Le Premier ministre slovaque a alors renvoy\u00e9 \u00e0 \u00ab\u00a0ce qui s\u2019est pass\u00e9 en Roumanie et en France concernant les \u00e9lections pr\u00e9sidentielles\u00a0\u00bb, ainsi qu\u2019\u00ab\u00a0aux \u00a0\u00bb Ma\u00efdans\u00a0\u00a0\u00bb organis\u00e9s par l\u2019Occident en G\u00e9orgie et en Serbie\u00a0\u00bb.<\/p>\n<p>\u00ab\u00a0Je me rendrai \u00e0 Moscou pour rendre hommage aux milliers de soldats de l\u2019Arm\u00e9e rouge morts pour la lib\u00e9ration de la Slovaquie, ainsi qu\u2019aux millions d\u2019autres victimes dues \u00e0 la terreur nazie. Tout comme j\u2019ai rendu hommage aux victimes des d\u00e9barquements de Normandie ou de ceux dans le Pacifique, ou comme je compte honorer les pilotes de la RAF\u00a0\u00bb, a d\u00e9velopp\u00e9 le chef du gouvernement slovaque.<\/p>\n<p>Ce 9 mai va marquer le 80e anniversaire de la victoire contre l\u2019Allemagne nazie, une comm\u00e9moration essentielle pour la Russie et ses alli\u00e9s historiques, 27 millions de sovi\u00e9tiques ayant p\u00e9ri dans le conflit.<\/p>\n<p>Source\u00a0: <a target=\"_blank\" href=\"https:\/\/francais.rt.com\/international\/119487-malgre-menace-kallas-fico-reaffirme\" class=\"spip_out\" rel=\"external\">RT<\/a><\/p>\n<\/div>\n<p><script async defer>(function(d, s, id) {\nvar js, fjs = d.getElementsByTagName(s)[0];\nif (d.getElementById(id)) return;\njs = d.createElement(s); js.id = id;\njs.src=\"https:\/\/connect.facebook.net\/fr_FR\/sdk.js#xfbml=1&version=v3.0\";\nfjs.parentNode.insertBefore(js, fjs);\n}(document, 'script', 'facebook-jssdk'));<\/script><br \/>\n<br \/><br \/>\n<br \/><a href=\"https:\/\/www.legrandsoir.info\/celebrations-du-9-mai-les-europeens-ont-donne-des-instructions-tres-claires-aux-pays-des-balkans-candidats-a-l-ue.html\" target=\"_blank\"\">Source link <\/a><\/p>\n","protected":false},"excerpt":{"rendered":"<p>Au lendemain d\u2019une \u00ab\u00a0soir\u00e9e charg\u00e9e \u00ad\u00a0\u00bb \u00e0 Luxembourg, avec les repr\u00e9sentants des pays des Balkans occidentaux, la chef de la diplomatie lettonne Baiba Braze a d\u00e9clar\u00e9 ce 14 avril \u00e0&hellip; <\/p>\n","protected":false},"author":1,"featured_media":6504,"comment_status":"open","ping_status":"open","sticky":false,"template":"","format":"standard","meta":{"footnotes":""},"categories":[1],"tags":[],"class_list":["post-6503","post","type-post","status-publish","format-standard","has-post-thumbnail","hentry","category-non-classe"],"_links":{"self":[{"href":"https:\/\/monde25.info\/index.php\/wp-json\/wp\/v2\/posts\/6503","targetHints":{"allow":["GET"]}}],"collection":[{"href":"https:\/\/monde25.info\/index.php\/wp-json\/wp\/v2\/posts"}],"about":[{"href":"https:\/\/monde25.info\/index.php\/wp-json\/wp\/v2\/types\/post"}],"author":[{"embeddable":true,"href":"https:\/\/monde25.info\/index.php\/wp-json\/wp\/v2\/users\/1"}],"replies":[{"embeddable":true,"href":"https:\/\/monde25.info\/index.php\/wp-json\/wp\/v2\/comments?post=6503"}],"version-history":[{"count":0,"href":"https:\/\/monde25.info\/index.php\/wp-json\/wp\/v2\/posts\/6503\/revisions"}],"wp:featuredmedia":[{"embeddable":true,"href":"https:\/\/monde25.info\/index.php\/wp-json\/wp\/v2\/media\/6504"}],"wp:attachment":[{"href":"https:\/\/monde25.info\/index.php\/wp-json\/wp\/v2\/media?parent=6503"}],"wp:term":[{"taxonomy":"category","embeddable":true,"href":"https:\/\/monde25.info\/index.php\/wp-json\/wp\/v2\/categories?post=6503"},{"taxonomy":"post_tag","embeddable":true,"href":"https:\/\/monde25.info\/index.php\/wp-json\/wp\/v2\/tags?post=6503"}],"curies":[{"name":"wp","href":"https:\/\/api.w.org\/{rel}","templated":true}]}}