{"id":6508,"date":"2025-04-17T03:37:26","date_gmt":"2025-04-17T01:37:26","guid":{"rendered":"https:\/\/monde25.info\/index.php\/2025\/04\/17\/la-chine-exalte-lempereur-hadrien-et-reve-dun-avenir-commun-avec-leurope\/"},"modified":"2025-04-17T03:37:26","modified_gmt":"2025-04-17T01:37:26","slug":"la-chine-exalte-lempereur-hadrien-et-reve-dun-avenir-commun-avec-leurope","status":"publish","type":"post","link":"https:\/\/monde25.info\/index.php\/2025\/04\/17\/la-chine-exalte-lempereur-hadrien-et-reve-dun-avenir-commun-avec-leurope\/","title":{"rendered":"La Chine exalte l\u2019empereur Hadrien et r\u00eave d\u2019un avenir commun avec l\u2019Europe"},"content":{"rendered":"<p> <br \/>\n<\/p>\n<div>\n<p>par <strong>Luca Bagatin<\/strong><strong\/><\/p>\n<p>Alors que l\u2019incoh\u00e9rent Trump (non moins irresponsable que son pr\u00e9d\u00e9cesseur Biden) s\u2019appr\u00eate \u00e0 imposer de lourds tarifs douaniers contre une Chine qui, durant toutes ces ann\u00e9es, a garanti le libre-\u00e9change, la paix et la stabilit\u00e9 mondiale, le b\u00e2tisseur de dialogue et de ponts, le professeur Giancarlo Elia Valori et sa Fondation pour les \u00e9tudes internationales et g\u00e9opolitiques, ont organis\u00e9 une importante conf\u00e9rence-atelier \u2013 les 9 et 10 avril 2025 \u2013 sur le sujet.<\/p>\n<p>Celle qui s\u2019est tenue \u00e0 Rome, en collaboration avec la Chambre de commerce de Rome, au Temple de Vibia Sabina et Hadrian, intitul\u00e9e \u00abLa mondialisation, un nouveau paradigme de d\u00e9veloppement multipolaire\u00bb \u2013 et \u00e0 laquelle j\u2019ai assist\u00e9 le premier jour \u2013 \u00e9tait une conf\u00e9rence profond\u00e9ment clairvoyante et d\u2019une grande actualit\u00e9, notamment parce qu\u2019elle se concentrait pr\u00e9cis\u00e9ment sur la coop\u00e9ration Chine-Europe-Italie et les opportunit\u00e9s qui en d\u00e9coulent.<\/p>\n<p>Valori et Oliviero Diliberto, qui ont donn\u00e9 la parole au ministre conseiller de l\u2019ambassade de Chine, Li Xiaoyong.<\/p>\n<p>Le ministre Li a soulign\u00e9 l\u2019engagement de la R\u00e9publique populaire de Chine, dans les relations Chine-Italie, en faveur d\u2019une coop\u00e9ration pragmatique entre les institutions et les entreprises. Une coop\u00e9ration bas\u00e9e sur le b\u00e9n\u00e9fice mutuel.<\/p>\n<p>Le ministre a \u00e9galement lou\u00e9 la figure de l\u2019empereur romain Hadrien, rappelant qu\u2019il \u00e9tait inspir\u00e9 par des valeurs fondatrices telles que la paix et la stabilit\u00e9, qui sont les m\u00eames valeurs de la Chine moderne, bas\u00e9es sur un esprit d\u2019ouverture et d\u2019inclusion.<\/p>\n<p>Il a d\u00e9clar\u00e9 que les droits de douane impos\u00e9s par les \u00c9tats-Unis \u00e0 la Chine et \u00e0 l\u2019UE constituaient une violation des r\u00e8gles du commerce international. La Chine a donc l\u2019intention de prendre des contre-mesures appropri\u00e9es.<\/p>\n<p>Le ministre Li a soulign\u00e9 que, contrairement aux tarifs douaniers, un nouvel ordre mondial multipolaire bas\u00e9 sur la coop\u00e9ration et le d\u00e9veloppement devrait \u00eatre \u00e9tabli, comme c\u2019est d\u00e9j\u00e0 le cas entre les entreprises italiennes et chinoises.<\/p>\n<p>Le ministre a \u00e9galement d\u00e9clar\u00e9 que la Chine avait l\u2019intention de continuer \u00e0 s\u2019ouvrir au monde ext\u00e9rieur, \u00e0 partager les opportunit\u00e9s de d\u00e9veloppement et \u00e0 promouvoir le libre-\u00e9change multilat\u00e9ral.<\/p>\n<p>Elle continuera \u00e9galement \u00e0 promouvoir les liens d\u2019amiti\u00e9 entre la Chine et l\u2019Italie et entre la Chine et l\u2019UE.<\/p>\n<p>Ensuite, le conseiller pour le patrimoine et les politiques du logement, Andrea Tobia Zevi, s\u2019est exprim\u00e9 au nom de la municipalit\u00e9 de Rome, qu\u2019il repr\u00e9sentait.<\/p>\n<p>Le conseiller Zevi a salu\u00e9 le titre de la conf\u00e9rence comme une incitation \u00e0 surmonter le moment historique actuel dans lequel nous vivons. Promouvoir un d\u00e9veloppement multipolaire.<\/p>\n<p>Il a \u00e9galement soulign\u00e9 que les villes, au fil du temps, acqui\u00e8rent de plus en plus leur propre centralit\u00e9 g\u00e9opolitique. Alors que les relations entre les \u00c9tats semblent de plus en plus difficiles, les villes peuvent devenir des r\u00e9alit\u00e9s pour promouvoir la coop\u00e9ration.<\/p>\n<p>Rome, a d\u00e9clar\u00e9 le conseiller, est une ville universelle \u00e0 bien des \u00e9gards et peut favoriser la construction de nouveaux ponts entre l\u2019Italie, la Chine et l\u2019Europe.<\/p>\n<p>Pietro Abate, repr\u00e9sentant de la Chambre de commerce de Rome, a ensuite pris la parole, apportant ses salutations et soulignant que le professeur Giancarlo Elia Valori, plus le temps passe, plus il met en avant des sujets d\u2019une grande actualit\u00e9.<\/p>\n<p>Le professeur Valori a ensuite pris la parole, rappelant que ses liens d\u2019amiti\u00e9 avec la R\u00e9publique populaire de Chine remontent \u00e0 1976. C\u2019est alors qu\u2019il a commenc\u00e9 \u00e0 comprendre, \u00e0 \u00e9tudier et \u00e0 apprendre les d\u00e9veloppements de cette grande r\u00e9alit\u00e9 mill\u00e9naire, qui a su combiner socialisme et confucianisme, tradition et innovation.<\/p>\n<p>Le professeur Diliberto a ensuite pris la parole, soulignant que la conf\u00e9rence organis\u00e9e par la Fondation pour les \u00e9tudes internationales et la g\u00e9opolitique et con\u00e7ue il y a quelques mois, se d\u00e9roule pr\u00e9cis\u00e9ment \u00e0 un moment historique crucial et difficile.<\/p>\n<p>Un contexte o\u00f9 les grandes organisations internationales semblent mortes et o\u00f9 les \u00e9quilibres issus de la fin de la Seconde Guerre mondiale ont \u00e9t\u00e9 rompus. La Cour p\u00e9nale internationale et l\u2019OMC semblent en crise profonde, tout comme le droit international.<\/p>\n<p>La force, a soulign\u00e9 le professeur Diliberto, remplace les r\u00e8gles. Le monde est en train de se redessiner compl\u00e8tement.<\/p>\n<p>Alors que les \u00c9tats-Unis sont devenus protectionnistes, la Chine promeut le libre-\u00e9change.<\/p>\n<p>Le professeur Diliberto a rappel\u00e9 que, dans ce chaos, le pr\u00e9sident chinois Xi Jinping a formul\u00e9 une belle suggestion qui s\u2019incarne dans la phrase \u00abConstruire une communaut\u00e9 avec un avenir commun\u00bb.<\/p>\n<p>En d\u2019autres termes, l\u2019avenir de chaque pays est li\u00e9 \u00e0 celui de tous les autres et, par cons\u00e9quent, nous devons travailler ensemble pour construire une communaut\u00e9 harmonieuse dans laquelle nous pouvons grandir ensemble et parvenir \u00e0 une vie meilleure pour les peuples des diff\u00e9rents pays.<\/p>\n<p>Malheureusement, comme l\u2019a soulign\u00e9 Diliberto, le monde semble aller dans la direction oppos\u00e9e. Une direction confuse et non r\u00e9glement\u00e9e.<\/p>\n<p>Marco Tronchetti Provera a soulign\u00e9 la clairvoyance du professeur Valori dans l\u2019organisation d\u2019une conf\u00e9rence d\u2019une telle ampleur. Il a \u00e9galement soulign\u00e9 qu\u2019aujourd\u2019hui, la Chine est la voix du monde global.<\/p>\n<p>Une Chine que les \u00c9tats-Unis tentent de d\u00e9fier depuis longtemps, mais avec laquelle, t\u00f4t ou tard, ils seront amen\u00e9s \u00e0 n\u00e9gocier, notamment parce que l\u2019\u00e9conomie am\u00e9ricaine risque, avec les tarifs douaniers, de ne plus cro\u00eetre.<\/p>\n<p>Selon le Dr Tronchetti Provera, c\u2019est une bonne chose que l\u2019UE am\u00e9liore ses relations avec la Chine, m\u00eame si l\u2019UE \u2013 qui s\u2019est \u00e9largie de mani\u00e8re irrationnelle \u2013 n\u2019a pas encore cr\u00e9\u00e9 la base permettant d\u2019unir les forces des diff\u00e9rents pays qui la composent. Il en r\u00e9sulte un manque de gouvernance commune.<\/p>\n<p>Le Dr. Tronchetti Provera a conclu son discours en soulignant que Pirelli entretient d\u2019excellentes relations avec les entreprises et les institutions chinoises depuis plus de vingt ans et qu\u2019il continuera \u00e0 le faire.<\/p>\n<p>Le professeur Diliberto est ensuite intervenu, soulignant que l\u2019UE est en fait inexistante en tant qu\u2019entit\u00e9 politique. Et que le r\u00e9armement actuellement propos\u00e9 est profond\u00e9ment dangereux, puisqu\u2019il aboutira \u00e0 r\u00e9armer en particulier une Allemagne qui, dans un avenir pas si lointain, pourrait se retrouver au gouvernement avec l\u2019AFD. Avec toutes les cons\u00e9quences d\u00e9sastreuses que cela implique.<\/p>\n<p>Zhuo Xian, directeur g\u00e9n\u00e9ral adjoint du Centre de recherche et de d\u00e9veloppement du Conseil d\u2019\u00c9tat de la R\u00e9publique populaire de Chine, a ensuite pris la parole.<\/p>\n<p>Zhuo a soulign\u00e9 l\u2019importance de conf\u00e9rences comme celle-ci, visant \u00e0 d\u00e9noncer une politique de droits de douane, les droits de douane am\u00e9ricains, sans pr\u00e9c\u00e9dent depuis les ann\u00e9es 1930. Des droits qui violent les r\u00e8gles du commerce international et nuisent \u00e0 l\u2019\u00e9conomie de tous. Y compris les \u00c9tats-Unis.<\/p>\n<p>Des droits qui provoqueront des perturbations, tant en termes d\u2019inflation que dans le monde du travail, avec une augmentation du ch\u00f4mage et une d\u00e9t\u00e9rioration des conditions de travail pour l\u2019ensemble des travailleurs.<\/p>\n<p>De nombreux pays, a soulign\u00e9 Zhuo, se rendent compte qu\u2019ils sont devenus trop d\u00e9pendants du commerce am\u00e9ricain. La Chine, quant \u00e0 elle, pourrait jouer le r\u00f4le inverse, gr\u00e2ce \u00e0 un march\u00e9 mondial ouvert au commerce.<\/p>\n<p>Ainsi, de plus grande usine du monde, la Chine pourrait devenir un important fournisseur mondial, selon le Dr Zhuo, notamment parce que le secteur logistique chinois est plus d\u00e9velopp\u00e9 que celui des \u00c9tats-Unis, ce qui a permis \u00e0 la Chine de d\u00e9velopper des technologies \u00e0 des co\u00fbts moindres.<\/p>\n<p>La capacit\u00e9 d\u2019innovation et de sp\u00e9cialisation a \u00e9galement permis \u00e0 la Chine de produire chaque ann\u00e9e de nombreux ing\u00e9nieurs sp\u00e9cialis\u00e9s dans divers domaines.<\/p>\n<p>En Chine, a soulign\u00e9 le Dr Zhuo, on parle encore d\u2019ouverture et de r\u00e9formes, notamment dans le domaine du commerce international. En ce sens, les institutions chinoises entendent perfectionner leur syst\u00e8me afin de s\u2019adapter de plus en plus aux r\u00e8gles internationales en mati\u00e8re de commerce.<\/p>\n<p>Le professeur Diliberto, qui s\u2019est exprim\u00e9 apr\u00e8s le PDG de Herzog Strategic, Ofer Sachs, qui lui a pr\u00e9sent\u00e9 ses salutations, ainsi que Zhao Jian, vice-pr\u00e9sident du Kelun Group, a rappel\u00e9 que le professeur Valori, qui a \u00e9t\u00e9 le premier \u00e0 promouvoir les relations amicales entre la R\u00e9publique populaire de Chine et l\u2019\u00c9tat d\u2019Isra\u00ebl, a toujours \u00e9t\u00e9 un b\u00e2tisseur de ponts. Un pontifex, selon l\u2019ancienne d\u00e9finition donn\u00e9e aux magistrats romains.<\/p>\n<p>En d\u2019autres termes, un d\u00e9fenseur de cette diplomatie parall\u00e8le qui cherche \u00e0 rapprocher et \u00e0 unir des r\u00e9alit\u00e9s diff\u00e9rentes par l\u2019histoire, la culture, la religion et l\u2019id\u00e9ologie. Pour le bien commun et la paix mondiale.<\/p>\n<p>Des aspects dont nous avons absolument besoin.<\/p>\n<p>source : <a target=\"_blank\" href=\"https:\/\/electomagazine.it\/la-cina-esalta-limperatore-adriano-e-sogna-un-futuro-condiviso-con-leuropa\/\" target=\"_blank\" rel=\"noopener\" title=\"\">Electo Magazine<\/a> via <a target=\"_blank\" href=\"http:\/\/euro-synergies.hautetfort.com\/archive\/2025\/04\/15\/la-chine-exalte-l-empereur-hadrien-et-reve-d-un-avenir-commun-avec-l-europe.html\" target=\"_blank\" rel=\"noopener\" title=\"\">Euro-Synergies<\/a><\/p>\n<div class=\"sharedaddy sd-block sd-like jetpack-likes-widget-wrapper jetpack-likes-widget-unloaded\" id=\"like-post-wrapper-237719536-452713-680052b757128\" data-src=\"https:\/\/widgets.wp.com\/likes\/?ver=14.4.1#blog_id=237719536&amp;post_id=452713&amp;origin=reseauinternational.net&amp;obj_id=237719536-452713-680052b757128\" data-name=\"like-post-frame-237719536-452713-680052b757128\" data-title=\"Aimer ou rebloguer\">\n<h3 class=\"sd-title\">J\u2019aime \u00e7a\u00a0:<\/h3>\n<p><span class=\"button\"><span>J\u2019aime<\/span><\/span> <span class=\"loading\">chargement\u2026<\/span><\/p>\n<p><span class=\"sd-text-color\"\/><a target=\"_blank\" class=\"sd-link-color\"\/><\/div>\n<p><meta itemscope=\"\" itemprop=\"mainEntityOfPage\" itemtype=\"https:\/\/schema.org\/WebPage\" itemid=\"https:\/\/reseauinternational.net\/la-chine-exalte-lempereur-hadrien-et-reve-dun-avenir-commun-avec-leurope\/\"\/><meta itemprop=\"headline\" content=\"La Chine exalte l\u2019empereur Hadrien et r\u00eave d\u2019un avenir commun avec l\u2019Europe\"\/><span style=\"display: none;\" itemprop=\"author\" itemscope=\"\" itemtype=\"https:\/\/schema.org\/Person\"><meta itemprop=\"name\" content=\"R\u00e9seau International\"\/><\/span><span style=\"display: none;\" itemprop=\"image\" itemscope=\"\" itemtype=\"https:\/\/schema.org\/ImageObject\"><meta itemprop=\"url\" content=\"https:\/\/i0.wp.com\/reseauinternational.net\/wp-content\/uploads\/2025\/04\/Sans-titre-20-14.png?fit=800%2C467&amp;quality=100&amp;ssl=1\"\/><meta itemprop=\"width\" content=\"800\"\/><meta itemprop=\"height\" content=\"467\"\/><\/span><span style=\"display: none;\" itemprop=\"publisher\" itemscope=\"\" itemtype=\"https:\/\/schema.org\/Organization\"><span style=\"display: none;\" itemprop=\"logo\" itemscope=\"\" itemtype=\"https:\/\/schema.org\/ImageObject\"><meta itemprop=\"url\" content=\"https:\/\/reseauinternational.net\/wp-content\/uploads\/2022\/06\/Capture-de\u0301cran-2022-06-14-a\u0300-16.51.07.png\"\/><\/span><meta itemprop=\"name\" content=\"R\u00e9seau International\"\/><\/span><meta itemprop=\"datePublished\" content=\"2025-04-16T11:32:53+00:00\"\/><meta itemprop=\"dateModified\" content=\"2025-04-16T11:33:32+00:00\"\/><\/div>\n<p><br \/>\n<br \/><a href=\"https:\/\/reseauinternational.net\/la-chine-exalte-lempereur-hadrien-et-reve-dun-avenir-commun-avec-leurope\/\" target=\"_blank\"\">Source link <\/a><\/p>\n","protected":false},"excerpt":{"rendered":"<p>par Luca Bagatin Alors que l\u2019incoh\u00e9rent Trump (non moins irresponsable que son pr\u00e9d\u00e9cesseur Biden) s\u2019appr\u00eate \u00e0 imposer de lourds tarifs douaniers contre une Chine qui, durant toutes ces ann\u00e9es, a&hellip; <\/p>\n","protected":false},"author":1,"featured_media":6509,"comment_status":"open","ping_status":"open","sticky":false,"template":"","format":"standard","meta":{"footnotes":""},"categories":[1],"tags":[],"class_list":["post-6508","post","type-post","status-publish","format-standard","has-post-thumbnail","hentry","category-non-classe"],"_links":{"self":[{"href":"https:\/\/monde25.info\/index.php\/wp-json\/wp\/v2\/posts\/6508","targetHints":{"allow":["GET"]}}],"collection":[{"href":"https:\/\/monde25.info\/index.php\/wp-json\/wp\/v2\/posts"}],"about":[{"href":"https:\/\/monde25.info\/index.php\/wp-json\/wp\/v2\/types\/post"}],"author":[{"embeddable":true,"href":"https:\/\/monde25.info\/index.php\/wp-json\/wp\/v2\/users\/1"}],"replies":[{"embeddable":true,"href":"https:\/\/monde25.info\/index.php\/wp-json\/wp\/v2\/comments?post=6508"}],"version-history":[{"count":0,"href":"https:\/\/monde25.info\/index.php\/wp-json\/wp\/v2\/posts\/6508\/revisions"}],"wp:featuredmedia":[{"embeddable":true,"href":"https:\/\/monde25.info\/index.php\/wp-json\/wp\/v2\/media\/6509"}],"wp:attachment":[{"href":"https:\/\/monde25.info\/index.php\/wp-json\/wp\/v2\/media?parent=6508"}],"wp:term":[{"taxonomy":"category","embeddable":true,"href":"https:\/\/monde25.info\/index.php\/wp-json\/wp\/v2\/categories?post=6508"},{"taxonomy":"post_tag","embeddable":true,"href":"https:\/\/monde25.info\/index.php\/wp-json\/wp\/v2\/tags?post=6508"}],"curies":[{"name":"wp","href":"https:\/\/api.w.org\/{rel}","templated":true}]}}