{"id":6521,"date":"2025-04-17T09:07:40","date_gmt":"2025-04-17T07:07:40","guid":{"rendered":"https:\/\/monde25.info\/index.php\/2025\/04\/17\/voitures-electriques-les-aides-a-lachat-divisees-par-2\/"},"modified":"2025-04-17T09:07:40","modified_gmt":"2025-04-17T07:07:40","slug":"voitures-electriques-les-aides-a-lachat-divisees-par-2","status":"publish","type":"post","link":"https:\/\/monde25.info\/index.php\/2025\/04\/17\/voitures-electriques-les-aides-a-lachat-divisees-par-2\/","title":{"rendered":"Voitures \u00e9lectriques\u00a0: les aides \u00e0 l&#039;achat divis\u00e9es par 2"},"content":{"rendered":"<p> <br \/>\n<br \/><img loading=\"lazy\" decoding=\"async\" src=\"https:\/\/reporterre.net\/local\/cache-vignettes\/L700xH467\/ernest-ojeh-aeytuoe1tkc-unsplash_1_-b3096.jpg?1744858801\" class=\"spip_logo\" width=\"700\" height=\"467\" alt=\"\" \/><\/p>\n<p>Les aides pour l&rsquo;achat d&rsquo;une voiture \u00e9lectrique ont \u00e9t\u00e9 divis\u00e9es par deux entre 2024 et 2025. Selon une \u00e9tude de l&rsquo;association de consommateurs <span class=\"caps\">UFC<\/span>-Que choisir, publi\u00e9e le 17\u00a0avril, le soutien financier pour l&rsquo;acquisition d&rsquo;un v\u00e9hicule \u00e9lectrique est pass\u00e9 de 1,5\u00a0milliard d&rsquo;euros en 2024 \u00e0 700\u00a0millions d&rsquo;euros en 2025. Cette chute \u00ab<small class=\"fine d-inline\">\u00a0<\/small>compromet s\u00e9rieusement leur accessibilit\u00e9 pour les m\u00e9nages, notamment les plus modestes<small class=\"fine d-inline\">\u00a0<\/small>\u00bb, explique l&rsquo;association dans un communiqu\u00e9 de presse. <br class=\"autobr\" \/><br \/>\nSelon les\u00a0(\u2026)<\/p>\n<p>                    <a target=\"_blank\" href=\"https:\/\/reporterre.net\/Voitures-electriques-les-aides-a-l-achat-divisees-par-2?utm_source=RSS&amp;utm_medium=RSS\">Lire la suite<\/a><\/p>\n<p>                    &#8211;<br \/>\n                        <a target=\"_blank\" href=\"https:\/\/reporterre.net\/Breves-20\" rel=\"directory\">En bref<\/a><\/p>\n<p>                    \/<br \/>\n                        <a target=\"_blank\" href=\"https:\/\/reporterre.net\/Transports\" rel=\"tag\">Transports<\/a><br \/>\n<br \/><br \/>\n<br \/><a href=\"https:\/\/reporterre.net\/Voitures-electriques-les-aides-a-l-achat-divisees-par-2\" target=\"_blank\"\">Source link <\/a><\/p>\n","protected":false},"excerpt":{"rendered":"<p>Les aides pour l&rsquo;achat d&rsquo;une voiture \u00e9lectrique ont \u00e9t\u00e9 divis\u00e9es par deux entre 2024 et 2025. Selon une \u00e9tude de l&rsquo;association de consommateurs UFC-Que choisir, publi\u00e9e le 17\u00a0avril, le soutien&hellip; <\/p>\n","protected":false},"author":1,"featured_media":0,"comment_status":"open","ping_status":"open","sticky":false,"template":"","format":"standard","meta":{"footnotes":""},"categories":[1],"tags":[],"class_list":["post-6521","post","type-post","status-publish","format-standard","hentry","category-non-classe"],"_links":{"self":[{"href":"https:\/\/monde25.info\/index.php\/wp-json\/wp\/v2\/posts\/6521","targetHints":{"allow":["GET"]}}],"collection":[{"href":"https:\/\/monde25.info\/index.php\/wp-json\/wp\/v2\/posts"}],"about":[{"href":"https:\/\/monde25.info\/index.php\/wp-json\/wp\/v2\/types\/post"}],"author":[{"embeddable":true,"href":"https:\/\/monde25.info\/index.php\/wp-json\/wp\/v2\/users\/1"}],"replies":[{"embeddable":true,"href":"https:\/\/monde25.info\/index.php\/wp-json\/wp\/v2\/comments?post=6521"}],"version-history":[{"count":0,"href":"https:\/\/monde25.info\/index.php\/wp-json\/wp\/v2\/posts\/6521\/revisions"}],"wp:attachment":[{"href":"https:\/\/monde25.info\/index.php\/wp-json\/wp\/v2\/media?parent=6521"}],"wp:term":[{"taxonomy":"category","embeddable":true,"href":"https:\/\/monde25.info\/index.php\/wp-json\/wp\/v2\/categories?post=6521"},{"taxonomy":"post_tag","embeddable":true,"href":"https:\/\/monde25.info\/index.php\/wp-json\/wp\/v2\/tags?post=6521"}],"curies":[{"name":"wp","href":"https:\/\/api.w.org\/{rel}","templated":true}]}}