{"id":6528,"date":"2025-04-17T11:19:51","date_gmt":"2025-04-17T09:19:51","guid":{"rendered":"https:\/\/monde25.info\/index.php\/2025\/04\/17\/conflit-dans-lest-de-la-rdc-le-mediateur-de-lunion-africaine-est-arrive-a-kinshasa\/"},"modified":"2025-04-17T11:19:51","modified_gmt":"2025-04-17T09:19:51","slug":"conflit-dans-lest-de-la-rdc-le-mediateur-de-lunion-africaine-est-arrive-a-kinshasa","status":"publish","type":"post","link":"https:\/\/monde25.info\/index.php\/2025\/04\/17\/conflit-dans-lest-de-la-rdc-le-mediateur-de-lunion-africaine-est-arrive-a-kinshasa\/","title":{"rendered":"Conflit dans l\u2019est de la RDC: le m\u00e9diateur de l&rsquo;Union africaine est arriv\u00e9 \u00e0 Kinshasa"},"content":{"rendered":"<p> <br \/>\n<\/p>\n<div itemscope=\"\" itemtype=\"https:\/\/schema.org\/Article\">\n<p>https:\/\/fr.sputniknews.africa\/20250417\/conflit-dans-lest-de-la-rdc-le-mediateur-de-lunion-africaine-est-arrive-a-kinshasa-1071978614.html<\/p>\n<p><a target=\"_blank\" itemprop=\"url\" href=\"https:\/\/fr.sputniknews.africa\/20250417\/conflit-dans-lest-de-la-rdc-le-mediateur-de-lunion-africaine-est-arrive-a-kinshasa-1071978614.html\" title=\"Conflit dans l\u2019est de la RDC: le m\u00e9diateur de l'Union africaine est arriv\u00e9 \u00e0 Kinshasa\"\/><\/p>\n<p>Conflit dans l\u2019est de la RDC: le m\u00e9diateur de l&rsquo;Union africaine est arriv\u00e9 \u00e0 Kinshasa<\/p>\n<p>Conflit dans l\u2019est de la RDC: le m\u00e9diateur de l&rsquo;Union africaine est arriv\u00e9 \u00e0 Kinshasa<\/p>\n<p>Sputnik Afrique<\/p>\n<p>Le Pr\u00e9sident F\u00e9lix Tshisekedi a re\u00e7u ce jeudi son homologue togolais, le nouveau m\u00e9diateur de l\u2019UA sur le conflit s\u00e9curitaire dans l\u2019est de la RDC. 17.04.2025, Sputnik Afrique<\/p>\n<p>2025-04-17T08:12+0200<\/p>\n<p>2025-04-17T08:12+0200<\/p>\n<p>2025-04-17T08:12+0200<\/p>\n<p>kinshasa<\/p>\n<p>minist\u00e8re de la sant\u00e9 (rdc)<\/p>\n<p>togo<\/p>\n<p>angola<\/p>\n<p>f\u00e9lix tshisekedi<\/p>\n<p>https:\/\/cdn1.img.sputniknews.africa\/img\/07e9\/04\/11\/1071978450_0:0:1080:608_1920x0_80_0_0_caaf472de0ced03b78acb24f32a80005.jpg<\/p>\n<p>Faure Gnassingb\u00e9 est arriv\u00e9 mercredi en d\u00e9but de soir\u00e9e \u00e0 Kinshasa, apr\u00e8s une escale \u00e0 Luanda o\u00f9 il a eu un t\u00eate-\u00e0-t\u00eate avec le Pr\u00e9sident angolais. La question de \u00ab\u00a0paix et s\u00e9curit\u00e9 en RDC\u00a0\u00bb a \u00e9t\u00e9 \u00e9voqu\u00e9e, pr\u00e9cise le site Actualit\u00e9s.cd.Le Pr\u00e9sident togolais Faure Gnassingb\u00e9 a accept\u00e9 d&rsquo;\u00eatre le nouveau m\u00e9diateur de l&rsquo;Union africaine dans le conflit dans l&rsquo;est de la R\u00e9publique d\u00e9mocratique du Congo, a annonc\u00e9 dimanche le gouvernement togolais. Il succ\u00e8de ainsi au chef de l&rsquo;\u00c9tat angolais Joao Louren\u00e7o, qui a renonc\u00e9 le mois dernier \u00e0 ce r\u00f4le qu&rsquo;il occupait depuis 2022, pour se concentrer sur sa mission comme pr\u00e9sident en exercice de l&rsquo;UA.<\/p>\n<p>kinshasa<\/p>\n<p>togo<\/p>\n<p>angola<\/p>\n<div itemprop=\"copyrightHolder\" itemscope=\"\" itemtype=\"http:\/\/schema.org\/Organization\">\n<p>Sputnik Afrique<\/p>\n<p><a target=\"_blank\" itemprop=\"url\" href=\"https:\/\/fr.sputniknews.africa\" title=\"Sputnik Afrique\"> <\/a><\/p>\n<p>feedback.fr@sputniknews.com<\/p>\n<p>+74956456601<\/p>\n<p>MIA \u201eRossiya Segodnya\u201c<\/p>\n<p><a target=\"_blank\" itemprop=\"sameAs\" href=\"https:\/\/t.me\/sputnik_afrique\"> <\/a><a target=\"_blank\" itemprop=\"sameAs\" href=\"https:\/\/t.me\/sputnik_africa\"> <\/a><a target=\"_blank\" itemprop=\"sameAs\" href=\"https:\/\/t.me\/sputnik_ethiopia\"> <\/a><a target=\"_blank\" itemprop=\"sameAs\" href=\"https:\/\/x.com\/sputnik_afrique\"> <\/a><a target=\"_blank\" itemprop=\"sameAs\" href=\"https:\/\/x.com\/sputnik_africa\"> <\/a><a target=\"_blank\" itemprop=\"sameAs\" href=\"https:\/\/x.com\/sputnik_ethio\"> <\/a><\/div>\n<p>2025<\/p>\n<div itemprop=\"creator\" itemscope=\"\" itemtype=\"http:\/\/schema.org\/Organization\">\n<p>Sputnik Afrique<\/p>\n<p><a target=\"_blank\" itemprop=\"url\" href=\"https:\/\/fr.sputniknews.africa\" title=\"Sputnik Afrique\"> <\/a><\/p>\n<p>feedback.fr@sputniknews.com<\/p>\n<p>+74956456601<\/p>\n<p>MIA \u201eRossiya Segodnya\u201c<\/p>\n<p><a target=\"_blank\" itemprop=\"sameAs\" href=\"https:\/\/t.me\/sputnik_afrique\"> <\/a><a target=\"_blank\" itemprop=\"sameAs\" href=\"https:\/\/t.me\/sputnik_africa\"> <\/a><a target=\"_blank\" itemprop=\"sameAs\" href=\"https:\/\/t.me\/sputnik_ethiopia\"> <\/a><a target=\"_blank\" itemprop=\"sameAs\" href=\"https:\/\/x.com\/sputnik_afrique\"> <\/a><a target=\"_blank\" itemprop=\"sameAs\" href=\"https:\/\/x.com\/sputnik_africa\"> <\/a><a target=\"_blank\" itemprop=\"sameAs\" href=\"https:\/\/x.com\/sputnik_ethio\"> <\/a><\/div>\n<p>Actus<\/p>\n<p>fr_FR<\/p>\n<div itemprop=\"sourceOrganization\" itemscope=\"\" itemtype=\"http:\/\/schema.org\/Organization\">\n<p>Sputnik Afrique<\/p>\n<p><a target=\"_blank\" itemprop=\"url\" href=\"https:\/\/fr.sputniknews.africa\" title=\"Sputnik Afrique\"> <\/a><\/p>\n<p>feedback.fr@sputniknews.com<\/p>\n<p>+74956456601<\/p>\n<p>MIA \u201eRossiya Segodnya\u201c<\/p>\n<p><a target=\"_blank\" itemprop=\"sameAs\" href=\"https:\/\/t.me\/sputnik_afrique\"> <\/a><a target=\"_blank\" itemprop=\"sameAs\" href=\"https:\/\/t.me\/sputnik_africa\"> <\/a><a target=\"_blank\" itemprop=\"sameAs\" href=\"https:\/\/t.me\/sputnik_ethiopia\"> <\/a><a target=\"_blank\" itemprop=\"sameAs\" href=\"https:\/\/x.com\/sputnik_afrique\"> <\/a><a target=\"_blank\" itemprop=\"sameAs\" href=\"https:\/\/x.com\/sputnik_africa\"> <\/a><a target=\"_blank\" itemprop=\"sameAs\" href=\"https:\/\/x.com\/sputnik_ethio\"> <\/a><\/div>\n<p><a target=\"_blank\" itemprop=\"thumbnailUrl\" href=\"https:\/\/cdn1.img.sputniknews.africa\/img\/07e9\/04\/11\/1071978450_0:0:1080:608_1920x0_80_0_0_caaf472de0ced03b78acb24f32a80005.jpg\"\/><a target=\"_blank\" itemprop=\"thumbnailUrl\" href=\"https:\/\/cdn1.img.sputniknews.africa\/img\/07e9\/04\/11\/1071978450_120:0:1080:720_1920x0_80_0_0_296ef7d8d3fa5a2c75e2b8d7b551e2a6.jpg\">https:\/\/cdn1.img.sputniknews.africa\/img\/07e9\/04\/11\/1071978450_120:0:1080:720_1920x0_80_0_0_296ef7d8d3fa5a2c75e2b8d7b551e2a6.jpg<\/a><a target=\"_blank\" itemprop=\"thumbnailUrl\" href=\"https:\/\/cdn1.img.sputniknews.africa\/img\/07e9\/04\/11\/1071978450_251:0:971:720_1920x0_80_0_0_96ddc6314d949bddb504bb414cb17917.jpg\" title=\"le Pr\u00e9sident de la R\u00e9publique du Togo et m\u00e9diateur d\u00e9sign\u00e9 par l\u2019Union africaine sur le conflit s\u00e9curitaire dans l\u2019Est de la RDC re\u00e7u par F\u00e9lix Antoine Tshisekedi \"\/><\/p>\n<div itemprop=\"publisher\" itemscope=\"\" itemtype=\"http:\/\/schema.org\/Organization\">\n<p>Sputnik Afrique<\/p>\n<p><a target=\"_blank\" itemprop=\"url\" href=\"https:\/\/fr.sputniknews.africa\" title=\"Sputnik Afrique\"> <\/a><\/p>\n<p>feedback.fr@sputniknews.com<\/p>\n<p>+74956456601<\/p>\n<p>MIA \u201eRossiya Segodnya\u201c<\/p>\n<p><a target=\"_blank\" itemprop=\"sameAs\" href=\"https:\/\/t.me\/sputnik_afrique\"> <\/a><a target=\"_blank\" itemprop=\"sameAs\" href=\"https:\/\/t.me\/sputnik_africa\"> <\/a><a target=\"_blank\" itemprop=\"sameAs\" href=\"https:\/\/t.me\/sputnik_ethiopia\"> <\/a><a target=\"_blank\" itemprop=\"sameAs\" href=\"https:\/\/x.com\/sputnik_afrique\"> <\/a><a target=\"_blank\" itemprop=\"sameAs\" href=\"https:\/\/x.com\/sputnik_africa\"> <\/a><a target=\"_blank\" itemprop=\"sameAs\" href=\"https:\/\/x.com\/sputnik_ethio\"> <\/a><\/div>\n<p>kinshasa, minist\u00e8re de la sant\u00e9 (rdc), togo, angola, f\u00e9lix tshisekedi<\/p>\n<div itemprop=\"about\" itemscope=\"\" itemtype=\"https:\/\/schema.org\/Thing\">\n<p>kinshasa, minist\u00e8re de la sant\u00e9 (rdc), togo, angola, f\u00e9lix tshisekedi<\/p>\n<\/div>\n<\/div>\n<div>\n<p>Le Pr\u00e9sident F\u00e9lix Tshisekedi a re\u00e7u ce jeudi son homologue togolais, le nouveau m\u00e9diateur de l\u2019UA sur le conflit s\u00e9curitaire dans l\u2019est de la RDC.<\/p>\n<\/div>\n<div>\n<div class=\"article__block\" data-type=\"text\">\n<p>Faure Gnassingb\u00e9 est arriv\u00e9 mercredi en d\u00e9but de soir\u00e9e \u00e0 Kinshasa, apr\u00e8s une escale \u00e0 Luanda o\u00f9 il a eu un t\u00eate-\u00e0-t\u00eate avec le Pr\u00e9sident angolais. La question de \u00ab\u00a0paix et s\u00e9curit\u00e9 en RDC\u00a0\u00bb a \u00e9t\u00e9 \u00e9voqu\u00e9e, pr\u00e9cise le site Actualit\u00e9s.cd.<\/p>\n<\/div>\n<div class=\"article__block\" data-type=\"social\">\n<div class=\"ria-tweet\">\n<blockquote class=\"twitter-tweet\" data-media-max-width=\"560\">\n<p lang=\"fr\" dir=\"ltr\">LE PR\u00c9SIDENT F\u00c9LIX TSHISEKEDI A RE\u00c7U CE JEUDI SON HOMOLOGUE FAURE GNASSINGB\u00c9, LE NOUVEAU M\u00c9DIATEUR DE L\u2019UA SUR LE CONFLIT S\u00c9CURITAIRE DANS L\u2019EST DE LA RDC<\/p>\n<p>Arriv\u00e9 ce jeudi en d\u00e9but de soir\u00e9e \u00e0 Kinshasa, apr\u00e8s une escale \u00e0 Luanda, le Pr\u00e9sident de la R\u00e9publique du Togo et m\u00e9diateur\u2026 <a target=\"_blank\" href=\"https:\/\/t.co\/0YD1xmEPn8\">pic.twitter.com\/0YD1xmEPn8<\/a><\/p>\n<p>\u2014 Godefroid kayemba (@godefroid072) <a target=\"_blank\" href=\"https:\/\/twitter.com\/godefroid072\/status\/1912738432515768694?ref_src=twsrc%5Etfw\">April 17, 2025<\/a><\/p><\/blockquote>\n<\/div>\n<\/div>\n<div class=\"article__block\" data-type=\"text\">\n<p>Le Pr\u00e9sident togolais Faure Gnassingb\u00e9 a accept\u00e9 d&rsquo;\u00eatre le nouveau m\u00e9diateur de l&rsquo;Union africaine dans le conflit dans l&rsquo;est de la R\u00e9publique d\u00e9mocratique du Congo, a annonc\u00e9 dimanche le gouvernement togolais. Il succ\u00e8de ainsi au chef de l&rsquo;\u00c9tat angolais Joao Louren\u00e7o, qui a renonc\u00e9 le mois dernier \u00e0 ce r\u00f4le qu&rsquo;il occupait depuis 2022, pour se concentrer sur sa mission comme pr\u00e9sident en exercice de l&rsquo;UA.<\/p>\n<\/div>\n<\/div>\n<p><script async src=\"\/\/platform.twitter.com\/widgets.js\" charset=\"utf-8\"><\/script><script async=\"async\" type=\"text\/plain\" class=\"_iub_cs_activate\" data-iub-purposes=\"3\" data-suppressedsrc=\"https:\/\/connect.facebook.net\/en_US\/sdk.js#xfbml=1&amp;version=v3.2\"><\/script><br \/>\n<br \/><br \/>\n<br \/><a href=\"https:\/\/fr.sputniknews.africa\/20250417\/conflit-dans-lest-de-la-rdc-le-mediateur-de-lunion-africaine-est-arrive-a-kinshasa-1071978614.html\" target=\"_blank\"\">Source link <\/a><\/p>\n","protected":false},"excerpt":{"rendered":"<p>https:\/\/fr.sputniknews.africa\/20250417\/conflit-dans-lest-de-la-rdc-le-mediateur-de-lunion-africaine-est-arrive-a-kinshasa-1071978614.html Conflit dans l\u2019est de la RDC: le m\u00e9diateur de l&rsquo;Union africaine est arriv\u00e9 \u00e0 Kinshasa Conflit dans l\u2019est de la RDC: le m\u00e9diateur de l&rsquo;Union africaine est arriv\u00e9 \u00e0&hellip; <\/p>\n","protected":false},"author":1,"featured_media":6529,"comment_status":"open","ping_status":"open","sticky":false,"template":"","format":"standard","meta":{"footnotes":""},"categories":[1],"tags":[],"class_list":["post-6528","post","type-post","status-publish","format-standard","has-post-thumbnail","hentry","category-non-classe"],"_links":{"self":[{"href":"https:\/\/monde25.info\/index.php\/wp-json\/wp\/v2\/posts\/6528","targetHints":{"allow":["GET"]}}],"collection":[{"href":"https:\/\/monde25.info\/index.php\/wp-json\/wp\/v2\/posts"}],"about":[{"href":"https:\/\/monde25.info\/index.php\/wp-json\/wp\/v2\/types\/post"}],"author":[{"embeddable":true,"href":"https:\/\/monde25.info\/index.php\/wp-json\/wp\/v2\/users\/1"}],"replies":[{"embeddable":true,"href":"https:\/\/monde25.info\/index.php\/wp-json\/wp\/v2\/comments?post=6528"}],"version-history":[{"count":0,"href":"https:\/\/monde25.info\/index.php\/wp-json\/wp\/v2\/posts\/6528\/revisions"}],"wp:featuredmedia":[{"embeddable":true,"href":"https:\/\/monde25.info\/index.php\/wp-json\/wp\/v2\/media\/6529"}],"wp:attachment":[{"href":"https:\/\/monde25.info\/index.php\/wp-json\/wp\/v2\/media?parent=6528"}],"wp:term":[{"taxonomy":"category","embeddable":true,"href":"https:\/\/monde25.info\/index.php\/wp-json\/wp\/v2\/categories?post=6528"},{"taxonomy":"post_tag","embeddable":true,"href":"https:\/\/monde25.info\/index.php\/wp-json\/wp\/v2\/tags?post=6528"}],"curies":[{"name":"wp","href":"https:\/\/api.w.org\/{rel}","templated":true}]}}